{"id":20609,"date":"2022-12-12T19:09:35","date_gmt":"2022-12-12T22:09:35","guid":{"rendered":"https:\/\/www.jornaldaconstrucaocivil.com.br\/?p=20609"},"modified":"2022-12-12T19:11:40","modified_gmt":"2022-12-12T22:11:40","slug":"brasil-volta-a-respirar-democracia-tse-entrega-diplomas-de-presidente-e-vice-presidente-da-republica-a-lula-e-alckmin","status":"publish","type":"post","link":"https:\/\/construcaocivil.siriusmarketingedesign.com.br\/?p=20609","title":{"rendered":"Brasil volta a respirar democracia: TSE entrega diplomas de presidente e vice-presidente da Rep\u00fablica a Lula e Alckmin"},"content":{"rendered":"<p>Boletim TSE<\/p>\n<p>O presidente do Tribunal Superior Eleitoral (TSE), ministro Alexandre de Moraes, entregou nesta segunda-feira (12) os diplomas de presidente e vice-presidente da Rep\u00fablica a Luiz In\u00e1cio Lula da Silva e Geraldo Alckmin, respectivamente, eleitos no dia 30 de outubro, em segundo turno, para o mandato 2023-2026. Os documentos os habilitam a tomar posse nos cargos no dia 1\u00ba de janeiro.<\/p>\n<p>A sess\u00e3o solene destinada \u00e0 diploma\u00e7\u00e3o dos eleitos foi aberta por Moraes no in\u00edcio da tarde. Em seguida, os ministros da Casa Ricardo Lewandowski e Benedito Gon\u00e7alves conduziram Lula ao Plen\u00e1rio, e, logo ap\u00f3s, Alckmin foi conduzido pelos ministros C\u00e1rmen L\u00facia e Raul Ara\u00fajo. Depois, houve a execu\u00e7\u00e3o do Hino Nacional pela Fanfarra do 1\u00ba Regimento da Cavalaria de Guardas regida pelo Tenente Cl\u00e1udio Marcio Ara\u00fajo da Luz.<\/p>\n<p>Ap\u00f3s a execu\u00e7\u00e3o do Hino, Moraes entregou o diploma a Lula, com os seguintes dizeres: \u201cPela vontade do povo brasileiro expressa nas urnas em 30 de outubro de 2022, o candidato pela coliga\u00e7\u00e3o Brasil da Esperan\u00e7a, Luiz In\u00e1cio Lula da Silva, foi eleito presidente da Rep\u00fablica Federativa do Brasil. Em testemunho desse fato, a Justi\u00e7a Eleitoral expediu-lhe este diploma, que o habilita \u00e0 investidura no cargo perante o Congresso Nacional em 1\u00ba de janeiro de 2023, nos termos da Constitui\u00e7\u00e3o Federal. Bras\u00edlia, 12 de dezembro de 2022, no 201\u00ba ano da Independ\u00eancia e 134\u00ba ano da Rep\u00fablica\u201d. O presidente do TSE tamb\u00e9m entregou o respectivo diploma a Alckmin.<\/p>\n<p>Al\u00e9m de Moraes, participaram da mesa de honra da cerim\u00f4nia de diploma\u00e7\u00e3o a presidente do Supremo Tribunal Federal (STF), ministra Rosa Weber; os presidentes do Senado Federal, Rodrigo Pacheco, e da C\u00e2mara dos Deputados, Arthur Lira; o vice-presidente do TSE, ministro Ricardo Lewandowski; os ministros da Corte C\u00e1rmen L\u00facia, Benedito Gon\u00e7alves, Raul Ara\u00fajo, S\u00e9rgio Banhos e Carlos Horbach; o procurador-geral eleitoral, Augusto Aras; e o presidente do Conselho Federal da OAB, Beto Simonetti.<\/p>\n<p>JL, LC\/CM, DM<\/p>\n","protected":false},"excerpt":{"rendered":"<p>Boletim TSE O presidente do Tribunal Superior Eleitoral (TSE), ministro Alexandre de Moraes, entregou nesta segunda-feira (12) os diplomas de presidente e vice-presidente da Rep\u00fablica a Luiz In\u00e1cio Lula da Silva e Geraldo Alckmin, respectivamente, eleitos no dia 30 de outubro, em segundo turno, para o mandato 2023-2026. Os documentos os habilitam a tomar posse [&hellip;]<\/p>\n","protected":false},"author":1,"featured_media":20610,"comment_status":"open","ping_status":"open","sticky":false,"template":"","format":"standard","meta":{"_uag_custom_page_level_css":"","footnotes":""},"categories":[27],"tags":[24611,24612,20578,24610],"class_list":["post-20609","post","type-post","status-publish","format-standard","has-post-thumbnail","hentry","category-acontece","tag-alexandre-de-moraes-presidente-do-tse","tag-diploma-de-lula","tag-eleicoes-2022","tag-tse-posse-de-lula"],"blocksy_meta":[],"spectra_blocks_featured_image_url":{"thumbnail":{"url":"https:\/\/construcaocivil.siriusmarketingedesign.com.br\/wp-content\/uploads\/2022\/12\/9a3db7b9-f335-49fe-8ab5-7a592e7e16f4-150x150.jpeg","width":150,"height":150},"medium":{"url":"https:\/\/construcaocivil.siriusmarketingedesign.com.br\/wp-content\/uploads\/2022\/12\/9a3db7b9-f335-49fe-8ab5-7a592e7e16f4-300x145.jpeg","width":300,"height":145},"medium_large":{"url":"https:\/\/construcaocivil.siriusmarketingedesign.com.br\/wp-content\/uploads\/2022\/12\/9a3db7b9-f335-49fe-8ab5-7a592e7e16f4.jpeg","width":620,"height":300},"large":{"url":"https:\/\/construcaocivil.siriusmarketingedesign.com.br\/wp-content\/uploads\/2022\/12\/9a3db7b9-f335-49fe-8ab5-7a592e7e16f4.jpeg","width":620,"height":300},"full":{"url":"https:\/\/construcaocivil.siriusmarketingedesign.com.br\/wp-content\/uploads\/2022\/12\/9a3db7b9-f335-49fe-8ab5-7a592e7e16f4.jpeg","width":620,"height":300}},"spectra_blocks_author_info":{"display_name":"Jornal da Constru\u00e7\u00e3o Civil","avatar_url":"https:\/\/secure.gravatar.com\/avatar\/973c9774fd44ddaceb026973c4962faa70fc512bc4c9da68e8ebb40fecee6540?s=96&d=mm&r=g","author_link":"https:\/\/construcaocivil.siriusmarketingedesign.com.br\/?author=1","description":"Desde de 2013, levando muitas informa\u00e7\u00f5es, lan\u00e7amentos e produtos de qualidade para toda cadeia produtiva da constru\u00e7\u00e3o. O Futuro da constru\u00e7\u00e3o passa por aqui,"},"uagb_featured_image_src":{"full":["https:\/\/construcaocivil.siriusmarketingedesign.com.br\/wp-content\/uploads\/2022\/12\/9a3db7b9-f335-49fe-8ab5-7a592e7e16f4.jpeg",620,300,false],"thumbnail":["https:\/\/construcaocivil.siriusmarketingedesign.com.br\/wp-content\/uploads\/2022\/12\/9a3db7b9-f335-49fe-8ab5-7a592e7e16f4-150x150.jpeg",150,150,true],"medium":["https:\/\/construcaocivil.siriusmarketingedesign.com.br\/wp-content\/uploads\/2022\/12\/9a3db7b9-f335-49fe-8ab5-7a592e7e16f4-300x145.jpeg",300,145,true],"medium_large":["https:\/\/construcaocivil.siriusmarketingedesign.com.br\/wp-content\/uploads\/2022\/12\/9a3db7b9-f335-49fe-8ab5-7a592e7e16f4.jpeg",620,300,false],"large":["https:\/\/construcaocivil.siriusmarketingedesign.com.br\/wp-content\/uploads\/2022\/12\/9a3db7b9-f335-49fe-8ab5-7a592e7e16f4.jpeg",620,300,false],"1536x1536":["https:\/\/construcaocivil.siriusmarketingedesign.com.br\/wp-content\/uploads\/2022\/12\/9a3db7b9-f335-49fe-8ab5-7a592e7e16f4.jpeg",620,300,false],"2048x2048":["https:\/\/construcaocivil.siriusmarketingedesign.com.br\/wp-content\/uploads\/2022\/12\/9a3db7b9-f335-49fe-8ab5-7a592e7e16f4.jpeg",620,300,false]},"uagb_author_info":{"display_name":"Jornal da Constru\u00e7\u00e3o Civil","author_link":"https:\/\/construcaocivil.siriusmarketingedesign.com.br\/?author=1"},"uagb_comment_info":0,"uagb_excerpt":"Boletim TSE O presidente do Tribunal Superior Eleitoral (TSE), ministro Alexandre de Moraes, entregou nesta segunda-feira (12) os diplomas de presidente e vice-presidente da Rep\u00fablica a Luiz In\u00e1cio Lula da Silva e Geraldo Alckmin, respectivamente, eleitos no dia 30 de outubro, em segundo turno, para o mandato 2023-2026. Os documentos os habilitam a tomar posse&hellip;","_links":{"self":[{"href":"https:\/\/construcaocivil.siriusmarketingedesign.com.br\/index.php?rest_route=\/wp\/v2\/posts\/20609","targetHints":{"allow":["GET"]}}],"collection":[{"href":"https:\/\/construcaocivil.siriusmarketingedesign.com.br\/index.php?rest_route=\/wp\/v2\/posts"}],"about":[{"href":"https:\/\/construcaocivil.siriusmarketingedesign.com.br\/index.php?rest_route=\/wp\/v2\/types\/post"}],"author":[{"embeddable":true,"href":"https:\/\/construcaocivil.siriusmarketingedesign.com.br\/index.php?rest_route=\/wp\/v2\/users\/1"}],"replies":[{"embeddable":true,"href":"https:\/\/construcaocivil.siriusmarketingedesign.com.br\/index.php?rest_route=%2Fwp%2Fv2%2Fcomments&post=20609"}],"version-history":[{"count":0,"href":"https:\/\/construcaocivil.siriusmarketingedesign.com.br\/index.php?rest_route=\/wp\/v2\/posts\/20609\/revisions"}],"wp:featuredmedia":[{"embeddable":true,"href":"https:\/\/construcaocivil.siriusmarketingedesign.com.br\/index.php?rest_route=\/wp\/v2\/media\/20610"}],"wp:attachment":[{"href":"https:\/\/construcaocivil.siriusmarketingedesign.com.br\/index.php?rest_route=%2Fwp%2Fv2%2Fmedia&parent=20609"}],"wp:term":[{"taxonomy":"category","embeddable":true,"href":"https:\/\/construcaocivil.siriusmarketingedesign.com.br\/index.php?rest_route=%2Fwp%2Fv2%2Fcategories&post=20609"},{"taxonomy":"post_tag","embeddable":true,"href":"https:\/\/construcaocivil.siriusmarketingedesign.com.br\/index.php?rest_route=%2Fwp%2Fv2%2Ftags&post=20609"}],"curies":[{"name":"wp","href":"https:\/\/api.w.org\/{rel}","templated":true}]}}