{"id":20631,"date":"2022-12-20T15:30:11","date_gmt":"2022-12-20T18:30:11","guid":{"rendered":"https:\/\/www.jornaldaconstrucaocivil.com.br\/?p=20631"},"modified":"2022-12-20T15:30:11","modified_gmt":"2022-12-20T18:30:11","slug":"produtos-eletricos-e-de-iluminacao-deixam-a-casa-mais-segura-nas-ferias","status":"publish","type":"post","link":"https:\/\/construcaocivil.siriusmarketingedesign.com.br\/?p=20631","title":{"rendered":"Produtos el\u00e9tricos e de ilumina\u00e7\u00e3o deixam a casa mais segura nas f\u00e9rias"},"content":{"rendered":"<p style=\"text-align: justify;\">Seguran\u00e7a n\u00e3o tira f\u00e9rias e todo cuidado \u00e9 pouco para proteger os im\u00f3veis durante o per\u00edodo de viagem e descanso do trabalho ou da escola. Com as altas temperaturas do ver\u00e3o, a tend\u00eancia \u00e9 o maior uso de equipamentos alimentados por energia el\u00e9trica, como condicionadores de ar, ventiladores, geladeiras e freezers. Incluem-se nesta lista as novas tecnologias inteligentes, que precisam estar ligadas o tempo todo para serem acionadas remotamente.<\/p>\n<p style=\"text-align: justify;\">\n<p style=\"text-align: justify;\">Para n\u00e3o sobrecarregar as instala\u00e7\u00f5es el\u00e9tricas, muitos im\u00f3veis precisam de atualiza\u00e7\u00e3o e, para isso, vale consultar um profissional habilitado. &#8220;A contrata\u00e7\u00e3o de um eletricista \u00e9 importante para melhorar a infraestrutura el\u00e9trica existente no im\u00f3vel, bem como para distribuir a carga adicional em novos circuitos de tomadas e de ilumina\u00e7\u00e3o. Assim, a instala\u00e7\u00e3o ser\u00e1 mais segura durante as f\u00e9rias&#8221;, comenta Andr\u00e9 de Lima, Diretor Executivo da f\u00e1brica de materiais el\u00e9tricos da Tramontina.<\/p>\n<figure id=\"attachment_20633\" aria-describedby=\"caption-attachment-20633\" style=\"width: 300px\" class=\"wp-caption alignleft\"><img loading=\"lazy\" decoding=\"async\" class=\"size-medium wp-image-20633\" src=\"https:\/\/www.jornaldaconstrucaocivil.com.br\/wp-content\/uploads\/2022\/12\/4f6baf59-ec6b-4d25-9985-a9fea5d970e0-300x201.jpg\" alt=\"\" width=\"300\" height=\"201\" srcset=\"https:\/\/construcaocivil.siriusmarketingedesign.com.br\/wp-content\/uploads\/2022\/12\/4f6baf59-ec6b-4d25-9985-a9fea5d970e0-300x201.jpg 300w, https:\/\/construcaocivil.siriusmarketingedesign.com.br\/wp-content\/uploads\/2022\/12\/4f6baf59-ec6b-4d25-9985-a9fea5d970e0-1024x686.jpg 1024w, https:\/\/construcaocivil.siriusmarketingedesign.com.br\/wp-content\/uploads\/2022\/12\/4f6baf59-ec6b-4d25-9985-a9fea5d970e0-768x514.jpg 768w, https:\/\/construcaocivil.siriusmarketingedesign.com.br\/wp-content\/uploads\/2022\/12\/4f6baf59-ec6b-4d25-9985-a9fea5d970e0-1536x1029.jpg 1536w, https:\/\/construcaocivil.siriusmarketingedesign.com.br\/wp-content\/uploads\/2022\/12\/4f6baf59-ec6b-4d25-9985-a9fea5d970e0.jpg 1772w\" sizes=\"auto, (max-width: 300px) 100vw, 300px\" \/><figcaption id=\"caption-attachment-20633\" class=\"wp-caption-text\">Divulga\u00e7\u00e3o<\/figcaption><\/figure>\n<p style=\"text-align: justify;\">Uma instala\u00e7\u00e3o el\u00e9trica precisa produtos que proporcionam seguran\u00e7a \u00e0s pessoas e aos im\u00f3veis, tanto nas f\u00e9rias como ao longo do ano. A Tramontina lista tr\u00eas dispositivos que os eletricistas recomendam, pois eles t\u00eam a fun\u00e7\u00e3o de proteger a instala\u00e7\u00e3o contra sobrecargas, curtos-circuitos e at\u00e9 inc\u00eandios:<\/p>\n<p style=\"text-align: justify;\">\n<p style=\"text-align: justify;\">\u00b7\u00a0\u00a0\u00a0\u00a0\u00a0\u00a0<strong>Disjuntor \u2013<\/strong>\u00a0serve para proteger a instala\u00e7\u00e3o el\u00e9trica e a desliga em caso de curto-circuito ou sobrecarga;<\/p>\n<p style=\"text-align: justify;\">\u00b7\u00a0\u00a0\u00a0\u00a0\u00a0\u00a0<strong>DR (dispositivo diferencial residual) \u2013<\/strong>\u00a0sua fun\u00e7\u00e3o \u00e9 desligar o circuito el\u00e9trico quando h\u00e1 fugas de corrente de baixa intensidade;<\/p>\n<p style=\"text-align: justify;\">\u00b7\u00a0\u00a0\u00a0\u00a0\u00a0\u00a0<strong>DPS (dispositivo de prote\u00e7\u00e3o contra surto)\u00a0<\/strong>\u2013 ao contr\u00e1rio do que muitos pensam, sua fun\u00e7\u00e3o n\u00e3o \u00e9 s\u00f3 a de proteger contra os raios (descargas atmosf\u00e9ricas). Esse equipamento detecta sobretens\u00f5es de curta dura\u00e7\u00e3o que podem entrar pela rede el\u00e9trica, linha telef\u00f4nica e circuito de antena de TV, desviando as correntes de surto para a terra.<\/p>\n<p style=\"text-align: justify;\">\n<p style=\"text-align: justify;\"><strong>Ilumina\u00e7\u00e3o inteligente n\u00e3o deixa a casa no escuro<\/strong><\/p>\n<p style=\"text-align: justify;\">Casa vazia, oportunidade para ladr\u00e3o. Muitas pessoas deixam a ilumina\u00e7\u00e3o acesa durante as f\u00e9rias, visando evitar invas\u00f5es, furtos e roubos enquanto est\u00e3o fora do im\u00f3vel. Uma solu\u00e7\u00e3o pr\u00e1tica para estes casos \u00e9 a ado\u00e7\u00e3o de equipamentos acionados \u00e0 dist\u00e2ncia. &#8220;As solu\u00e7\u00f5es inteligentes permitem acender e apagar as luzes com um simples comando de voz ou um toque no celular&#8221;, informa o executivo da Tramontina.<\/p>\n<p style=\"text-align: justify;\">\n<p style=\"text-align: justify;\">A empresa disp\u00f5e de l\u00e2mpadas, plafons e spots da linha SmartLED, acionados por meio de aplicativo e conex\u00e3o Wi-Fi. Todos possuem a fun\u00e7\u00e3o de geolocaliza\u00e7\u00e3o, que permite configura\u00e7\u00f5es segundo a rotina desejada e agendamento dos hor\u00e1rios de funcionamento da ilumina\u00e7\u00e3o. A ilumina\u00e7\u00e3o inteligente tem outra vantagem: traz economia e baixo consumo de energia, uma vez que as l\u00e2mpadas com a tecnologia LED s\u00e3o mais econ\u00f4micas do que as tradicionais.<\/p>\n","protected":false},"excerpt":{"rendered":"<p>Seguran\u00e7a n\u00e3o tira f\u00e9rias e todo cuidado \u00e9 pouco para proteger os im\u00f3veis durante o per\u00edodo de viagem e descanso do trabalho ou da escola. Com as altas temperaturas do ver\u00e3o, a tend\u00eancia \u00e9 o maior uso de equipamentos alimentados por energia el\u00e9trica, como condicionadores de ar, ventiladores, geladeiras e freezers. Incluem-se nesta lista as [&hellip;]<\/p>\n","protected":false},"author":1,"featured_media":20632,"comment_status":"open","ping_status":"open","sticky":false,"template":"","format":"standard","meta":{"_uag_custom_page_level_css":"","footnotes":""},"categories":[12591],"tags":[24626,5003,9990,24625],"class_list":["post-20631","post","type-post","status-publish","format-standard","has-post-thumbnail","hentry","category-produtos","tag-casa-cuidados-com-fios-e-tomadas","tag-festas-de-natal","tag-rede-eletrica","tag-tramontinas-produtos-eletricos"],"blocksy_meta":[],"spectra_blocks_featured_image_url":{"thumbnail":{"url":"https:\/\/construcaocivil.siriusmarketingedesign.com.br\/wp-content\/uploads\/2022\/12\/c679f762-1860-47f3-a98a-3b3bef1d1a80-150x150.jpg","width":150,"height":150},"medium":{"url":"https:\/\/construcaocivil.siriusmarketingedesign.com.br\/wp-content\/uploads\/2022\/12\/c679f762-1860-47f3-a98a-3b3bef1d1a80-300x200.jpg","width":300,"height":200},"medium_large":{"url":"https:\/\/construcaocivil.siriusmarketingedesign.com.br\/wp-content\/uploads\/2022\/12\/c679f762-1860-47f3-a98a-3b3bef1d1a80-768x512.jpg","width":768,"height":512},"large":{"url":"https:\/\/construcaocivil.siriusmarketingedesign.com.br\/wp-content\/uploads\/2022\/12\/c679f762-1860-47f3-a98a-3b3bef1d1a80-1024x682.jpg","width":1024,"height":682},"full":{"url":"https:\/\/construcaocivil.siriusmarketingedesign.com.br\/wp-content\/uploads\/2022\/12\/c679f762-1860-47f3-a98a-3b3bef1d1a80.jpg","width":1772,"height":1181}},"spectra_blocks_author_info":{"display_name":"Jornal da Constru\u00e7\u00e3o Civil","avatar_url":"https:\/\/secure.gravatar.com\/avatar\/973c9774fd44ddaceb026973c4962faa70fc512bc4c9da68e8ebb40fecee6540?s=96&d=mm&r=g","author_link":"https:\/\/construcaocivil.siriusmarketingedesign.com.br\/?author=1","description":"Desde de 2013, levando muitas informa\u00e7\u00f5es, lan\u00e7amentos e produtos de qualidade para toda cadeia produtiva da constru\u00e7\u00e3o. O Futuro da constru\u00e7\u00e3o passa por aqui,"},"uagb_featured_image_src":{"full":["https:\/\/construcaocivil.siriusmarketingedesign.com.br\/wp-content\/uploads\/2022\/12\/c679f762-1860-47f3-a98a-3b3bef1d1a80.jpg",1772,1181,false],"thumbnail":["https:\/\/construcaocivil.siriusmarketingedesign.com.br\/wp-content\/uploads\/2022\/12\/c679f762-1860-47f3-a98a-3b3bef1d1a80-150x150.jpg",150,150,true],"medium":["https:\/\/construcaocivil.siriusmarketingedesign.com.br\/wp-content\/uploads\/2022\/12\/c679f762-1860-47f3-a98a-3b3bef1d1a80-300x200.jpg",300,200,true],"medium_large":["https:\/\/construcaocivil.siriusmarketingedesign.com.br\/wp-content\/uploads\/2022\/12\/c679f762-1860-47f3-a98a-3b3bef1d1a80-768x512.jpg",768,512,true],"large":["https:\/\/construcaocivil.siriusmarketingedesign.com.br\/wp-content\/uploads\/2022\/12\/c679f762-1860-47f3-a98a-3b3bef1d1a80-1024x682.jpg",1024,682,true],"1536x1536":["https:\/\/construcaocivil.siriusmarketingedesign.com.br\/wp-content\/uploads\/2022\/12\/c679f762-1860-47f3-a98a-3b3bef1d1a80-1536x1024.jpg",1536,1024,true],"2048x2048":["https:\/\/construcaocivil.siriusmarketingedesign.com.br\/wp-content\/uploads\/2022\/12\/c679f762-1860-47f3-a98a-3b3bef1d1a80.jpg",1772,1181,false]},"uagb_author_info":{"display_name":"Jornal da Constru\u00e7\u00e3o Civil","author_link":"https:\/\/construcaocivil.siriusmarketingedesign.com.br\/?author=1"},"uagb_comment_info":0,"uagb_excerpt":"Seguran\u00e7a n\u00e3o tira f\u00e9rias e todo cuidado \u00e9 pouco para proteger os im\u00f3veis durante o per\u00edodo de viagem e descanso do trabalho ou da escola. Com as altas temperaturas do ver\u00e3o, a tend\u00eancia \u00e9 o maior uso de equipamentos alimentados por energia el\u00e9trica, como condicionadores de ar, ventiladores, geladeiras e freezers. Incluem-se nesta lista as&hellip;","_links":{"self":[{"href":"https:\/\/construcaocivil.siriusmarketingedesign.com.br\/index.php?rest_route=\/wp\/v2\/posts\/20631","targetHints":{"allow":["GET"]}}],"collection":[{"href":"https:\/\/construcaocivil.siriusmarketingedesign.com.br\/index.php?rest_route=\/wp\/v2\/posts"}],"about":[{"href":"https:\/\/construcaocivil.siriusmarketingedesign.com.br\/index.php?rest_route=\/wp\/v2\/types\/post"}],"author":[{"embeddable":true,"href":"https:\/\/construcaocivil.siriusmarketingedesign.com.br\/index.php?rest_route=\/wp\/v2\/users\/1"}],"replies":[{"embeddable":true,"href":"https:\/\/construcaocivil.siriusmarketingedesign.com.br\/index.php?rest_route=%2Fwp%2Fv2%2Fcomments&post=20631"}],"version-history":[{"count":0,"href":"https:\/\/construcaocivil.siriusmarketingedesign.com.br\/index.php?rest_route=\/wp\/v2\/posts\/20631\/revisions"}],"wp:featuredmedia":[{"embeddable":true,"href":"https:\/\/construcaocivil.siriusmarketingedesign.com.br\/index.php?rest_route=\/wp\/v2\/media\/20632"}],"wp:attachment":[{"href":"https:\/\/construcaocivil.siriusmarketingedesign.com.br\/index.php?rest_route=%2Fwp%2Fv2%2Fmedia&parent=20631"}],"wp:term":[{"taxonomy":"category","embeddable":true,"href":"https:\/\/construcaocivil.siriusmarketingedesign.com.br\/index.php?rest_route=%2Fwp%2Fv2%2Fcategories&post=20631"},{"taxonomy":"post_tag","embeddable":true,"href":"https:\/\/construcaocivil.siriusmarketingedesign.com.br\/index.php?rest_route=%2Fwp%2Fv2%2Ftags&post=20631"}],"curies":[{"name":"wp","href":"https:\/\/api.w.org\/{rel}","templated":true}]}}