{"id":20638,"date":"2022-12-21T20:13:31","date_gmt":"2022-12-21T23:13:31","guid":{"rendered":"https:\/\/www.jornaldaconstrucaocivil.com.br\/?p=20638"},"modified":"2022-12-21T20:26:19","modified_gmt":"2022-12-21T23:26:19","slug":"comida-empregos-e-minha-casa-minha-vida-em-2023-camara-aprova-pec-da-transicao-em-segundo-turno-texto-volta-ao-senado","status":"publish","type":"post","link":"https:\/\/construcaocivil.siriusmarketingedesign.com.br\/?p=20638","title":{"rendered":"Comida, Empregos e Minha Casa Minha Vida garantido em 2023: C\u00e2mara aprova PEC da Transi\u00e7\u00e3o em segundo turno; texto volta ao Senado"},"content":{"rendered":"<p style=\"text-align: justify;\">A C\u00e2mara dos Deputados aprovou, em dois turnos, a PEC da Transi\u00e7\u00e3o (PEC 32\/22), que permite ao novo governo deixar de fora do teto de gastos R$ 145 bilh\u00f5es no or\u00e7amento de 2023 para bancar despesas como o Bolsa Fam\u00edlia, o Aux\u00edlio G\u00e1s, a Farm\u00e1cia Popular e outros. Devido \u00e0s mudan\u00e7as no texto, a proposta retorna para nova vota\u00e7\u00e3o dos senadores.<\/p>\n<p style=\"text-align: justify;\">De acordo com o texto aprovado, um <span id=\"4098\" class=\"termoGlossario\" title=\"\" contenteditable=\"false\" data-toggle=\"tooltip\" data-placement=\"top\" data-original-title=\"Nome que se d\u00e1 ao texto que altera substancialmente o conte\u00fado original da proposta. O substitutivo \u00e9 apresentado pelo relator e tem prefer\u00eancia na vota\u00e7\u00e3o sobre o projeto original.\">substitutivo<\/span> do deputado <a href=\"https:\/\/www.camara.leg.br\/deputados\/178854\">Elmar Nascimento (Uni\u00e3o-BA)<\/a>, esse espa\u00e7o or\u00e7ament\u00e1rio n\u00e3o valer\u00e1 para 2024 como constava da PEC original de autoria do Senado.<\/p>\n<div id=\"image-container-930985\" class=\"image-container\" style=\"text-align: justify;\" data-midia=\"930985\">\n<div class=\"midia-creditos\"><\/div>\n<\/div>\n<p style=\"text-align: justify;\">Outra altera\u00e7\u00e3o feita decorre do acordo entre as lideran\u00e7as partid\u00e1rias e o governo eleito para alocar os recursos das emendas de relator-geral do Or\u00e7amento 2023, consideradas inconstitucionais pelo Supremo Tribunal Federal (STF) nesta segunda-feira (19). Pelo acordo, esses recursos ser\u00e3o rateados entre emendas individuais e programa\u00e7\u00f5es de execu\u00e7\u00e3o discricion\u00e1ria pelo Executivo (de execu\u00e7\u00e3o n\u00e3o obrigat\u00f3ria).<\/p>\n<p style=\"text-align: justify;\">Segundo o texto aprovado, o relator-geral poder\u00e1 apresentar at\u00e9 R$ 9,85 bilh\u00f5es em emendas para pol\u00edticas p\u00fablicas (50,77% dos R$ 19,4 bilh\u00f5es das emendas de relator consideradas inconstitucionais).<\/p>\n<p style=\"text-align: justify;\">A outra metade foi direcionada para emendas individuais, que passam de R$ 11,7 bilh\u00f5es em 2023 (R$ 19,7 milh\u00f5es por parlamentar) para cerca de R$ 21 bilh\u00f5es.<\/p>\n<p style=\"text-align: justify;\">Daqui em diante, o valor global tamb\u00e9m aumenta, de 1,2% da <span id=\"4332\" class=\"termoGlossario\" title=\"\" contenteditable=\"false\" data-toggle=\"tooltip\" data-placement=\"top\" data-original-title=\"Para a Uni\u00e3o, \u00e9 o somat\u00f3rio das receitas arrecadadas e das transfer\u00eancias recebidas deduzidas das verbas transferidas, por determina\u00e7\u00e3o constitucional ou legal, para os estados, os munic\u00edpios e o Distrito Federal.\">receita corrente l\u00edquida<\/span> da Uni\u00e3o para 2%. Entretanto, a divis\u00e3o n\u00e3o ser\u00e1 mais igualit\u00e1ria entre senadores e deputados. A C\u00e2mara ficar\u00e1 com 77,5% do valor global das emendas individuais; e o Senado, com 22,5%.<\/p>\n<p style=\"text-align: justify;\"><strong>Regra de ouro<\/strong><br \/>\nO texto da PEC 32\/22 tamb\u00e9m dispensa o Poder Executivo de pedir autoriza\u00e7\u00e3o do Congresso para emitir t\u00edtulos da d\u00edvida p\u00fablica para financiar despesas correntes nesse montante de R$ 145 bilh\u00f5es no pr\u00f3ximo ano, contornando a chamada \u201c<span id=\"4540\" class=\"termoGlossario\" title=\"\" contenteditable=\"false\" data-toggle=\"tooltip\" data-placement=\"top\" data-original-title=\"A regra de ouro pro\u00edbe que o governo se endivide para pagar despesas cotidianas, como folha salarial, programas sociais e manuten\u00e7\u00e3o de \u00f3rg\u00e3os p\u00fablicos. A regra s\u00f3 pode ser contornada com autoriza\u00e7\u00e3o do Congresso Nacional.\">regra de ouro<\/span>\u201d. Os recursos ficar\u00e3o de fora ainda da meta de resultado prim\u00e1rio.<\/p>\n<p style=\"text-align: justify;\">Segundo o senador Marcelo Castro (MDB-PI), primeiro signat\u00e1rio da PEC e relator-geral do Or\u00e7amento para 2023, R$ 70 bilh\u00f5es ser\u00e3o destinados ao Bolsa Fam\u00edlia, que retorna no lugar do Aux\u00edlio Brasil no valor de R$ 600 por m\u00eas mais uma parcela adicional de R$ 150 para cada crian\u00e7a de at\u00e9 seis anos em todos os grupos familiares atendidos pelo programa.<\/p>\n<p style=\"text-align: justify;\">O extrateto complementa o montante j\u00e1 constante do Or\u00e7amento, que daria para pagar um benef\u00edcio de R$ 405 no pr\u00f3ximo ano.<\/p>\n<p style=\"text-align: justify;\">Os outros R$ 75 bilh\u00f5es, segundo o relator, poder\u00e3o ir para despesas como pol\u00edticas de sa\u00fade (R$ 16,6 bilh\u00f5es), entre elas o programa Farm\u00e1cia Popular e o aumento real do sal\u00e1rio m\u00ednimo (R$ 6,8 bilh\u00f5es).<\/p>\n<p style=\"text-align: justify;\">A\u00e7\u00f5es diretamente voltadas a pol\u00edticas p\u00fablicas para mulheres, como combate \u00e0 viol\u00eancia dom\u00e9stica e familiar, dever\u00e3o constar no uso dessa margem aberta pelo extrateto.<\/p>\n<p style=\"text-align: justify;\">Para 2023, todas as despesas novas custeadas com a abertura dessa folga or\u00e7ament\u00e1ria ser\u00e3o inclu\u00eddas por Castro a pedido das comiss\u00f5es permanentes do Congresso (como a de Or\u00e7amento) e da C\u00e2mara e do Senado. Informalmente, a equipe de transi\u00e7\u00e3o tamb\u00e9m poder\u00e1 fazer solicita\u00e7\u00f5es.<\/p>\n<p style=\"text-align: justify;\">Essas emendas de relator n\u00e3o estar\u00e3o sujeitas aos limites aplic\u00e1veis \u00e0s demais emendas no projeto de lei or\u00e7ament\u00e1ria.<\/p>\n<p style=\"text-align: justify;\"><strong>Bolsa Fam\u00edlia e Aux\u00edlio G\u00e1s<\/strong><br \/>\nExclusivamente para o ano de 2023, a PEC permite que os gastos relativos ao Bolsa Fam\u00edlia e ao Aux\u00edlio G\u00e1s dos Brasileiros n\u00e3o sigam limita\u00e7\u00f5es da <span id=\"4124\" class=\"termoGlossario\" title=\"\" contenteditable=\"false\" data-toggle=\"tooltip\" data-placement=\"top\" data-original-title=\"Trata-se da Lei Complementar 101\/00, que estabelece normas para administra\u00e7\u00e3o das finan\u00e7as p\u00fablicas no \u00e2mbito da Uni\u00e3o, dos estados, do Distrito Federal e dos munic\u00edpios. Nessa lei, s\u00e3o definidos os limites m\u00ednimos de gastos com educa\u00e7\u00e3o e sa\u00fade e o limite m\u00e1ximo de gasto com pessoal. O descumprimento desses limites leva \u00e0 suspens\u00e3o das transfer\u00eancias volunt\u00e1rias e da contrata\u00e7\u00e3o de opera\u00e7\u00f5es de cr\u00e9dito. Al\u00e9m disso, os respons\u00e1veis ficam sujeitos \u00e0s san\u00e7\u00f5es previstas no C\u00f3digo Penal.\">Lei de Responsabilidade Fiscal<\/span>.<\/p>\n<p style=\"text-align: justify;\">Essa lei exige que a proposta de cria\u00e7\u00e3o, expans\u00e3o ou aperfei\u00e7oamento de a\u00e7\u00e3o governamental com aumento da despesa dever\u00e1 ser acompanhada de estimativa do impacto or\u00e7ament\u00e1rio-financeiro e de compensa\u00e7\u00e3o com redu\u00e7\u00e3o de outras despesas ou aumento de receita arrecadada, se for o caso.<\/p>\n<p style=\"text-align: justify;\"><strong>Forma de c\u00e1lculo<\/strong><br \/>\nO relator da PEC, Elmar Nascimento, mudou ainda a forma de encontrar a base de c\u00e1lculo para saber, a cada ano, quanto ser\u00e1 direcionado \u00e0s emendas individuais obrigat\u00f3rias.<\/p>\n<p style=\"text-align: justify;\">Atualmente, o valor global \u00e9 encontrado aplicando-se o percentual sobre a <span id=\"4332\" class=\"termoGlossario\" title=\"\" contenteditable=\"false\" data-toggle=\"tooltip\" data-placement=\"top\" data-original-title=\"Para a Uni\u00e3o, \u00e9 o somat\u00f3rio das receitas arrecadadas e das transfer\u00eancias recebidas deduzidas das verbas transferidas, por determina\u00e7\u00e3o constitucional ou legal, para os estados, os munic\u00edpios e o Distrito Federal.\">receita corrente l\u00edquida<\/span> prevista no projeto de lei or\u00e7ament\u00e1ria encaminhado pelo Poder Executivo, que ocorre sempre no ano anterior ao da execu\u00e7\u00e3o.<\/p>\n<p style=\"text-align: justify;\">J\u00e1 a obrigatoriedade de executar as emendas leva em conta o mesmo percentual aplicado sobre a receita corrente l\u00edquida realizada no exerc\u00edcio anterior.<\/p>\n<p style=\"text-align: justify;\">Com a nova regra, para se encontrar o valor global das emendas individuais dever\u00e1 ser aplicado o \u00edndice de 2% sobre a receita corrente l\u00edquida do exerc\u00edcio anterior ao do encaminhamento do projeto. Continua a vincula\u00e7\u00e3o de metade dos valores para a\u00e7\u00f5es e servi\u00e7os p\u00fablicos de sa\u00fade.<\/p>\n<p style=\"text-align: justify;\"><strong>Restos a pagar<\/strong><br \/>\nNo caso dos <span id=\"4127\" class=\"termoGlossario\" title=\"\" contenteditable=\"false\" data-toggle=\"tooltip\" data-placement=\"top\" data-original-title=\"Despesas p\u00fablicas de um ano fiscal que s\u00e3o pagas em anos posteriores.\">restos a pagar<\/span>, que s\u00e3o as despesas para as quais existe comprometimento de pagamento por parte do governo e referentes a exerc\u00edcios anteriores, o texto aumenta de 0,6% para 1% da receita o montante total que pode ser considerado para execu\u00e7\u00e3o das emendas parlamentares.<\/p>\n<p style=\"text-align: justify;\">A refer\u00eancia tamb\u00e9m ser\u00e1 a receita corrente l\u00edquida do exerc\u00edcio anterior ao do encaminhamento do projeto de lei or\u00e7ament\u00e1ria.<\/p>\n<p style=\"text-align: justify;\"><strong>Corre\u00e7\u00e3o do teto<\/strong><br \/>\nDesde a cria\u00e7\u00e3o do novo regime de gastos, que criou o teto baseado na corre\u00e7\u00e3o pelo <span id=\"4413\" class=\"termoGlossario\" title=\"\" contenteditable=\"false\" data-toggle=\"tooltip\" data-placement=\"top\" data-original-title=\"Calculado pelo IBGE, mede o custo de vida de fam\u00edlias com rendimento mensal de um a 40 sal\u00e1rios m\u00ednimos em onze regi\u00f5es metropolitanas. Desde 1999, \u00e9 usado pelo governo com o \u00edndice oficial de infla\u00e7\u00e3o do Pa\u00eds.\">IPCA<\/span>, as emendas parlamentares tamb\u00e9m est\u00e3o submetidas \u00e0 mesma regra para se chegar ao valor do ano seguinte.<\/p>\n<p style=\"text-align: justify;\">Por\u00e9m, com o aumento de 1,2% para 2% da receita corrente l\u00edquida, a regra de corre\u00e7\u00e3o pelo IPCA n\u00e3o ser\u00e1 usada para o Or\u00e7amento de 2023, devendo voltar a ser aplicada a partir de 2024 e at\u00e9 o fim do novo regime fiscal, se substitu\u00eddo pela lei complementar de um regime fiscal sustent\u00e1vel. Segundo o texto da PEC, essa lei complementar est\u00e1 prevista para tramitar a partir do pr\u00f3ximo ano.<\/p>\n<p style=\"text-align: justify;\"><strong>Investimentos<\/strong><br \/>\nComo regra permanente, inclusive para 2022, a PEC exclui do teto de gastos 6,5% do excesso de arrecada\u00e7\u00e3o de receitas correntes verificado no ano anterior, limitado, em todos os exerc\u00edcios, ao montante calculado em rela\u00e7\u00e3o ao excesso de 2021, equivalente a R$ 22,9 bilh\u00f5es.<\/p>\n<p style=\"text-align: justify;\">O dinheiro poder\u00e1 ser usado apenas em despesas com investimentos, mas essa exclus\u00e3o do teto abre margem para uso do mesmo valor em outras finalidades, at\u00e9 mesmo em mais investimentos.<\/p>\n<p style=\"text-align: justify;\">Embora continue, em todos os exerc\u00edcios, dentro da meta de resultado prim\u00e1rio (projetada em d\u00e9ficit de R$ 170,5 bilh\u00f5es para 2022), o valor ficar\u00e1 de fora do resultado prim\u00e1rio projetado para 2023, de R$ 65,9 bilh\u00f5es negativos.<\/p>\n<p style=\"text-align: justify;\"><strong>Novo regime<\/strong><br \/>\nA PEC determina que o presidente da Rep\u00fablica encaminhe ao Congresso Nacional, at\u00e9 31 de agosto de 2023, projeto de lei complementar com o objetivo de instituir um novo regime fiscal \u201csustent\u00e1vel para garantir a estabilidade macroecon\u00f4mica do Pa\u00eds e criar as condi\u00e7\u00f5es adequadas ao crescimento socioecon\u00f4mico\u201d.<\/p>\n<p style=\"text-align: justify;\">Segundo a Institui\u00e7\u00e3o Fiscal Independente (IFI), \u00f3rg\u00e3o atrelado ao Senado Federal, no governo Bolsonaro houve cinco altera\u00e7\u00f5es das regras do teto que somam um impacto fiscal de R$ 213 bilh\u00f5es em rela\u00e7\u00e3o ao desenho original.<\/p>\n<p style=\"text-align: justify;\">A PEC especifica que, ap\u00f3s a san\u00e7\u00e3o do projeto, oito artigos do Ato das Disposi\u00e7\u00f5es Constitucionais Transit\u00f3rias (ADCT) sobre o teto ser\u00e3o revogados.<\/p>\n<p style=\"text-align: justify;\">Esses artigos tratam das regras gerais do teto; dos limites de gastos para cada Poder e \u00f3rg\u00e3o da Uni\u00e3o; das restri\u00e7\u00f5es adicionais a despesas com pessoal, se a propor\u00e7\u00e3o da despesa obrigat\u00f3ria prim\u00e1ria em rela\u00e7\u00e3o \u00e0 despesa prim\u00e1ria total for superior a 95%; do piso menor para gastos constitucionais obrigat\u00f3rios em sa\u00fade e educa\u00e7\u00e3o p\u00fablicas; da corre\u00e7\u00e3o do valor global de emendas parlamentares pelo <span id=\"4413\" class=\"termoGlossario\" title=\"\" contenteditable=\"false\" data-toggle=\"tooltip\" data-placement=\"top\" data-original-title=\"Calculado pelo IBGE, mede o custo de vida de fam\u00edlias com rendimento mensal de um a 40 sal\u00e1rios m\u00ednimos em onze regi\u00f5es metropolitanas. Desde 1999, \u00e9 usado pelo governo com o \u00edndice oficial de infla\u00e7\u00e3o do Pa\u00eds.\">IPCA<\/span>; da suspens\u00e3o de tramita\u00e7\u00e3o no Legislativo de proposta para an\u00e1lise de sua compatibilidade com o teto de gastos; e da desobriga\u00e7\u00e3o do governo de pagamento futuro de despesas adiadas pela aplica\u00e7\u00e3o do teto.<\/p>\n<p style=\"text-align: justify;\"><strong>Receitas pr\u00f3prias<\/strong><br \/>\nA proposta de emenda \u00e0 Constitui\u00e7\u00e3o tamb\u00e9m deixa de fora do teto de gastos despesas custeadas com receitas pr\u00f3prias ou doa\u00e7\u00f5es para certas finalidades. A ideia \u00e9 evitar que essas receitas sejam <span id=\"4184\" class=\"termoGlossario\" title=\"\" contenteditable=\"false\" data-toggle=\"tooltip\" data-placement=\"top\" data-original-title=\"Bloqueio provis\u00f3rio dos gastos p\u00fablicos com o objetivo de evitar que as despesas superem as receitas. A cada ano, ap\u00f3s a san\u00e7\u00e3o da lei or\u00e7ament\u00e1ria, o governo federal edita um decreto de contingenciamento, com o cronograma de libera\u00e7\u00e3o dos recursos, por \u00f3rg\u00e3o p\u00fablico.\">contingenciadas<\/span> para cumprir o teto de gastos, j\u00e1 que o aumento de receitas obtido dessa forma n\u00e3o implica em igual aumento de limite de despesas.<\/p>\n<p style=\"text-align: justify;\"><span style=\"color: #800000;\"><strong>O texto lista tr\u00eas casos em que isso ser\u00e1 poss\u00edvel:<\/strong><\/span><\/p>\n<ul style=\"text-align: justify;\">\n<li>despesas com projetos socioambientais ou relativos \u00e0s mudan\u00e7as clim\u00e1ticas, como os do Fundo Amaz\u00f4nia, a ser abastecido com doa\u00e7\u00f5es da Noruega e da Alemanha, e com projetos custeados por recursos obtidos em raz\u00e3o de acordos judiciais ou extrajudiciais relativos a desastres ambientais (por exemplo, o caso Brumadinho);<\/li>\n<li>despesas das institui\u00e7\u00f5es federais de ensino e das Institui\u00e7\u00f5es Cient\u00edficas, Tecnol\u00f3gicas e de Inova\u00e7\u00e3o (ICTs) custeadas por receitas pr\u00f3prias, de doa\u00e7\u00f5es ou conv\u00eanios e contratos assinados com estados e munic\u00edpios ou entidades privadas; e<\/li>\n<li>despesas da Uni\u00e3o com obras e servi\u00e7os de engenharia custeadas com recursos transferidos por estados e munic\u00edpios, a exemplo de obras realizadas pelo batalh\u00e3o de engenharia do Ex\u00e9rcito em rodovias administradas por esses governos.<\/li>\n<\/ul>\n<p style=\"text-align: justify;\">Na vers\u00e3o aprovada pela C\u00e2mara, Elmar Nascimento excluiu a exce\u00e7\u00e3o dada \u00e0s despesas de projetos de investimento em infraestrutura de transporte com recursos captados junto a organismos multilaterais, como o Banco Interamericano de Desenvolvimento (BID), o Banco Internacional para Reconstru\u00e7\u00e3o e Desenvolvimento (Bird) e o Novo Banco de Desenvolvimento (NDB, na sigla em ingl\u00eas), criado pelo grupo <span id=\"4450\" class=\"termoGlossario\" title=\"\" contenteditable=\"false\" data-toggle=\"tooltip\" data-placement=\"top\" data-original-title=\"Acr\u00f4nimo para Brasil, R\u00fassia, \u00cdndia, China e \u00c1frica do Sul (South Africa, em ingl\u00eas). O Brics, como agrupamento, tem car\u00e1ter informal. Apesar de n\u00e3o ser um bloco econ\u00f4mico, o Brics ampliou a participa\u00e7\u00e3o desses cinco pa\u00edses no debate de temas da agenda global, em particular os econ\u00f4mico-financeiros.\">Brics<\/span>.<\/p>\n<p style=\"text-align: justify;\"><strong>Contas do PIS\/Pasep<\/strong><br \/>\nA PEC 32\/22 permite tamb\u00e9m ao Executivo incorporar, para gastos em investimentos e por fora do teto de gastos, recursos n\u00e3o sacados dos antigos fundos do <span id=\"4110\" class=\"termoGlossario\" title=\"\" contenteditable=\"false\" data-toggle=\"tooltip\" data-placement=\"top\" data-original-title=\"O Programa de Integra\u00e7\u00e3o Social (PIS) e o Programa de Forma\u00e7\u00e3o do Patrim\u00f4nio do Servidor P\u00fablico (Pasep) formam um \u00fanico fundo mantido pelas pessoas jur\u00eddicas, com exce\u00e7\u00e3o das micro e pequenas empresas optantes pelo regime tribut\u00e1rio Simples Nacional. As al\u00edquotas das contribui\u00e7\u00f5es variam de 0,65% a 1,65% sobre o total das receitas. Esses recursos s\u00e3o destinados aos trabalhadores em forma de rendimentos ou abonos salariais.\">PIS\/Pasep<\/span> vinculados a trabalhadores com carteira assinada entre 1971 e 1988.<\/p>\n<p style=\"text-align: justify;\">Desde 2019, foi autorizado o saque fora das situa\u00e7\u00f5es legais at\u00e9 ent\u00e3o, como aposentadorias ou doen\u00e7as graves. Entretanto, em agosto de 2022 ainda havia um estoque de cerca de R$ 24 bilh\u00f5es \u00e0 espera de resgate.<\/p>\n<p style=\"text-align: justify;\">De acordo com o texto, ser\u00e3o apropriados pelo Tesouro Nacional os valores n\u00e3o reclamados por prazo superior a 20 anos. Entretanto, a proposta n\u00e3o especifica a partir de que momento ser\u00e1 contado esse prazo.<\/p>\n<p style=\"text-align: justify;\">As contas em vias de serem liquidadas a favor do Tesouro ser\u00e3o publicadas no Di\u00e1rio Oficial da Uni\u00e3o. Os interessados ter\u00e3o 60 dias para reivindicar o dinheiro. Ap\u00f3s esse prazo, as contas ser\u00e3o encerradas, mas dentro dos cinco anos seguintes o trabalhador ou seu herdeiro poder\u00e1 pedir ressarcimento \u00e0 Uni\u00e3o.<\/p>\n<p style=\"text-align: justify;\">Na \u00fanica vota\u00e7\u00e3o de <span id=\"4027\" class=\"termoGlossario\" title=\"\" contenteditable=\"false\" data-toggle=\"tooltip\" data-placement=\"top\" data-original-title=\"Pedido feito por deputado ou l\u00edder de partido para votar, de forma separada, emenda ou parte do texto. A vota\u00e7\u00e3o ocorre ap\u00f3s a aprova\u00e7\u00e3o do texto principal.\">destaques<\/span> de hoje, o Plen\u00e1rio manteve no texto da PEC a permiss\u00e3o para o governo incorporar, para gastos em investimentos e por fora do teto de gastos, recursos n\u00e3o sacados dos antigos fundos do PIS\/Pasep vinculados a trabalhadores com carteira assinada entre 1971 e 1988. O destaque foi apresentado pelo Novo.<\/p>\n<p style=\"text-align: justify;\"><strong>Outros pontos<\/strong><br \/>\nConfira outros pontos da PEC da Transi\u00e7\u00e3o:<\/p>\n<ul style=\"text-align: justify;\">\n<li>doa\u00e7\u00f5es a projetos socioambientais, a projetos para mitigar os efeitos das mudan\u00e7as clim\u00e1ticas e \u00e0s institui\u00e7\u00f5es federais de ensino estar\u00e3o isentas de pagar o imposto estadual sobre doa\u00e7\u00f5es (ITCMD);<\/li>\n<li>prorroga\u00e7\u00e3o de 31 de dezembro de 2023 para 31 de dezembro de 2024 do prazo final da Desvincula\u00e7\u00e3o de Receitas da Uni\u00e3o (<span id=\"4155\" class=\"termoGlossario\" title=\"\" contenteditable=\"false\" data-toggle=\"tooltip\" data-placement=\"top\" data-original-title=\"Mecanismo que autoriza o governo federal a usar livremente parte da arrecada\u00e7\u00e3o da Uni\u00e3o que j\u00e1 entra &quot;carimbada&quot; com destina\u00e7\u00e3o espec\u00edfica para \u00e1reas como sa\u00fade, educa\u00e7\u00e3o e previd\u00eancia. At\u00e9 2023, o percentual desvinculado \u00e9 de 30% da arrecada\u00e7\u00e3o com contribui\u00e7\u00f5es sociais, Cide e taxas federais.\">DRU<\/span>), de 30% da arrecada\u00e7\u00e3o de contribui\u00e7\u00f5es sociais, de contribui\u00e7\u00f5es de interven\u00e7\u00e3o no dom\u00ednio econ\u00f4mico e de taxas, permitindo o uso desses recursos em outras finalidades;<\/li>\n<li>devido \u00e0 previs\u00e3o de novas regras de teto fiscal por meio de lei complementar e revoga\u00e7\u00e3o do texto constitucional, regras atuais de corre\u00e7\u00e3o monet\u00e1ria de valores de precat\u00f3rios s\u00e3o inclu\u00eddas no dispositivo que trata dos novos limites de pagamento dessas despesas (Emenda Constitucional 114, de 2021)<\/li>\n<\/ul>\n<p><span style=\"color: #0000ff;\"><a style=\"color: #0000ff;\" href=\"https:\/\/www.camara.leg.br\/noticias\/573448-saiba-mais-sobre-a-tramitacao-de-pecs\/\">Saiba mais sobre a tramita\u00e7\u00e3o de propostas de emenda \u00e0 Constitui\u00e7\u00e3o<\/a><\/span><\/p>\n<p>&nbsp;<\/p>\n<p>&nbsp;<\/p>\n<p>Fonte: Ag\u00eancia C\u00e2mara de Not\u00edcias<\/p>\n<p style=\"text-align: justify;\">Fonte: Ag\u00eancia C\u00e2mara de Not\u00edcias<\/p>\n","protected":false},"excerpt":{"rendered":"<p>A C\u00e2mara dos Deputados aprovou, em dois turnos, a PEC da Transi\u00e7\u00e3o (PEC 32\/22), que permite ao novo governo deixar de fora do teto de gastos R$ 145 bilh\u00f5es no or\u00e7amento de 2023 para bancar despesas como o Bolsa Fam\u00edlia, o Aux\u00edlio G\u00e1s, a Farm\u00e1cia Popular e outros. Devido \u00e0s mudan\u00e7as no texto, a proposta [&hellip;]<\/p>\n","protected":false},"author":1,"featured_media":20639,"comment_status":"open","ping_status":"open","sticky":false,"template":"","format":"standard","meta":{"_uag_custom_page_level_css":"","footnotes":""},"categories":[33],"tags":[24632,24631,24633,24630],"class_list":["post-20638","post","type-post","status-publish","format-standard","has-post-thumbnail","hentry","category-mercado","tag-lula-pec-da-transicao","tag-auxilio-brasil-2023","tag-empregos-e-comida","tag-pec-do-mcmv"],"blocksy_meta":[],"spectra_blocks_featured_image_url":{"thumbnail":{"url":"https:\/\/construcaocivil.siriusmarketingedesign.com.br\/wp-content\/uploads\/2022\/12\/img20221221151512517-768x512-1-150x150.jpg","width":150,"height":150},"medium":{"url":"https:\/\/construcaocivil.siriusmarketingedesign.com.br\/wp-content\/uploads\/2022\/12\/img20221221151512517-768x512-1-300x200.jpg","width":300,"height":200},"medium_large":{"url":"https:\/\/construcaocivil.siriusmarketingedesign.com.br\/wp-content\/uploads\/2022\/12\/img20221221151512517-768x512-1.jpg","width":768,"height":512},"large":{"url":"https:\/\/construcaocivil.siriusmarketingedesign.com.br\/wp-content\/uploads\/2022\/12\/img20221221151512517-768x512-1.jpg","width":768,"height":512},"full":{"url":"https:\/\/construcaocivil.siriusmarketingedesign.com.br\/wp-content\/uploads\/2022\/12\/img20221221151512517-768x512-1.jpg","width":768,"height":512}},"spectra_blocks_author_info":{"display_name":"Jornal da Constru\u00e7\u00e3o Civil","avatar_url":"https:\/\/secure.gravatar.com\/avatar\/973c9774fd44ddaceb026973c4962faa70fc512bc4c9da68e8ebb40fecee6540?s=96&d=mm&r=g","author_link":"https:\/\/construcaocivil.siriusmarketingedesign.com.br\/?author=1","description":"Desde de 2013, levando muitas informa\u00e7\u00f5es, lan\u00e7amentos e produtos de qualidade para toda cadeia produtiva da constru\u00e7\u00e3o. O Futuro da constru\u00e7\u00e3o passa por aqui,"},"uagb_featured_image_src":{"full":["https:\/\/construcaocivil.siriusmarketingedesign.com.br\/wp-content\/uploads\/2022\/12\/img20221221151512517-768x512-1.jpg",768,512,false],"thumbnail":["https:\/\/construcaocivil.siriusmarketingedesign.com.br\/wp-content\/uploads\/2022\/12\/img20221221151512517-768x512-1-150x150.jpg",150,150,true],"medium":["https:\/\/construcaocivil.siriusmarketingedesign.com.br\/wp-content\/uploads\/2022\/12\/img20221221151512517-768x512-1-300x200.jpg",300,200,true],"medium_large":["https:\/\/construcaocivil.siriusmarketingedesign.com.br\/wp-content\/uploads\/2022\/12\/img20221221151512517-768x512-1.jpg",768,512,false],"large":["https:\/\/construcaocivil.siriusmarketingedesign.com.br\/wp-content\/uploads\/2022\/12\/img20221221151512517-768x512-1.jpg",768,512,false],"1536x1536":["https:\/\/construcaocivil.siriusmarketingedesign.com.br\/wp-content\/uploads\/2022\/12\/img20221221151512517-768x512-1.jpg",768,512,false],"2048x2048":["https:\/\/construcaocivil.siriusmarketingedesign.com.br\/wp-content\/uploads\/2022\/12\/img20221221151512517-768x512-1.jpg",768,512,false]},"uagb_author_info":{"display_name":"Jornal da Constru\u00e7\u00e3o Civil","author_link":"https:\/\/construcaocivil.siriusmarketingedesign.com.br\/?author=1"},"uagb_comment_info":0,"uagb_excerpt":"A C\u00e2mara dos Deputados aprovou, em dois turnos, a PEC da Transi\u00e7\u00e3o (PEC 32\/22), que permite ao novo governo deixar de fora do teto de gastos R$ 145 bilh\u00f5es no or\u00e7amento de 2023 para bancar despesas como o Bolsa Fam\u00edlia, o Aux\u00edlio G\u00e1s, a Farm\u00e1cia Popular e outros. Devido \u00e0s mudan\u00e7as no texto, a proposta&hellip;","_links":{"self":[{"href":"https:\/\/construcaocivil.siriusmarketingedesign.com.br\/index.php?rest_route=\/wp\/v2\/posts\/20638","targetHints":{"allow":["GET"]}}],"collection":[{"href":"https:\/\/construcaocivil.siriusmarketingedesign.com.br\/index.php?rest_route=\/wp\/v2\/posts"}],"about":[{"href":"https:\/\/construcaocivil.siriusmarketingedesign.com.br\/index.php?rest_route=\/wp\/v2\/types\/post"}],"author":[{"embeddable":true,"href":"https:\/\/construcaocivil.siriusmarketingedesign.com.br\/index.php?rest_route=\/wp\/v2\/users\/1"}],"replies":[{"embeddable":true,"href":"https:\/\/construcaocivil.siriusmarketingedesign.com.br\/index.php?rest_route=%2Fwp%2Fv2%2Fcomments&post=20638"}],"version-history":[{"count":0,"href":"https:\/\/construcaocivil.siriusmarketingedesign.com.br\/index.php?rest_route=\/wp\/v2\/posts\/20638\/revisions"}],"wp:featuredmedia":[{"embeddable":true,"href":"https:\/\/construcaocivil.siriusmarketingedesign.com.br\/index.php?rest_route=\/wp\/v2\/media\/20639"}],"wp:attachment":[{"href":"https:\/\/construcaocivil.siriusmarketingedesign.com.br\/index.php?rest_route=%2Fwp%2Fv2%2Fmedia&parent=20638"}],"wp:term":[{"taxonomy":"category","embeddable":true,"href":"https:\/\/construcaocivil.siriusmarketingedesign.com.br\/index.php?rest_route=%2Fwp%2Fv2%2Fcategories&post=20638"},{"taxonomy":"post_tag","embeddable":true,"href":"https:\/\/construcaocivil.siriusmarketingedesign.com.br\/index.php?rest_route=%2Fwp%2Fv2%2Ftags&post=20638"}],"curies":[{"name":"wp","href":"https:\/\/api.w.org\/{rel}","templated":true}]}}