{"id":20673,"date":"2022-12-28T19:20:06","date_gmt":"2022-12-28T22:20:06","guid":{"rendered":"https:\/\/www.jornaldaconstrucaocivil.com.br\/?p=20673"},"modified":"2022-12-28T19:20:06","modified_gmt":"2022-12-28T22:20:06","slug":"dando-sequencia-ao-seu-plano-de-expansao-dom-atacadista-abre-sua-primeira-loja-em-campo-grande-regiao-metropolitana-do-rio-de-janeiro","status":"publish","type":"post","link":"https:\/\/construcaocivil.siriusmarketingedesign.com.br\/?p=20673","title":{"rendered":"Dando sequ\u00eancia ao seu plano de expans\u00e3o, Dom Atacadista abre sua primeira loja em Campo Grande, regi\u00e3o metropolitana do Rio de Janeiro"},"content":{"rendered":"<p style=\"text-align: justify;\">Campo Grande, na regi\u00e3o Metropolitana do Rio de Janeiro, receber\u00e1 uma unidade do Dom Atacadista, uma das mais importantes redes do segmento no\u00a0estado. A inaugura\u00e7\u00e3o faz parte do plano de expans\u00e3o da marca, que abrir\u00e1\u00a0outras duas lojas tamb\u00e9m em dezembro, fechando o ano de 2022 com 13 unidades em opera\u00e7\u00e3o e com a previs\u00e3o de inaugurar 7 novas unidades em 2023.<\/p>\n<p style=\"text-align: justify;\">A primeira loja Dom em Campo Grande,\u00a0inaugurada no dia 21 de dezembro, est\u00e1\u00a0localizada na Avenida de Santa Cruz, 12.516. A loja ter\u00e1 uma \u00e1rea de venda de 5 mil metros quadrados e um estacionamento que comporta\u00a0200 ve\u00edculos e 24 unidades de check-outs.\u00a0Esta nova opera\u00e7\u00e3o dever\u00e1 gerar mais de 600 empregos, entre colaboradores diretos e indiretos, para oferecer conforto, seguran\u00e7a e bom atendimento aos clientes.<\/p>\n<p style=\"text-align: justify;\">Os clientes desta nova loja poder\u00e3o ter acesso ao MEU DOM, um Clube de Vantagens que oferece aos consumidores cadastrados ofertas exclusivas e personalizadas dentro do aplicativo do Dom, al\u00e9m de acesso ao wi-fi gratuito nas lojas.<\/p>\n<p style=\"text-align: justify;\">O Dom Atacadista nasceu no Rio de Janeiro em setembro de 2019, com a miss\u00e3o de comercializar produtos com pre\u00e7os competitivos e proporcionar uma experi\u00eancia de compra positiva aos empreendedores locais e consumidores finais. Com uma robusta opera\u00e7\u00e3o de Autosservi\u00e7o (cash and carry), as lojas do Dom Atacadista oferecem mais de 10 mil itens de grandes marcas de mercearia, perec\u00edveis, embalagens, bazar, higiene, bebidas e limpeza. As 10 lojas atualmente em opera\u00e7\u00e3o do Dom Atacadista se localizam em: Realengo, Taquara, Angra dos Reis, S\u00e3o Jo\u00e3o de Meriti, Inha\u00fama, Niter\u00f3i, Teres\u00f3polis, Duque de Caxias, Maca\u00e9 e Araruama.<\/p>\n<p style=\"text-align: justify;\">Site<strong><span style=\"color: #0000ff;\">\u00a0<\/span><\/strong><a href=\"https:\/\/domatacadista.net\"><strong><span style=\"color: #0000ff;\">https<\/span><span style=\"color: #0000ff;\"><strong>:\/<\/strong>\/domatacadista.net<\/span><\/strong><\/a><\/p>\n","protected":false},"excerpt":{"rendered":"<p>Campo Grande, na regi\u00e3o Metropolitana do Rio de Janeiro, receber\u00e1 uma unidade do Dom Atacadista, uma das mais importantes redes do segmento no\u00a0estado. A inaugura\u00e7\u00e3o faz parte do plano de expans\u00e3o da marca, que abrir\u00e1\u00a0outras duas lojas tamb\u00e9m em dezembro, fechando o ano de 2022 com 13 unidades em opera\u00e7\u00e3o e com a previs\u00e3o de [&hellip;]<\/p>\n","protected":false},"author":1,"featured_media":20675,"comment_status":"open","ping_status":"open","sticky":false,"template":"","format":"standard","meta":{"_uag_custom_page_level_css":"","footnotes":""},"categories":[33],"tags":[24654,24653,24651,24650,24652,8127,22458,12211],"class_list":["post-20673","post","type-post","status-publish","format-standard","has-post-thumbnail","hentry","category-mercado","tag-domatacadista","tag-meudom","tag-bairro-de-campo-grande-rj","tag-dom-atacadista","tag-inhauma","tag-niteroi","tag-sao-joao-de-meriti","tag-varejo"],"blocksy_meta":[],"spectra_blocks_featured_image_url":{"thumbnail":{"url":"https:\/\/construcaocivil.siriusmarketingedesign.com.br\/wp-content\/uploads\/2022\/12\/d917f53c-8a63-4641-9a8c-5dbb99590f9f-150x150.jpeg","width":150,"height":150},"medium":{"url":"https:\/\/construcaocivil.siriusmarketingedesign.com.br\/wp-content\/uploads\/2022\/12\/d917f53c-8a63-4641-9a8c-5dbb99590f9f-300x200.jpeg","width":300,"height":200},"medium_large":{"url":"https:\/\/construcaocivil.siriusmarketingedesign.com.br\/wp-content\/uploads\/2022\/12\/d917f53c-8a63-4641-9a8c-5dbb99590f9f-768x512.jpeg","width":768,"height":512},"large":{"url":"https:\/\/construcaocivil.siriusmarketingedesign.com.br\/wp-content\/uploads\/2022\/12\/d917f53c-8a63-4641-9a8c-5dbb99590f9f-1024x682.jpeg","width":1024,"height":682},"full":{"url":"https:\/\/construcaocivil.siriusmarketingedesign.com.br\/wp-content\/uploads\/2022\/12\/d917f53c-8a63-4641-9a8c-5dbb99590f9f.jpeg","width":1280,"height":853}},"spectra_blocks_author_info":{"display_name":"Jornal da Constru\u00e7\u00e3o Civil","avatar_url":"https:\/\/secure.gravatar.com\/avatar\/973c9774fd44ddaceb026973c4962faa70fc512bc4c9da68e8ebb40fecee6540?s=96&d=mm&r=g","author_link":"https:\/\/construcaocivil.siriusmarketingedesign.com.br\/?author=1","description":"Desde de 2013, levando muitas informa\u00e7\u00f5es, lan\u00e7amentos e produtos de qualidade para toda cadeia produtiva da constru\u00e7\u00e3o. O Futuro da constru\u00e7\u00e3o passa por aqui,"},"uagb_featured_image_src":{"full":["https:\/\/construcaocivil.siriusmarketingedesign.com.br\/wp-content\/uploads\/2022\/12\/d917f53c-8a63-4641-9a8c-5dbb99590f9f.jpeg",1280,853,false],"thumbnail":["https:\/\/construcaocivil.siriusmarketingedesign.com.br\/wp-content\/uploads\/2022\/12\/d917f53c-8a63-4641-9a8c-5dbb99590f9f-150x150.jpeg",150,150,true],"medium":["https:\/\/construcaocivil.siriusmarketingedesign.com.br\/wp-content\/uploads\/2022\/12\/d917f53c-8a63-4641-9a8c-5dbb99590f9f-300x200.jpeg",300,200,true],"medium_large":["https:\/\/construcaocivil.siriusmarketingedesign.com.br\/wp-content\/uploads\/2022\/12\/d917f53c-8a63-4641-9a8c-5dbb99590f9f-768x512.jpeg",768,512,true],"large":["https:\/\/construcaocivil.siriusmarketingedesign.com.br\/wp-content\/uploads\/2022\/12\/d917f53c-8a63-4641-9a8c-5dbb99590f9f-1024x682.jpeg",1024,682,true],"1536x1536":["https:\/\/construcaocivil.siriusmarketingedesign.com.br\/wp-content\/uploads\/2022\/12\/d917f53c-8a63-4641-9a8c-5dbb99590f9f.jpeg",1280,853,false],"2048x2048":["https:\/\/construcaocivil.siriusmarketingedesign.com.br\/wp-content\/uploads\/2022\/12\/d917f53c-8a63-4641-9a8c-5dbb99590f9f.jpeg",1280,853,false]},"uagb_author_info":{"display_name":"Jornal da Constru\u00e7\u00e3o Civil","author_link":"https:\/\/construcaocivil.siriusmarketingedesign.com.br\/?author=1"},"uagb_comment_info":0,"uagb_excerpt":"Campo Grande, na regi\u00e3o Metropolitana do Rio de Janeiro, receber\u00e1 uma unidade do Dom Atacadista, uma das mais importantes redes do segmento no\u00a0estado. A inaugura\u00e7\u00e3o faz parte do plano de expans\u00e3o da marca, que abrir\u00e1\u00a0outras duas lojas tamb\u00e9m em dezembro, fechando o ano de 2022 com 13 unidades em opera\u00e7\u00e3o e com a previs\u00e3o de&hellip;","_links":{"self":[{"href":"https:\/\/construcaocivil.siriusmarketingedesign.com.br\/index.php?rest_route=\/wp\/v2\/posts\/20673","targetHints":{"allow":["GET"]}}],"collection":[{"href":"https:\/\/construcaocivil.siriusmarketingedesign.com.br\/index.php?rest_route=\/wp\/v2\/posts"}],"about":[{"href":"https:\/\/construcaocivil.siriusmarketingedesign.com.br\/index.php?rest_route=\/wp\/v2\/types\/post"}],"author":[{"embeddable":true,"href":"https:\/\/construcaocivil.siriusmarketingedesign.com.br\/index.php?rest_route=\/wp\/v2\/users\/1"}],"replies":[{"embeddable":true,"href":"https:\/\/construcaocivil.siriusmarketingedesign.com.br\/index.php?rest_route=%2Fwp%2Fv2%2Fcomments&post=20673"}],"version-history":[{"count":0,"href":"https:\/\/construcaocivil.siriusmarketingedesign.com.br\/index.php?rest_route=\/wp\/v2\/posts\/20673\/revisions"}],"wp:featuredmedia":[{"embeddable":true,"href":"https:\/\/construcaocivil.siriusmarketingedesign.com.br\/index.php?rest_route=\/wp\/v2\/media\/20675"}],"wp:attachment":[{"href":"https:\/\/construcaocivil.siriusmarketingedesign.com.br\/index.php?rest_route=%2Fwp%2Fv2%2Fmedia&parent=20673"}],"wp:term":[{"taxonomy":"category","embeddable":true,"href":"https:\/\/construcaocivil.siriusmarketingedesign.com.br\/index.php?rest_route=%2Fwp%2Fv2%2Fcategories&post=20673"},{"taxonomy":"post_tag","embeddable":true,"href":"https:\/\/construcaocivil.siriusmarketingedesign.com.br\/index.php?rest_route=%2Fwp%2Fv2%2Ftags&post=20673"}],"curies":[{"name":"wp","href":"https:\/\/api.w.org\/{rel}","templated":true}]}}