{"id":20687,"date":"2022-12-30T18:55:56","date_gmt":"2022-12-30T21:55:56","guid":{"rendered":"https:\/\/www.jornaldaconstrucaocivil.com.br\/?p=20687"},"modified":"2022-12-30T18:55:56","modified_gmt":"2022-12-30T21:55:56","slug":"de-cara-nova-lula-confirma-jean-paul-prates-como-novo-presidente-da-petrobras","status":"publish","type":"post","link":"https:\/\/construcaocivil.siriusmarketingedesign.com.br\/?p=20687","title":{"rendered":"De cara nova: Lula confirma Jean Paul Prates como novo presidente da Petrobr\u00e1s"},"content":{"rendered":"<p style=\"text-align: justify;\">Uma das empresas mais estrat\u00e9gicas do pa\u00eds, a Petrobr\u00e1s ser\u00e1 comandada pelo senador Jean Paul Prates (PT-RN) em 2023. \u201cGostaria de anunciar a indica\u00e7\u00e3o do Jean Paul Prates para a presid\u00eancia da Petrobr\u00e1s. Advogado, economista e um especialista no setor de energia, para conduzir a empresa para um grande futuro\u201d, anunciou o presidente diplomado, Luiz In\u00e1cio Lula da Silva, em postagem no Twitter, nesta sexta-feira (30).<\/p>\n<div class=\"twitter-tweet twitter-tweet-rendered\" style=\"text-align: justify;\"><iframe id=\"twitter-widget-0\" class=\"\" title=\"Twitter Tweet\" src=\"https:\/\/platform.twitter.com\/embed\/Tweet.html?dnt=true&amp;embedId=twitter-widget-0&amp;features=eyJ0ZndfdGltZWxpbmVfbGlzdCI6eyJidWNrZXQiOlsibGlua3RyLmVlIiwidHIuZWUiLCJ0ZXJyYS5jb20uYnIiLCJ3d3cubGlua3RyLmVlIiwid3d3LnRyLmVlIiwid3d3LnRlcnJhLmNvbS5iciJdLCJ2ZXJzaW9uIjpudWxsfSwidGZ3X2hvcml6b25fdGltZWxpbmVfMTIwMzQiOnsiYnVja2V0IjoidHJlYXRtZW50IiwidmVyc2lvbiI6bnVsbH0sInRmd190d2VldF9lZGl0X2JhY2tlbmQiOnsiYnVja2V0Ijoib24iLCJ2ZXJzaW9uIjpudWxsfSwidGZ3X3JlZnNyY19zZXNzaW9uIjp7ImJ1Y2tldCI6Im9uIiwidmVyc2lvbiI6bnVsbH0sInRmd19zaG93X2J1c2luZXNzX3ZlcmlmaWVkX2JhZGdlIjp7ImJ1Y2tldCI6Im9uIiwidmVyc2lvbiI6bnVsbH0sInRmd19jaGluX3BpbGxzXzE0NzQxIjp7ImJ1Y2tldCI6ImNvbG9yX2ljb25zIiwidmVyc2lvbiI6bnVsbH0sInRmd190d2VldF9yZXN1bHRfbWlncmF0aW9uXzEzOTc5Ijp7ImJ1Y2tldCI6InR3ZWV0X3Jlc3VsdCIsInZlcnNpb24iOm51bGx9LCJ0ZndfbWl4ZWRfbWVkaWFfMTU4OTciOnsiYnVja2V0IjoidHJlYXRtZW50IiwidmVyc2lvbiI6bnVsbH0sInRmd19zZW5zaXRpdmVfbWVkaWFfaW50ZXJzdGl0aWFsXzEzOTYzIjp7ImJ1Y2tldCI6ImludGVyc3RpdGlhbCIsInZlcnNpb24iOm51bGx9LCJ0ZndfZXhwZXJpbWVudHNfY29va2llX2V4cGlyYXRpb24iOnsiYnVja2V0IjoxMjA5NjAwLCJ2ZXJzaW9uIjpudWxsfSwidGZ3X2R1cGxpY2F0ZV9zY3JpYmVzX3RvX3NldHRpbmdzIjp7ImJ1Y2tldCI6Im9uIiwidmVyc2lvbiI6bnVsbH0sInRmd192aWRlb19obHNfZHluYW1pY19tYW5pZmVzdHNfMTUwODIiOnsiYnVja2V0IjoidHJ1ZV9iaXRyYXRlIiwidmVyc2lvbiI6bnVsbH0sInRmd19zaG93X2JsdWVfdmVyaWZpZWRfYmFkZ2UiOnsiYnVja2V0Ijoib24iLCJ2ZXJzaW9uIjpudWxsfSwidGZ3X3Nob3dfZ292X3ZlcmlmaWVkX2JhZGdlIjp7ImJ1Y2tldCI6Im9uIiwidmVyc2lvbiI6bnVsbH0sInRmd19zaG93X2J1c2luZXNzX2FmZmlsaWF0ZV9iYWRnZSI6eyJidWNrZXQiOiJvbiIsInZlcnNpb24iOm51bGx9LCJ0ZndfdHdlZXRfZWRpdF9mcm9udGVuZCI6eyJidWNrZXQiOiJvbiIsInZlcnNpb24iOm51bGx9fQ%3D%3D&amp;frame=false&amp;hideCard=false&amp;hideThread=false&amp;id=1608876871399407616&amp;lang=pt&amp;origin=https%3A%2F%2Fpt.org.br%2Flula-confirma-jean-paul-prates-como-novo-presidente-da-petrobras%2F&amp;sessionId=b250bbf1923525e417172c34676165db2cfd8ea1&amp;siteScreenName=ptbrasil&amp;theme=light&amp;widgetsVersion=a3525f077c700%3A1667415560940&amp;width=500px\" frameborder=\"0\" scrolling=\"no\" allowfullscreen=\"allowfullscreen\" data-tweet-id=\"1608876871399407616\" data-mce-fragment=\"1\"><\/iframe><\/div>\n<p style=\"text-align: justify;\">\n<p style=\"text-align: justify;\">Coordenador de Petr\u00f3leo, G\u00e1s Natural e Biocombust\u00edveis no Grupo T\u00e9cnico de Minas e Energia do Gabinete de Transi\u00e7\u00e3o, Prates foi o respons\u00e1vel por prestar informa\u00e7\u00f5es sobre o futuro da Petrobr\u00e1s durante o per\u00edodo. Nesta sexta, em entrevista ap\u00f3s reuni\u00e3o com Lula em Bras\u00edlia, ele voltou a defender mudan\u00e7as na pol\u00edtica de pre\u00e7os da empresa.<\/p>\n<p style=\"text-align: justify;\">\u201cEu sempre tenho dito que pol\u00edtica de combust\u00edveis \u00e9 um assunto de governo\u201d, afirmou o senador. Ele defende que o Brasil tire vantagem da autossufici\u00eancia na explora\u00e7\u00e3o do petr\u00f3leo e da \u201cquase autossufici\u00eancia que n\u00f3s temos em refino\u201d para oferecer aos consumidores e \u00e0s empresas brasileiras um pre\u00e7o de combust\u00edvel mais competitivo.<\/p>\n<p style=\"text-align: justify;\">\u201cVejo a Petrobras como uma empresa que precisa olhar para o futuro e investir na transi\u00e7\u00e3o energ\u00e9tica para atender \u00e0s necessidades do pa\u00eds, do planeta e da sociedade, al\u00e9m dos interesses de longo prazo de seus acionistas\u201d, afirmou Prates em nota oficial.<\/p>\n<p style=\"text-align: justify;\">\u201cEsse olhar para o futuro foi a principal demanda colocada pessoalmente a mim pelo Presidente Lula, que acredita que a empresa deve permanecer como uma refer\u00eancia de mercado, tecnologia, governan\u00e7a e responsabilidade social\u201d, finalizou.<\/p>\n<p style=\"text-align: justify;\">Prates atua nas \u00e1reas de petr\u00f3leo, g\u00e1s natural, biocombust\u00edveis, energia renov\u00e1vel e recursos naturais h\u00e1 mais de 30 ano. Participou da elabora\u00e7\u00e3o da Lei do Petr\u00f3leo, em 1997, e foi o redator do Contrato de Concess\u00e3o oficial e do Decreto dos Royalties.<\/p>\n<p style=\"text-align: justify;\">No Rio Grande do Norte, Prates assumiu em 2007 a Secretaria de Estado de Energia e viabilizou mais de R$ 10 bilh\u00f5es em investimentos para o estado. Foi eleito suplente da senadora F\u00e1tima Bezerra (PT-RN) em 2014, assumindo o cargo em 2019 ap\u00f3s a elei\u00e7\u00e3o de F\u00e1tima para o governo do estado. Durante o mandato, Prates foi autor e relator de importantes marcos legais envolvendo a transi\u00e7\u00e3o energ\u00e9tica e pr\u00e1ticas sustent\u00e1veis, combustiveis, educa\u00e7\u00e3o digital, mobilidade urbana e infraestrutura ferrovi\u00e1ria.<\/p>\n","protected":false},"excerpt":{"rendered":"<p>Uma das empresas mais estrat\u00e9gicas do pa\u00eds, a Petrobr\u00e1s ser\u00e1 comandada pelo senador Jean Paul Prates (PT-RN) em 2023. \u201cGostaria de anunciar a indica\u00e7\u00e3o do Jean Paul Prates para a presid\u00eancia da Petrobr\u00e1s. Advogado, economista e um especialista no setor de energia, para conduzir a empresa para um grande futuro\u201d, anunciou o presidente diplomado, Luiz [&hellip;]<\/p>\n","protected":false},"author":1,"featured_media":20688,"comment_status":"open","ping_status":"open","sticky":false,"template":"","format":"standard","meta":{"_uag_custom_page_level_css":"","footnotes":""},"categories":[29],"tags":[24667,1415,17158,4288,4312,5342,7671,24666],"class_list":["post-20687","post","type-post","status-publish","format-standard","has-post-thumbnail","hentry","category-energia","tag-refinariasurgente","tag-biocombustiveis","tag-botijao-de-gas","tag-energia","tag-energia-renovavel","tag-gas-natural","tag-minas-e-energia","tag-petrobras-fim-da-ppi"],"blocksy_meta":[],"spectra_blocks_featured_image_url":{"thumbnail":{"url":"https:\/\/construcaocivil.siriusmarketingedesign.com.br\/wp-content\/uploads\/2022\/12\/lula-jean-paul-ricardostuckert-750x440-1-150x150.jpg","width":150,"height":150},"medium":{"url":"https:\/\/construcaocivil.siriusmarketingedesign.com.br\/wp-content\/uploads\/2022\/12\/lula-jean-paul-ricardostuckert-750x440-1-300x176.jpg","width":300,"height":176},"medium_large":{"url":"https:\/\/construcaocivil.siriusmarketingedesign.com.br\/wp-content\/uploads\/2022\/12\/lula-jean-paul-ricardostuckert-750x440-1.jpg","width":750,"height":440},"large":{"url":"https:\/\/construcaocivil.siriusmarketingedesign.com.br\/wp-content\/uploads\/2022\/12\/lula-jean-paul-ricardostuckert-750x440-1.jpg","width":750,"height":440},"full":{"url":"https:\/\/construcaocivil.siriusmarketingedesign.com.br\/wp-content\/uploads\/2022\/12\/lula-jean-paul-ricardostuckert-750x440-1.jpg","width":750,"height":440}},"spectra_blocks_author_info":{"display_name":"Jornal da Constru\u00e7\u00e3o Civil","avatar_url":"https:\/\/secure.gravatar.com\/avatar\/973c9774fd44ddaceb026973c4962faa70fc512bc4c9da68e8ebb40fecee6540?s=96&d=mm&r=g","author_link":"https:\/\/construcaocivil.siriusmarketingedesign.com.br\/?author=1","description":"Desde de 2013, levando muitas informa\u00e7\u00f5es, lan\u00e7amentos e produtos de qualidade para toda cadeia produtiva da constru\u00e7\u00e3o. O Futuro da constru\u00e7\u00e3o passa por aqui,"},"uagb_featured_image_src":{"full":["https:\/\/construcaocivil.siriusmarketingedesign.com.br\/wp-content\/uploads\/2022\/12\/lula-jean-paul-ricardostuckert-750x440-1.jpg",750,440,false],"thumbnail":["https:\/\/construcaocivil.siriusmarketingedesign.com.br\/wp-content\/uploads\/2022\/12\/lula-jean-paul-ricardostuckert-750x440-1-150x150.jpg",150,150,true],"medium":["https:\/\/construcaocivil.siriusmarketingedesign.com.br\/wp-content\/uploads\/2022\/12\/lula-jean-paul-ricardostuckert-750x440-1-300x176.jpg",300,176,true],"medium_large":["https:\/\/construcaocivil.siriusmarketingedesign.com.br\/wp-content\/uploads\/2022\/12\/lula-jean-paul-ricardostuckert-750x440-1.jpg",750,440,false],"large":["https:\/\/construcaocivil.siriusmarketingedesign.com.br\/wp-content\/uploads\/2022\/12\/lula-jean-paul-ricardostuckert-750x440-1.jpg",750,440,false],"1536x1536":["https:\/\/construcaocivil.siriusmarketingedesign.com.br\/wp-content\/uploads\/2022\/12\/lula-jean-paul-ricardostuckert-750x440-1.jpg",750,440,false],"2048x2048":["https:\/\/construcaocivil.siriusmarketingedesign.com.br\/wp-content\/uploads\/2022\/12\/lula-jean-paul-ricardostuckert-750x440-1.jpg",750,440,false]},"uagb_author_info":{"display_name":"Jornal da Constru\u00e7\u00e3o Civil","author_link":"https:\/\/construcaocivil.siriusmarketingedesign.com.br\/?author=1"},"uagb_comment_info":0,"uagb_excerpt":"Uma das empresas mais estrat\u00e9gicas do pa\u00eds, a Petrobr\u00e1s ser\u00e1 comandada pelo senador Jean Paul Prates (PT-RN) em 2023. \u201cGostaria de anunciar a indica\u00e7\u00e3o do Jean Paul Prates para a presid\u00eancia da Petrobr\u00e1s. Advogado, economista e um especialista no setor de energia, para conduzir a empresa para um grande futuro\u201d, anunciou o presidente diplomado, Luiz&hellip;","_links":{"self":[{"href":"https:\/\/construcaocivil.siriusmarketingedesign.com.br\/index.php?rest_route=\/wp\/v2\/posts\/20687","targetHints":{"allow":["GET"]}}],"collection":[{"href":"https:\/\/construcaocivil.siriusmarketingedesign.com.br\/index.php?rest_route=\/wp\/v2\/posts"}],"about":[{"href":"https:\/\/construcaocivil.siriusmarketingedesign.com.br\/index.php?rest_route=\/wp\/v2\/types\/post"}],"author":[{"embeddable":true,"href":"https:\/\/construcaocivil.siriusmarketingedesign.com.br\/index.php?rest_route=\/wp\/v2\/users\/1"}],"replies":[{"embeddable":true,"href":"https:\/\/construcaocivil.siriusmarketingedesign.com.br\/index.php?rest_route=%2Fwp%2Fv2%2Fcomments&post=20687"}],"version-history":[{"count":0,"href":"https:\/\/construcaocivil.siriusmarketingedesign.com.br\/index.php?rest_route=\/wp\/v2\/posts\/20687\/revisions"}],"wp:featuredmedia":[{"embeddable":true,"href":"https:\/\/construcaocivil.siriusmarketingedesign.com.br\/index.php?rest_route=\/wp\/v2\/media\/20688"}],"wp:attachment":[{"href":"https:\/\/construcaocivil.siriusmarketingedesign.com.br\/index.php?rest_route=%2Fwp%2Fv2%2Fmedia&parent=20687"}],"wp:term":[{"taxonomy":"category","embeddable":true,"href":"https:\/\/construcaocivil.siriusmarketingedesign.com.br\/index.php?rest_route=%2Fwp%2Fv2%2Fcategories&post=20687"},{"taxonomy":"post_tag","embeddable":true,"href":"https:\/\/construcaocivil.siriusmarketingedesign.com.br\/index.php?rest_route=%2Fwp%2Fv2%2Ftags&post=20687"}],"curies":[{"name":"wp","href":"https:\/\/api.w.org\/{rel}","templated":true}]}}