{"id":2069,"date":"2016-06-11T15:52:14","date_gmt":"2016-06-11T15:52:14","guid":{"rendered":"http:\/\/www.jornaldaconstrucaocivil.com.br\/?p=2069"},"modified":"2016-06-11T15:52:14","modified_gmt":"2016-06-11T15:52:14","slug":"novos-terminais-no-porto-do-acu-somam-r-15-bilhao-em-investimentos","status":"publish","type":"post","link":"https:\/\/construcaocivil.siriusmarketingedesign.com.br\/?p=2069","title":{"rendered":"Novos terminais no Porto do A\u00e7u somam R$ 1,5 bilh\u00e3o em investimentos"},"content":{"rendered":"<p><span style=\"color: #000080;\"><strong>Evento de inaugura\u00e7\u00e3o contou com a participa\u00e7\u00e3o do ministro dos Transportes e representantes dos poderes municipal e estadual, al\u00e9m de executivos do setor<\/strong><\/span><\/p>\n<p><span style=\"color: #000000;\">O Porto do A\u00e7u inaugurou, na ter\u00e7a-feira (7), tr\u00eas terminais do empreendimento: o Terminal de Petr\u00f3leo (T-OIL), o Terminal Multicargas (T-MULT) e o Terminal de Combust\u00edveis Mar\u00edtimos do A\u00e7u (TECMA). Os espa\u00e7os foram abertos \u00e0 visita\u00e7\u00e3o de autoridades e empres\u00e1rios do setor, durante cerim\u00f4nia de inaugura\u00e7\u00e3o. Os terminais, que receberam mais de R$ 1,5 bilh\u00e3o em investimentos, representam o in\u00edcio de novos neg\u00f3cios no porto, diversificando os servi\u00e7os que j\u00e1 s\u00e3o prestados no empreendimento.<\/span><\/p>\n<figure id=\"attachment_2070\" aria-describedby=\"caption-attachment-2070\" style=\"width: 300px\" class=\"wp-caption alignleft\"><a href=\"http:\/\/www.jornaldaconstrucaocivil.com.br\/wp-content\/uploads\/2016\/06\/PORTO-A\u00c7U-OK-2-II-IMG_2524.jpg\"><img loading=\"lazy\" decoding=\"async\" class=\"wp-image-2070 size-medium\" src=\"http:\/\/www.jornaldaconstrucaocivil.com.br\/wp-content\/uploads\/2016\/06\/PORTO-A\u00c7U-OK-2-II-IMG_2524-300x193.jpg\" alt=\"PORTO A\u00c7U OK 2 II IMG_2524\" width=\"300\" height=\"193\" \/><\/a><figcaption id=\"caption-attachment-2070\" class=\"wp-caption-text\"><span style=\"color: #ff0000;\">Cerim\u00f4nia de inagura\u00e7\u00e3o dos tr\u00eas terminais do empreendimento: o Terminal de Petr\u00f3leo (T-OIL), o Terminal Multicargas (T-MULT) e o Terminal de Combust\u00edveis Mar\u00edtimos do A\u00e7u (TECMA).<span style=\"color: #000080;\"> Foto: Prumo Log\u00edstica<\/span><\/span><\/figcaption><\/figure>\n<p><span style=\"color: #000000;\"><em>\u201cHoje \u00e9 um dia em que celebramos o Brasil que d\u00e1 certo. E o Porto do A\u00e7u deu certo porque \u00e9 um projeto que tem fundamentos s\u00f3lidos, com caracter\u00edsticas \u00fanicas. Nossa proximidade das bacias petrol\u00edferas de Campos e Santos nos d\u00e1 uma vantagem competitiva importante para as atividades de petr\u00f3leo e g\u00e1s. Al\u00e9m disso, a parceria com governos federal, estadual e municipal, que enxergaram o Porto do A\u00e7u como um vetor para o desenvolvimento da regi\u00e3o Norte Fluminense, foram e continuar\u00e3o sendo esse<\/em>nciais para construirmos um empreendimento que j\u00e1 \u00e9 um marco para a regi\u00e3o norte fluminense e para o pa\u00eds\u201d, disse Jos\u00e9 Magela Bernardes, presidente da Prumo Log\u00edstica, empresa que desenvolve e opera o Porto do A\u00e7u.<\/span><\/p>\n<p><span style=\"color: #000000;\">Entre os convidados estavam o Ministro dos Transportes, Portos e Avia\u00e7\u00e3o Civil, Maur\u00edcio Quintella; o deputado federal J\u00falio Lopes, representando o governo do estado do Rio de Janeiro; Marco Capute, secret\u00e1rio de Desenvolvimento Econ\u00f4mico do Estado do Rio de Janeiro; o prefeito de S\u00e3o Jo\u00e3o da Barra, Jos\u00e9 Amaro Martins de Souza; e a prefeita de Campos, Rosinha Garotinho, acompanhada do secret\u00e1rio de governo, Anthony Garotinho.<\/span><\/p>\n<p><span style=\"color: #000000;\">Representantes da alem\u00e3 Oiltanking, que possui 20% do Terminal do Petr\u00f3leo e ser\u00e1 a operadora do terminal, e da BP, que det\u00e9m 50% do Terminal de Combust\u00edveis Mar\u00edtimo do A\u00e7u, tamb\u00e9m participaram do evento. \u201cN\u00f3s temos muito orgulho do sucesso deste terminal e um grande compromisso com Brasil. O Porto do A\u00e7u \u00e9 muito importante para n\u00f3s\u201d, disse Carey Mendes, Regional Business Leader Global Oil Americas da BP.<\/span><\/p>\n<p><span style=\"color: #000000;\">O presidente da Shell, Andr\u00e9 Ara\u00fajo, afirmou que a petroleira \u2013 que \u00e9 a primeira cliente do Terminal de Petr\u00f3leo, tem interesse em ampliar suas atividades no Porto do A\u00e7u.<em> \u201cO Porto \u00e9 uma facilidade operativa. Vamos buscar alternativas aqui, como atividades de blending e armazenamento\u201d<\/em>, disse o executivo.<\/span><\/p>\n<p><span style=\"color: #000000;\">Durante a cerim\u00f4nia, o Ministro Maur\u00edcio Quintella falou sobre a viabiliza\u00e7\u00e3o de projetos de interliga\u00e7\u00e3o de modais rodovi\u00e1rio e ferrovi\u00e1rio com o porto. Um deles \u00e9 a ferrovia EF 118, que ir\u00e1 conectar os estados do Esp\u00edrito Santo e o Rio de Janeiro, e a EF 354, que pretende ligar o Porto do A\u00e7u e toda a regi\u00e3o aos centros consumidores do Sudeste e Centro-Oeste.<\/span><\/p>\n<p><span style=\"color: #000000;\"><em>\u201cEsse \u00e9 atualmente o maior porto em \u00e1rea do Brasil. N\u00e3o tenho d\u00favidas que logo ser\u00e1 tamb\u00e9m o maior em opera\u00e7\u00e3o. E n\u00f3s estamos aqui n\u00e3o s\u00f3 para prestigiar a inaugura\u00e7\u00e3o, mas para mostrar que o governo est\u00e1 absolutamente atento a esse novo momento e conversar com o setor para cumprir a nossa parte. N\u00e3o adianta ter s\u00f3 o porto. O empreendimento tamb\u00e9m precisa de acesso, a gente precisa integr\u00e1-lo \u00e0s regi\u00f5es produtoras e consumidoras do pa\u00eds. E \u00e9 para isso que a gente est\u00e1 aqui hoje\u201d<\/em>, disse o ministro dos Transportes, Maur\u00edcio Quintella.<\/span><\/p>\n<p><span style=\"color: #000000;\">O deputado J\u00falio Lopes, que representou o governador do Rio de Janeiro no evento, refor\u00e7ou a grandiosidade do empreendimento.<em> \u201cO porto j\u00e1 emprega atualmente 6 mil pessoas e deve empregar muito mais quando estiver operando em sua plena capacidade\u201d<\/em>.<\/span><\/p>\n<p><span style=\"color: #000000;\">O prefeito de S\u00e3o Jo\u00e3o da Barra, Jos\u00e9 Amaro Martins de Souza, tamb\u00e9m destacou a possibilidade de empregos gerada pelo empreendimento.<em> \u201cCom a inaugura\u00e7\u00e3o destes terminais, com certeza teremos mais empregos e investimentos no munic\u00edpio de S\u00e3o Jo\u00e3o da Barra. Neste momento de crise, este \u00e9 um dia muito feliz para todos n\u00f3s, ao vermos que o Porto do A\u00e7u est\u00e1 em pleno funcionamento e, com isso, trazendo um crescimento muito grande para toda a nossa regi\u00e3o\u201d<\/em>.<\/span><\/p>\n<p><span style=\"color: #000000;\"><strong>Terminais<\/strong><\/span><\/p>\n<p><span style=\"color: #000000;\">O Terminal Multicargas (T-MULT) est\u00e1 instalado no Terminal 2 (terminal onshore) do Porto do A\u00e7u. Representando uma nova alternativa de escoamento para o Sudeste brasileiro, o T-MULT possibilita o acesso direto de clientes instalados na retro\u00e1rea a um terminal portu\u00e1rio, desenvolvendo o complexo industrial do porto e concretizando o conceito porto-ind\u00fastria. Com este conceito, o Porto do A\u00e7u traz para o Brasil uma solu\u00e7\u00e3o integrada que visa atender em um \u00fanico lugar todas as necessidades dos clientes, oferecendo competividade, servi\u00e7os com qualidade e reduzindo o risco Brasil.<\/span><\/p>\n<p><span style=\"color: #000000;\">O Terminal de Combust\u00edveis Mar\u00edtimos do A\u00e7u (TECMA), come\u00e7ou a operar neste m\u00eas com a comercializa\u00e7\u00e3o de combust\u00edvel mar\u00edtimo sob a marca BP Marine. Parceria entre a Prumo e a BP, o terminal oferece servi\u00e7os de abastecimento de combust\u00edveis para embarca\u00e7\u00f5es que estiverem no Porto do A\u00e7u e clientes operando na regi\u00e3o. A opera\u00e7\u00e3o deste terminal \u00e9 um marco para o Porto do A\u00e7u, que ir\u00e1 se configurar como a melhor op\u00e7\u00e3o para abastecimento no estado do Rio de Janeiro.<\/span><\/p>\n<p><span style=\"color: #000000;\">J\u00e1 o Terminal de Petr\u00f3leo (T-OIL), \u00e9 uma parceria da Prumo com a alem\u00e3 Oiltanking, que est\u00e1 iniciando suas opera\u00e7\u00f5es de comissionamento. Com atuais 20,5 metros de profundidade, e expans\u00e3o prevista para 25 metros, o T-OIL est\u00e1 licenciado para movimentar 1,2 milh\u00e3o de barris de petr\u00f3leo por dia e \u00e9 o \u00fanico terminal privado no pa\u00eds para opera\u00e7\u00e3o de transbordo de petr\u00f3leo. Com 3 ber\u00e7os dispon\u00edveis ao longo de 1,4 km de quebra-mar, no terminal ser\u00e3o realizadas opera\u00e7\u00f5es em \u00e1rea abrigada, que possibilita uma opera\u00e7\u00e3o segura e r\u00e1pida, com efici\u00eancia e redu\u00e7\u00e3o de custos para os clientes. O resultado \u00e9 o aumento da competitividade do petr\u00f3leo brasileiro. Al\u00e9m disso, a opera\u00e7\u00e3o no Porto do A\u00e7u re\u00fane caracter\u00edsticas de alto n\u00edvel que oferecem atendimento de qualidade para toda a ind\u00fastria de \u00f3leo e g\u00e1s.<\/span><\/p>\n","protected":false},"excerpt":{"rendered":"<p>Evento de inaugura\u00e7\u00e3o contou com a participa\u00e7\u00e3o do ministro dos Transportes e representantes dos poderes municipal e estadual, al\u00e9m de executivos do setor O Porto do A\u00e7u inaugurou, na ter\u00e7a-feira (7), tr\u00eas terminais do empreendimento: o Terminal de Petr\u00f3leo (T-OIL), o Terminal Multicargas (T-MULT) e o Terminal de Combust\u00edveis Mar\u00edtimos do A\u00e7u (TECMA). Os espa\u00e7os [&hellip;]<\/p>\n","protected":false},"author":1,"featured_media":2070,"comment_status":"open","ping_status":"open","sticky":false,"template":"","format":"standard","meta":{"_uag_custom_page_level_css":"","footnotes":""},"categories":[1],"tags":[4543,7725,9146,10375,10647,11052,11684,11694],"class_list":["post-2069","post","type-post","status-publish","format-standard","has-post-thumbnail","hentry","category-sem-categoria","tag-espirito-santo","tag-ministerio-dos-transportes","tag-porto-do-acu","tag-rio-de-janeiro","tag-sao-joao-da-barra","tag-shell","tag-terminal-de-combustiveis-maritimos-do-acu-tecma","tag-terminal-multicargas-t-mult"],"blocksy_meta":[],"spectra_blocks_featured_image_url":[],"spectra_blocks_author_info":{"display_name":"Jornal da Constru\u00e7\u00e3o Civil","avatar_url":"https:\/\/secure.gravatar.com\/avatar\/973c9774fd44ddaceb026973c4962faa70fc512bc4c9da68e8ebb40fecee6540?s=96&d=mm&r=g","author_link":"https:\/\/construcaocivil.siriusmarketingedesign.com.br\/?author=1","description":"Desde de 2013, levando muitas informa\u00e7\u00f5es, lan\u00e7amentos e produtos de qualidade para toda cadeia produtiva da constru\u00e7\u00e3o. O Futuro da constru\u00e7\u00e3o passa por aqui,"},"uagb_featured_image_src":{"full":false,"thumbnail":false,"medium":false,"medium_large":false,"large":false,"1536x1536":false,"2048x2048":false},"uagb_author_info":{"display_name":"Jornal da Constru\u00e7\u00e3o Civil","author_link":"https:\/\/construcaocivil.siriusmarketingedesign.com.br\/?author=1"},"uagb_comment_info":0,"uagb_excerpt":"Evento de inaugura\u00e7\u00e3o contou com a participa\u00e7\u00e3o do ministro dos Transportes e representantes dos poderes municipal e estadual, al\u00e9m de executivos do setor O Porto do A\u00e7u inaugurou, na ter\u00e7a-feira (7), tr\u00eas terminais do empreendimento: o Terminal de Petr\u00f3leo (T-OIL), o Terminal Multicargas (T-MULT) e o Terminal de Combust\u00edveis Mar\u00edtimos do A\u00e7u (TECMA). Os espa\u00e7os&hellip;","_links":{"self":[{"href":"https:\/\/construcaocivil.siriusmarketingedesign.com.br\/index.php?rest_route=\/wp\/v2\/posts\/2069","targetHints":{"allow":["GET"]}}],"collection":[{"href":"https:\/\/construcaocivil.siriusmarketingedesign.com.br\/index.php?rest_route=\/wp\/v2\/posts"}],"about":[{"href":"https:\/\/construcaocivil.siriusmarketingedesign.com.br\/index.php?rest_route=\/wp\/v2\/types\/post"}],"author":[{"embeddable":true,"href":"https:\/\/construcaocivil.siriusmarketingedesign.com.br\/index.php?rest_route=\/wp\/v2\/users\/1"}],"replies":[{"embeddable":true,"href":"https:\/\/construcaocivil.siriusmarketingedesign.com.br\/index.php?rest_route=%2Fwp%2Fv2%2Fcomments&post=2069"}],"version-history":[{"count":0,"href":"https:\/\/construcaocivil.siriusmarketingedesign.com.br\/index.php?rest_route=\/wp\/v2\/posts\/2069\/revisions"}],"wp:attachment":[{"href":"https:\/\/construcaocivil.siriusmarketingedesign.com.br\/index.php?rest_route=%2Fwp%2Fv2%2Fmedia&parent=2069"}],"wp:term":[{"taxonomy":"category","embeddable":true,"href":"https:\/\/construcaocivil.siriusmarketingedesign.com.br\/index.php?rest_route=%2Fwp%2Fv2%2Fcategories&post=2069"},{"taxonomy":"post_tag","embeddable":true,"href":"https:\/\/construcaocivil.siriusmarketingedesign.com.br\/index.php?rest_route=%2Fwp%2Fv2%2Ftags&post=2069"}],"curies":[{"name":"wp","href":"https:\/\/api.w.org\/{rel}","templated":true}]}}