{"id":20695,"date":"2022-12-31T17:53:45","date_gmt":"2022-12-31T20:53:45","guid":{"rendered":"https:\/\/www.jornaldaconstrucaocivil.com.br\/?p=20695"},"modified":"2022-12-31T17:53:45","modified_gmt":"2022-12-31T20:53:45","slug":"forca-feminina-banco-do-brasil-e-caixa-serao-comandados-por-funcionarias-de-carreira","status":"publish","type":"post","link":"https:\/\/construcaocivil.siriusmarketingedesign.com.br\/?p=20695","title":{"rendered":"For\u00e7a feminina: Banco do Brasil e CAIXA ser\u00e3o comandados por funcion\u00e1rias de carreira"},"content":{"rendered":"<p style=\"text-align: justify;\">Como prometido, LULA deu uma cara mais plural para seu novo governo ao nomear mulheres, negros e ind\u00edgenas para compor juntamente com o establishment\u00a0 (homens brancos), sua gest\u00e3o, chamada de\u00a0 FRENTE AMPLA que se inicia no dia 1\u00ba de janeiro de 2023.<\/p>\n<p style=\"text-align: justify;\">Nesta \u00faltimo sexta\u00a0 (30\/12), foram confirmadas pelo Ministro da Fazenda, Fernando Haddad os nomes das novas presidente (s), dos Banco do Brasil e Caixa Econ\u00f4mica Federal. No BB, Tarciana Medeiros ser\u00e1 a primeira mulher \u00e0 presidir o banco em mais de 200 anos de exist\u00eancia.\u00a0 Tarciana, entrou na institui\u00e7\u00e3o em 2000 e \u00e9 gerente executiva desde de 2019.<\/p>\n<p style=\"text-align: justify;\">Na CAIXA, Maria Rita Serrano ser\u00e1 a presidente do banco. Rita, trabalha na institui\u00e7\u00e3o desde de 1989, onde trabalhou em diversas \u00e1reas e fun\u00e7\u00f5es. Ainda, a futura da CAIXA foi presidente do Sindicato dos Banc\u00e1rios do ABC Paulista.<\/p>\n<p style=\"text-align: justify;\">\n<p style=\"text-align: justify;\">O BNDES ser\u00e1 presidido por Aloizio Mercadante.<\/p>\n<p style=\"text-align: justify;\">\n<p style=\"text-align: justify;\">De acordo com o SERASA, o n\u00fameros de brasileiros inadimplentes ao final de 2022, chega ao n\u00famero recorde de 67 milh\u00f5es de brasileiros.<\/p>\n<p style=\"text-align: justify;\">\n<p style=\"text-align: justify;\"><span style=\"color: #003300;\"><em><strong>Confira a lista e hor\u00e1rio da posse dos ministros nomeados:\u00a0<\/strong><\/em><\/span><\/p>\n<p style=\"text-align: justify;\">\n<p style=\"text-align: justify;\">Fazenda, Fernando Haddad &#8211; 02\/01, \u00e0s 9h &#8211; CCBB<\/p>\n<p style=\"text-align: justify;\">\n<p style=\"text-align: justify;\">Educa\u00e7\u00e3o, Camilo Santana &#8211; 02\/01, \u00e0s 10h &#8211; Audit\u00f3rio do MEC<\/p>\n<p style=\"text-align: justify;\">\n<p style=\"text-align: justify;\">\n<p style=\"text-align: justify;\">Casa Civil, Rui Costa &#8211; 02\/01, \u00e0s 10h30 &#8211; Pal\u00e1cio do Planalto<\/p>\n<p style=\"text-align: justify;\">\n<p style=\"text-align: justify;\">Sa\u00fade, N\u00edsia Trindade &#8211; 02\/01, \u00e0s 11h30 &#8211; Minist\u00e9rio da Sa\u00fade<\/p>\n<p style=\"text-align: justify;\">\n<p style=\"text-align: justify;\">Justi\u00e7a e Seguran\u00e7a, Fl\u00e1vio Dino &#8211; 02\/01, \u00e0s 14h &#8211; Minist\u00e9rio da Justi\u00e7a<\/p>\n<p style=\"text-align: justify;\">\n<p style=\"text-align: justify;\">Secretaria das Rela\u00e7\u00f5es Institucionais, Alexandre Padilha &#8211; 02\/01, \u00e0s 14h &#8211; Pal\u00e1cio do Planalto<\/p>\n<p style=\"text-align: justify;\">\n<p style=\"text-align: justify;\">Defesa , Jos\u00e9 M\u00facio Monteiro &#8211; 02\/01, \u00e0s 15h -Minist\u00e9rio da Defesa<\/p>\n<p style=\"text-align: justify;\">\n<p style=\"text-align: justify;\">Gest\u00e3o, Inova\u00e7\u00e3o e Servi\u00e7os P\u00fablicos, Esther Dweck &#8211; 02\/01, \u00e0s 15h30- Minist\u00e9rio da Gest\u00e3o<\/p>\n<p style=\"text-align: justify;\">\n<p style=\"text-align: justify;\">Ci\u00eancia, Tecnologia e Inova\u00e7\u00e3o, Luciana Santos &#8211; 02\/01, \u00e0s 15h30 &#8211; MCTI<\/p>\n<p style=\"text-align: justify;\">\n<p style=\"text-align: justify;\">Desenvolvimento Social, Wellington Dias &#8211; 02\/01, \u00e0s 16h30 &#8211; Minist\u00e9rio da Cidadania<\/p>\n<p style=\"text-align: justify;\">\n<p style=\"text-align: justify;\">Portos e Aeroportos, M\u00e1rcio Fran\u00e7a &#8211; 02\/01, \u00e0s 17h<\/p>\n<p style=\"text-align: justify;\">\n<p style=\"text-align: justify;\">Secretaria-geral, M\u00e1rcio Macedo &#8211; 02\/01, \u00e0s 17h -Pal\u00e1cio do Planalto<\/p>\n<p style=\"text-align: justify;\">\n<p style=\"text-align: justify;\">Rela\u00e7\u00f5es Exteriores, Mauro Vieira &#8211; 02\/01, \u00e0s 18h &#8211; Itamaraty<\/p>\n<p style=\"text-align: justify;\">\n<p style=\"text-align: justify;\">Cultura, Margareth Menezes &#8211; 02\/01, \u00e0s 18h30 &#8211; Museu Nacional<\/p>\n<p style=\"text-align: justify;\">\n<p style=\"text-align: justify;\">Advocacia-geral da Uni\u00e3o, Jorge Messias &#8211; 02\/01, \u00e0s 19h &#8211; Pal\u00e1cio do Planalto<\/p>\n<p style=\"text-align: justify;\">\n<p style=\"text-align: justify;\">Trabalho e emprego, Luiz Marinho &#8211; 03\/01, \u00e0s 10h<\/p>\n<p style=\"text-align: justify;\">\n<p style=\"text-align: justify;\">Secretaria de Comunica\u00e7\u00e3o Social, Paulo Pimenta &#8211; 03\/01, \u00e0s 15h &#8211; Pal\u00e1cio do Planalto<\/p>\n<p style=\"text-align: justify;\">\n<p style=\"text-align: justify;\">Mulheres, Cida Gon\u00e7alves &#8211; 04\/01, \u00e0s 9h &#8211; Bloco C, Esplanada<\/p>\n<p style=\"text-align: justify;\">\n<p style=\"text-align: justify;\">Desenvolvimento, Ind\u00fastria, Com\u00e9rcio e Servi\u00e7os, Geraldo Alckmin -04\/01, \u00e0s 11h &#8211; Pal\u00e1cio do Planalto<\/p>\n","protected":false},"excerpt":{"rendered":"<p>Como prometido, LULA deu uma cara mais plural para seu novo governo ao nomear mulheres, negros e ind\u00edgenas para compor juntamente com o establishment\u00a0 (homens brancos), sua gest\u00e3o, chamada de\u00a0 FRENTE AMPLA que se inicia no dia 1\u00ba de janeiro de 2023. Nesta \u00faltimo sexta\u00a0 (30\/12), foram confirmadas pelo Ministro da Fazenda, Fernando Haddad os [&hellip;]<\/p>\n","protected":false},"author":1,"featured_media":20697,"comment_status":"open","ping_status":"open","sticky":false,"template":"","format":"standard","meta":{"_uag_custom_page_level_css":"","footnotes":""},"categories":[33],"tags":[],"class_list":["post-20695","post","type-post","status-publish","format-standard","has-post-thumbnail","hentry","category-mercado"],"blocksy_meta":[],"spectra_blocks_featured_image_url":{"thumbnail":{"url":"https:\/\/construcaocivil.siriusmarketingedesign.com.br\/wp-content\/uploads\/2022\/12\/FlPPkmqXgAExdZy-150x150.jpg","width":150,"height":150},"medium":{"url":"https:\/\/construcaocivil.siriusmarketingedesign.com.br\/wp-content\/uploads\/2022\/12\/FlPPkmqXgAExdZy-300x208.jpg","width":300,"height":208},"medium_large":{"url":"https:\/\/construcaocivil.siriusmarketingedesign.com.br\/wp-content\/uploads\/2022\/12\/FlPPkmqXgAExdZy.jpg","width":679,"height":471},"large":{"url":"https:\/\/construcaocivil.siriusmarketingedesign.com.br\/wp-content\/uploads\/2022\/12\/FlPPkmqXgAExdZy.jpg","width":679,"height":471},"full":{"url":"https:\/\/construcaocivil.siriusmarketingedesign.com.br\/wp-content\/uploads\/2022\/12\/FlPPkmqXgAExdZy.jpg","width":679,"height":471}},"spectra_blocks_author_info":{"display_name":"Jornal da Constru\u00e7\u00e3o Civil","avatar_url":"https:\/\/secure.gravatar.com\/avatar\/973c9774fd44ddaceb026973c4962faa70fc512bc4c9da68e8ebb40fecee6540?s=96&d=mm&r=g","author_link":"https:\/\/construcaocivil.siriusmarketingedesign.com.br\/?author=1","description":"Desde de 2013, levando muitas informa\u00e7\u00f5es, lan\u00e7amentos e produtos de qualidade para toda cadeia produtiva da constru\u00e7\u00e3o. O Futuro da constru\u00e7\u00e3o passa por aqui,"},"uagb_featured_image_src":{"full":["https:\/\/construcaocivil.siriusmarketingedesign.com.br\/wp-content\/uploads\/2022\/12\/FlPPkmqXgAExdZy.jpg",679,471,false],"thumbnail":["https:\/\/construcaocivil.siriusmarketingedesign.com.br\/wp-content\/uploads\/2022\/12\/FlPPkmqXgAExdZy-150x150.jpg",150,150,true],"medium":["https:\/\/construcaocivil.siriusmarketingedesign.com.br\/wp-content\/uploads\/2022\/12\/FlPPkmqXgAExdZy-300x208.jpg",300,208,true],"medium_large":["https:\/\/construcaocivil.siriusmarketingedesign.com.br\/wp-content\/uploads\/2022\/12\/FlPPkmqXgAExdZy.jpg",679,471,false],"large":["https:\/\/construcaocivil.siriusmarketingedesign.com.br\/wp-content\/uploads\/2022\/12\/FlPPkmqXgAExdZy.jpg",679,471,false],"1536x1536":["https:\/\/construcaocivil.siriusmarketingedesign.com.br\/wp-content\/uploads\/2022\/12\/FlPPkmqXgAExdZy.jpg",679,471,false],"2048x2048":["https:\/\/construcaocivil.siriusmarketingedesign.com.br\/wp-content\/uploads\/2022\/12\/FlPPkmqXgAExdZy.jpg",679,471,false]},"uagb_author_info":{"display_name":"Jornal da Constru\u00e7\u00e3o Civil","author_link":"https:\/\/construcaocivil.siriusmarketingedesign.com.br\/?author=1"},"uagb_comment_info":0,"uagb_excerpt":"Como prometido, LULA deu uma cara mais plural para seu novo governo ao nomear mulheres, negros e ind\u00edgenas para compor juntamente com o establishment\u00a0 (homens brancos), sua gest\u00e3o, chamada de\u00a0 FRENTE AMPLA que se inicia no dia 1\u00ba de janeiro de 2023. Nesta \u00faltimo sexta\u00a0 (30\/12), foram confirmadas pelo Ministro da Fazenda, Fernando Haddad os&hellip;","_links":{"self":[{"href":"https:\/\/construcaocivil.siriusmarketingedesign.com.br\/index.php?rest_route=\/wp\/v2\/posts\/20695","targetHints":{"allow":["GET"]}}],"collection":[{"href":"https:\/\/construcaocivil.siriusmarketingedesign.com.br\/index.php?rest_route=\/wp\/v2\/posts"}],"about":[{"href":"https:\/\/construcaocivil.siriusmarketingedesign.com.br\/index.php?rest_route=\/wp\/v2\/types\/post"}],"author":[{"embeddable":true,"href":"https:\/\/construcaocivil.siriusmarketingedesign.com.br\/index.php?rest_route=\/wp\/v2\/users\/1"}],"replies":[{"embeddable":true,"href":"https:\/\/construcaocivil.siriusmarketingedesign.com.br\/index.php?rest_route=%2Fwp%2Fv2%2Fcomments&post=20695"}],"version-history":[{"count":0,"href":"https:\/\/construcaocivil.siriusmarketingedesign.com.br\/index.php?rest_route=\/wp\/v2\/posts\/20695\/revisions"}],"wp:featuredmedia":[{"embeddable":true,"href":"https:\/\/construcaocivil.siriusmarketingedesign.com.br\/index.php?rest_route=\/wp\/v2\/media\/20697"}],"wp:attachment":[{"href":"https:\/\/construcaocivil.siriusmarketingedesign.com.br\/index.php?rest_route=%2Fwp%2Fv2%2Fmedia&parent=20695"}],"wp:term":[{"taxonomy":"category","embeddable":true,"href":"https:\/\/construcaocivil.siriusmarketingedesign.com.br\/index.php?rest_route=%2Fwp%2Fv2%2Fcategories&post=20695"},{"taxonomy":"post_tag","embeddable":true,"href":"https:\/\/construcaocivil.siriusmarketingedesign.com.br\/index.php?rest_route=%2Fwp%2Fv2%2Ftags&post=20695"}],"curies":[{"name":"wp","href":"https:\/\/api.w.org\/{rel}","templated":true}]}}