{"id":20699,"date":"2023-01-02T11:02:45","date_gmt":"2023-01-02T14:02:45","guid":{"rendered":"https:\/\/www.jornaldaconstrucaocivil.com.br\/?p=20699"},"modified":"2023-01-02T11:02:45","modified_gmt":"2023-01-02T14:02:45","slug":"brasil-nascendo-de-novo-lula-pede-combate-a-fome-e-a-desigualdade-no-brasil","status":"publish","type":"post","link":"https:\/\/construcaocivil.siriusmarketingedesign.com.br\/?p=20699","title":{"rendered":"Brasil nascendo de novo: Lula pede combate a fome e a desigualdade no Brasil"},"content":{"rendered":"<p>Um menino negro da periferia, uma catadora de materiais recicl\u00e1veis, um l\u00edder ind\u00edgena, um metal\u00fargico, um professor, uma cozinheira, um jovem com defici\u00eancia, um artes\u00e3o, uma cachorrinha resgatada das ruas.<\/p>\n<p>Foi ao lado deles, de bra\u00e7os dados, que Lula subiu a rampa do Pal\u00e1cio do Planalto. E foi deles que Lula recebeu, pela terceira vez na vida, a faixa de presidente da Rep\u00fablica, no domingo, 1\u00ba de janeiro de 2023.<\/p>\n<p>A cerim\u00f4nia, organizada pela primeira-dama, Janja da Silva, foi revestida de um poderoso simbolismo para que n\u00e3o haja d\u00favidas: o governo que se inicia \u00e9 fruto da vontade do povo brasileiro. E \u00e9 para o povo brasileiro que ele existir\u00e1<\/p>\n<p><iframe id=\"twitter-widget-0\" class=\"\" title=\"Twitter Tweet\" src=\"https:\/\/platform.twitter.com\/embed\/Tweet.html?dnt=true&amp;embedId=twitter-widget-0&amp;features=eyJ0ZndfdGltZWxpbmVfbGlzdCI6eyJidWNrZXQiOlsibGlua3RyLmVlIiwidHIuZWUiLCJ0ZXJyYS5jb20uYnIiLCJ3d3cubGlua3RyLmVlIiwid3d3LnRyLmVlIiwid3d3LnRlcnJhLmNvbS5iciJdLCJ2ZXJzaW9uIjpudWxsfSwidGZ3X2hvcml6b25fdGltZWxpbmVfMTIwMzQiOnsiYnVja2V0IjoidHJlYXRtZW50IiwidmVyc2lvbiI6bnVsbH0sInRmd190d2VldF9lZGl0X2JhY2tlbmQiOnsiYnVja2V0Ijoib24iLCJ2ZXJzaW9uIjpudWxsfSwidGZ3X3JlZnNyY19zZXNzaW9uIjp7ImJ1Y2tldCI6Im9uIiwidmVyc2lvbiI6bnVsbH0sInRmd19zaG93X2J1c2luZXNzX3ZlcmlmaWVkX2JhZGdlIjp7ImJ1Y2tldCI6Im9uIiwidmVyc2lvbiI6bnVsbH0sInRmd19jaGluX3BpbGxzXzE0NzQxIjp7ImJ1Y2tldCI6ImNvbG9yX2ljb25zIiwidmVyc2lvbiI6bnVsbH0sInRmd190d2VldF9yZXN1bHRfbWlncmF0aW9uXzEzOTc5Ijp7ImJ1Y2tldCI6InR3ZWV0X3Jlc3VsdCIsInZlcnNpb24iOm51bGx9LCJ0ZndfbWl4ZWRfbWVkaWFfMTU4OTciOnsiYnVja2V0IjoidHJlYXRtZW50IiwidmVyc2lvbiI6bnVsbH0sInRmd19zZW5zaXRpdmVfbWVkaWFfaW50ZXJzdGl0aWFsXzEzOTYzIjp7ImJ1Y2tldCI6ImludGVyc3RpdGlhbCIsInZlcnNpb24iOm51bGx9LCJ0ZndfZXhwZXJpbWVudHNfY29va2llX2V4cGlyYXRpb24iOnsiYnVja2V0IjoxMjA5NjAwLCJ2ZXJzaW9uIjpudWxsfSwidGZ3X2R1cGxpY2F0ZV9zY3JpYmVzX3RvX3NldHRpbmdzIjp7ImJ1Y2tldCI6Im9uIiwidmVyc2lvbiI6bnVsbH0sInRmd192aWRlb19obHNfZHluYW1pY19tYW5pZmVzdHNfMTUwODIiOnsiYnVja2V0IjoidHJ1ZV9iaXRyYXRlIiwidmVyc2lvbiI6bnVsbH0sInRmd19zaG93X2JsdWVfdmVyaWZpZWRfYmFkZ2UiOnsiYnVja2V0Ijoib24iLCJ2ZXJzaW9uIjpudWxsfSwidGZ3X3Nob3dfZ292X3ZlcmlmaWVkX2JhZGdlIjp7ImJ1Y2tldCI6Im9uIiwidmVyc2lvbiI6bnVsbH0sInRmd19zaG93X2J1c2luZXNzX2FmZmlsaWF0ZV9iYWRnZSI6eyJidWNrZXQiOiJvbiIsInZlcnNpb24iOm51bGx9LCJ0ZndfdHdlZXRfZWRpdF9mcm9udGVuZCI6eyJidWNrZXQiOiJvbiIsInZlcnNpb24iOm51bGx9fQ%3D%3D&amp;frame=false&amp;hideCard=false&amp;hideThread=false&amp;id=1609600857435242497&amp;lang=pt&amp;origin=https%3A%2F%2Fpt.org.br%2Flula-recebe-a-faixa-do-povo-brasileiro-nosso-bem-mais-precioso%2F&amp;sessionId=f019667d5014e48a8a4535830112fd6cc9d9e9b3&amp;siteScreenName=ptbrasil&amp;theme=light&amp;widgetsVersion=a3525f077c700%3A1667415560940&amp;width=500px\" frameborder=\"0\" scrolling=\"no\" allowfullscreen=\"allowfullscreen\" data-tweet-id=\"1609600857435242497\"><\/iframe><\/p>\n<p>Ap\u00f3s receber a faixa verde e amarela no ombro direito, colocada pela catadora Aline Sousa, 33 anos, Lula chorou. E abra\u00e7ou o pequeno Francisco, morador de Itaquera de 10 anos, quando o Hino Nacional, de todos os brasileiros, soou pela Pra\u00e7a dos Tr\u00eas Poderes.<\/p>\n<p>Do alto da rampa, Lula; Janja; o vice-presidente Geraldo Alckmin e a esposa, Lu Alckmin; Aline; Francisco; o l\u00edder ind\u00edgena Raoni; Jucimara Santos, cozinheira do acampamento Lula Livre; Fl\u00e1vio Pereira, artes\u00e3o que tamb\u00e9m atuou no acampamento; o metal\u00fargico Wesley Rocha; o professor Murilo Jesus; e Ivan Baron, jovem nordestino refer\u00eancia na luta anticapacitista, puderam ver a multid\u00e3o \u00e0 frente deles desfraldar uma imensa bandeira do Brasil, que tamb\u00e9m \u00e9 de todos os brasileiros.<\/p>\n<p><strong>LEIA MAIS:\u00a0<a href=\"https:\/\/lula.com.br\/saiba-quem-entregou-a-faixa-presidencial-a-lula\/\" target=\"_blank\" rel=\"noopener\">Conhe\u00e7a as pessoas que passaram a faixa de presidente a Lula<\/a><\/strong><\/p>\n<p>E foi assim, sob o c\u00e9u azul de Bras\u00edlia, que n\u00e3o dava mais nenhum sinal da chuva que caiu sobre a capital federal nos dias anteriores, que o pa\u00eds mostrou ao mundo que n\u00e3o abre m\u00e3o da democracia.<\/p>\n<h3><strong>Contra a fome e a desigualdade<\/strong><\/h3>\n<p>No entanto, as centenas de milhares de mulheres, homens e crian\u00e7as que lotaram a Pra\u00e7a dos Tr\u00eas Poderes e a Esplanada dos Minist\u00e9rios queriam mais. Queriam ouvir Lula. E ele n\u00e3o os decepcionou.<\/p>\n<p>Do alto do parlat\u00f3rio, o metal\u00fargico, considerado o melhor presidente da hist\u00f3ria do Brasil, prometeu fazer um novo governo de uni\u00e3o e reconstru\u00e7\u00e3o.<\/p>\n<p>\u201cVou governar para os 215 milh\u00f5es de brasileiros e brasileiras, e n\u00e3o apenas para quem votou em mim\u201d, garantiu logo no in\u00edcio, para depois reafirmar seu compromisso com os que mais precisam.<\/p>\n<div class=\"related-news desktop\"><\/div>\n","protected":false},"excerpt":{"rendered":"<p>Um menino negro da periferia, uma catadora de materiais recicl\u00e1veis, um l\u00edder ind\u00edgena, um metal\u00fargico, um professor, uma cozinheira, um jovem com defici\u00eancia, um artes\u00e3o, uma cachorrinha resgatada das ruas. Foi ao lado deles, de bra\u00e7os dados, que Lula subiu a rampa do Pal\u00e1cio do Planalto. E foi deles que Lula recebeu, pela terceira vez [&hellip;]<\/p>\n","protected":false},"author":1,"featured_media":20700,"comment_status":"open","ping_status":"open","sticky":false,"template":"","format":"standard","meta":{"_uag_custom_page_level_css":"","footnotes":""},"categories":[27],"tags":[24676,24675,24674,24677,1569,24673],"class_list":["post-20699","post","type-post","status-publish","format-standard","has-post-thumbnail","hentry","category-acontece","tag-comidaecidadania","tag-minhacasaminhavida","tag-naoracismo","tag-negroseindios","tag-brasilia","tag-posse-de-lula"],"blocksy_meta":[],"spectra_blocks_featured_image_url":{"thumbnail":{"url":"https:\/\/construcaocivil.siriusmarketingedesign.com.br\/wp-content\/uploads\/2023\/01\/a82a56f3-IMG-20230101-WA0560-150x150.jpg","width":150,"height":150},"medium":{"url":"https:\/\/construcaocivil.siriusmarketingedesign.com.br\/wp-content\/uploads\/2023\/01\/a82a56f3-IMG-20230101-WA0560-300x178.jpg","width":300,"height":178},"medium_large":{"url":"https:\/\/construcaocivil.siriusmarketingedesign.com.br\/wp-content\/uploads\/2023\/01\/a82a56f3-IMG-20230101-WA0560-768x455.jpg","width":768,"height":455},"large":{"url":"https:\/\/construcaocivil.siriusmarketingedesign.com.br\/wp-content\/uploads\/2023\/01\/a82a56f3-IMG-20230101-WA0560.jpg","width":1024,"height":606},"full":{"url":"https:\/\/construcaocivil.siriusmarketingedesign.com.br\/wp-content\/uploads\/2023\/01\/a82a56f3-IMG-20230101-WA0560.jpg","width":1024,"height":606}},"spectra_blocks_author_info":{"display_name":"Jornal da Constru\u00e7\u00e3o Civil","avatar_url":"https:\/\/secure.gravatar.com\/avatar\/973c9774fd44ddaceb026973c4962faa70fc512bc4c9da68e8ebb40fecee6540?s=96&d=mm&r=g","author_link":"https:\/\/construcaocivil.siriusmarketingedesign.com.br\/?author=1","description":"Desde de 2013, levando muitas informa\u00e7\u00f5es, lan\u00e7amentos e produtos de qualidade para toda cadeia produtiva da constru\u00e7\u00e3o. O Futuro da constru\u00e7\u00e3o passa por aqui,"},"uagb_featured_image_src":{"full":["https:\/\/construcaocivil.siriusmarketingedesign.com.br\/wp-content\/uploads\/2023\/01\/a82a56f3-IMG-20230101-WA0560.jpg",1024,606,false],"thumbnail":["https:\/\/construcaocivil.siriusmarketingedesign.com.br\/wp-content\/uploads\/2023\/01\/a82a56f3-IMG-20230101-WA0560-150x150.jpg",150,150,true],"medium":["https:\/\/construcaocivil.siriusmarketingedesign.com.br\/wp-content\/uploads\/2023\/01\/a82a56f3-IMG-20230101-WA0560-300x178.jpg",300,178,true],"medium_large":["https:\/\/construcaocivil.siriusmarketingedesign.com.br\/wp-content\/uploads\/2023\/01\/a82a56f3-IMG-20230101-WA0560-768x455.jpg",768,455,true],"large":["https:\/\/construcaocivil.siriusmarketingedesign.com.br\/wp-content\/uploads\/2023\/01\/a82a56f3-IMG-20230101-WA0560.jpg",1024,606,false],"1536x1536":["https:\/\/construcaocivil.siriusmarketingedesign.com.br\/wp-content\/uploads\/2023\/01\/a82a56f3-IMG-20230101-WA0560.jpg",1024,606,false],"2048x2048":["https:\/\/construcaocivil.siriusmarketingedesign.com.br\/wp-content\/uploads\/2023\/01\/a82a56f3-IMG-20230101-WA0560.jpg",1024,606,false]},"uagb_author_info":{"display_name":"Jornal da Constru\u00e7\u00e3o Civil","author_link":"https:\/\/construcaocivil.siriusmarketingedesign.com.br\/?author=1"},"uagb_comment_info":0,"uagb_excerpt":"Um menino negro da periferia, uma catadora de materiais recicl\u00e1veis, um l\u00edder ind\u00edgena, um metal\u00fargico, um professor, uma cozinheira, um jovem com defici\u00eancia, um artes\u00e3o, uma cachorrinha resgatada das ruas. Foi ao lado deles, de bra\u00e7os dados, que Lula subiu a rampa do Pal\u00e1cio do Planalto. E foi deles que Lula recebeu, pela terceira vez&hellip;","_links":{"self":[{"href":"https:\/\/construcaocivil.siriusmarketingedesign.com.br\/index.php?rest_route=\/wp\/v2\/posts\/20699","targetHints":{"allow":["GET"]}}],"collection":[{"href":"https:\/\/construcaocivil.siriusmarketingedesign.com.br\/index.php?rest_route=\/wp\/v2\/posts"}],"about":[{"href":"https:\/\/construcaocivil.siriusmarketingedesign.com.br\/index.php?rest_route=\/wp\/v2\/types\/post"}],"author":[{"embeddable":true,"href":"https:\/\/construcaocivil.siriusmarketingedesign.com.br\/index.php?rest_route=\/wp\/v2\/users\/1"}],"replies":[{"embeddable":true,"href":"https:\/\/construcaocivil.siriusmarketingedesign.com.br\/index.php?rest_route=%2Fwp%2Fv2%2Fcomments&post=20699"}],"version-history":[{"count":0,"href":"https:\/\/construcaocivil.siriusmarketingedesign.com.br\/index.php?rest_route=\/wp\/v2\/posts\/20699\/revisions"}],"wp:featuredmedia":[{"embeddable":true,"href":"https:\/\/construcaocivil.siriusmarketingedesign.com.br\/index.php?rest_route=\/wp\/v2\/media\/20700"}],"wp:attachment":[{"href":"https:\/\/construcaocivil.siriusmarketingedesign.com.br\/index.php?rest_route=%2Fwp%2Fv2%2Fmedia&parent=20699"}],"wp:term":[{"taxonomy":"category","embeddable":true,"href":"https:\/\/construcaocivil.siriusmarketingedesign.com.br\/index.php?rest_route=%2Fwp%2Fv2%2Fcategories&post=20699"},{"taxonomy":"post_tag","embeddable":true,"href":"https:\/\/construcaocivil.siriusmarketingedesign.com.br\/index.php?rest_route=%2Fwp%2Fv2%2Ftags&post=20699"}],"curies":[{"name":"wp","href":"https:\/\/api.w.org\/{rel}","templated":true}]}}