{"id":20702,"date":"2023-01-02T16:14:29","date_gmt":"2023-01-02T19:14:29","guid":{"rendered":"https:\/\/www.jornaldaconstrucaocivil.com.br\/?p=20702"},"modified":"2023-01-02T16:14:29","modified_gmt":"2023-01-02T19:14:29","slug":"entenda-porque-a-industria-esta-otimista-e-aguarda-os-primeiros-atos-do-governo-lula-com-expectativa","status":"publish","type":"post","link":"https:\/\/construcaocivil.siriusmarketingedesign.com.br\/?p=20702","title":{"rendered":"Entenda porque a ind\u00fastria est\u00e1 otimista e aguarda os primeiros atos do Governo Lula com expectativa"},"content":{"rendered":"<p><em><span style=\"color: #0000ff;\">Por\u00a0Paulo Sergio Jo\u00e3o<\/span><\/em><\/p>\n<p class=\"v1ql-align-justify\" style=\"text-align: justify;\"><strong>Rio de Janeiro, Janeiro de 2023 &#8211;<\/strong>\u00a0A ind\u00fastria do Estado do Rio de Janeiro aguarda os primeiros atos do novo Governo Federal com expectativa, e viu com bons olhos a fala do presidente Lula em seu discurso de posse, no dia 1\u00ba de janeiro, sobr<\/p>\n<p class=\"v1ql-align-justify\" style=\"text-align: justify;\">e<strong>\u00a0<\/strong>n\u00e3o ter animo para revanche e que pretende trabalhar para reduzir o clima de polariza\u00e7\u00e3o marcado pela campanha. &#8220;Foi muito positivo ver o novo presidente enfatizar a import\u00e2ncia da reindustrializa\u00e7\u00e3o e combate \u00e0 desigualdade, a recria\u00e7\u00e3o do minist\u00e9rio da ind\u00fastria e com\u00e9rcio \u00e9 certamente o primeiro sinal importante nesse sentido&#8221;, afirma Gladstone Santos, vice-presidente da Rio Ind\u00fastria.<\/p>\n<p class=\"v1ql-align-justify\" style=\"text-align: justify;\">A entidade endossa que ind\u00fastria incentivada poder\u00e1 ser uma importante locomotiva para diminuir a desigualdade, crescendo e criando empregos mais qualificados e de melhor qualidade. Gladstone afirma que o Brasil, assim como o estado do Rio de Janeiro, precisa agregar valor ao produz e exporta.<\/p>\n<p class=\"v1ql-align-justify\" style=\"text-align: justify;\">&#8220;Vamos aguardar agora com muita expectativa os primeiros atos. N\u00e3o podemos ver conquistas retroagirem na reforma tribut\u00e1ria, redu\u00e7\u00e3o as exig\u00eancias das NRS, redu\u00e7\u00e3o das al\u00edquotas de IPI, precisam ser garantidas. Esperamos que as refor\u00e7as tribut\u00e1rias e administrativas sejam aceleradas. Sucesso e sorte para o novo governo,&#8221; ressalta.<\/p>\n<p class=\"v1ql-align-justify\" style=\"text-align: justify;\">De acordo com a entidade, para 2023 o Rio de Janeiro tem o desafio de melhorar e expandir sua infraestrutura, buscando tornar-se um estado cada vez mais competitivo, atraindo assim novos investimentos que contribuir\u00e3o para a gera\u00e7\u00e3o de empregos, al\u00e9m de garantir uma melhor qualidade de vida para sua popula\u00e7\u00e3o.<\/p>\n<p class=\"v1ql-align-justify\" style=\"text-align: justify;\">A Rio Ind\u00fastria v\u00ea o Rio de Janeiro como um grande Hub Log\u00edstico, visto que apesar de ser o terceiro menor estado da federa\u00e7\u00e3o, possui em seu territ\u00f3rio portos, aeroportos, rodovias, ferrovias e dutovias.\u00a0Em termos de infraestrutura, o Rio de Janeiro tem uma voca\u00e7\u00e3o natural para hub log\u00edstico, por sua localiza\u00e7\u00e3o privilegiada, a 500 km de onde se concentra 50% do PIB Nacional, e sa\u00eddas por terra, ar e mar.<\/p>\n","protected":false},"excerpt":{"rendered":"<p>Por\u00a0Paulo Sergio Jo\u00e3o Rio de Janeiro, Janeiro de 2023 &#8211;\u00a0A ind\u00fastria do Estado do Rio de Janeiro aguarda os primeiros atos do novo Governo Federal com expectativa, e viu com bons olhos a fala do presidente Lula em seu discurso de posse, no dia 1\u00ba de janeiro, sobr e\u00a0n\u00e3o ter animo para revanche e que [&hellip;]<\/p>\n","protected":false},"author":1,"featured_media":20703,"comment_status":"open","ping_status":"open","sticky":false,"template":"","format":"standard","meta":{"_uag_custom_page_level_css":"","footnotes":""},"categories":[33],"tags":[15429,7077,22684],"class_list":["post-20702","post","type-post","status-publish","format-standard","has-post-thumbnail","hentry","category-mercado","tag-investimentos-na-construcao","tag-lula","tag-rio-industria"],"blocksy_meta":[],"spectra_blocks_featured_image_url":{"thumbnail":{"url":"https:\/\/construcaocivil.siriusmarketingedesign.com.br\/wp-content\/uploads\/2023\/01\/construcao-150x150.jpg","width":150,"height":150},"medium":{"url":"https:\/\/construcaocivil.siriusmarketingedesign.com.br\/wp-content\/uploads\/2023\/01\/construcao-300x167.jpg","width":300,"height":167},"medium_large":{"url":"https:\/\/construcaocivil.siriusmarketingedesign.com.br\/wp-content\/uploads\/2023\/01\/construcao-768x427.jpg","width":768,"height":427},"large":{"url":"https:\/\/construcaocivil.siriusmarketingedesign.com.br\/wp-content\/uploads\/2023\/01\/construcao-1024x569.jpg","width":1024,"height":569},"full":{"url":"https:\/\/construcaocivil.siriusmarketingedesign.com.br\/wp-content\/uploads\/2023\/01\/construcao.jpg","width":1170,"height":650}},"spectra_blocks_author_info":{"display_name":"Jornal da Constru\u00e7\u00e3o Civil","avatar_url":"https:\/\/secure.gravatar.com\/avatar\/973c9774fd44ddaceb026973c4962faa70fc512bc4c9da68e8ebb40fecee6540?s=96&d=mm&r=g","author_link":"https:\/\/construcaocivil.siriusmarketingedesign.com.br\/?author=1","description":"Desde de 2013, levando muitas informa\u00e7\u00f5es, lan\u00e7amentos e produtos de qualidade para toda cadeia produtiva da constru\u00e7\u00e3o. O Futuro da constru\u00e7\u00e3o passa por aqui,"},"uagb_featured_image_src":{"full":["https:\/\/construcaocivil.siriusmarketingedesign.com.br\/wp-content\/uploads\/2023\/01\/construcao.jpg",1170,650,false],"thumbnail":["https:\/\/construcaocivil.siriusmarketingedesign.com.br\/wp-content\/uploads\/2023\/01\/construcao-150x150.jpg",150,150,true],"medium":["https:\/\/construcaocivil.siriusmarketingedesign.com.br\/wp-content\/uploads\/2023\/01\/construcao-300x167.jpg",300,167,true],"medium_large":["https:\/\/construcaocivil.siriusmarketingedesign.com.br\/wp-content\/uploads\/2023\/01\/construcao-768x427.jpg",768,427,true],"large":["https:\/\/construcaocivil.siriusmarketingedesign.com.br\/wp-content\/uploads\/2023\/01\/construcao-1024x569.jpg",1024,569,true],"1536x1536":["https:\/\/construcaocivil.siriusmarketingedesign.com.br\/wp-content\/uploads\/2023\/01\/construcao.jpg",1170,650,false],"2048x2048":["https:\/\/construcaocivil.siriusmarketingedesign.com.br\/wp-content\/uploads\/2023\/01\/construcao.jpg",1170,650,false]},"uagb_author_info":{"display_name":"Jornal da Constru\u00e7\u00e3o Civil","author_link":"https:\/\/construcaocivil.siriusmarketingedesign.com.br\/?author=1"},"uagb_comment_info":0,"uagb_excerpt":"Por\u00a0Paulo Sergio Jo\u00e3o Rio de Janeiro, Janeiro de 2023 &#8211;\u00a0A ind\u00fastria do Estado do Rio de Janeiro aguarda os primeiros atos do novo Governo Federal com expectativa, e viu com bons olhos a fala do presidente Lula em seu discurso de posse, no dia 1\u00ba de janeiro, sobr e\u00a0n\u00e3o ter animo para revanche e que&hellip;","_links":{"self":[{"href":"https:\/\/construcaocivil.siriusmarketingedesign.com.br\/index.php?rest_route=\/wp\/v2\/posts\/20702","targetHints":{"allow":["GET"]}}],"collection":[{"href":"https:\/\/construcaocivil.siriusmarketingedesign.com.br\/index.php?rest_route=\/wp\/v2\/posts"}],"about":[{"href":"https:\/\/construcaocivil.siriusmarketingedesign.com.br\/index.php?rest_route=\/wp\/v2\/types\/post"}],"author":[{"embeddable":true,"href":"https:\/\/construcaocivil.siriusmarketingedesign.com.br\/index.php?rest_route=\/wp\/v2\/users\/1"}],"replies":[{"embeddable":true,"href":"https:\/\/construcaocivil.siriusmarketingedesign.com.br\/index.php?rest_route=%2Fwp%2Fv2%2Fcomments&post=20702"}],"version-history":[{"count":0,"href":"https:\/\/construcaocivil.siriusmarketingedesign.com.br\/index.php?rest_route=\/wp\/v2\/posts\/20702\/revisions"}],"wp:featuredmedia":[{"embeddable":true,"href":"https:\/\/construcaocivil.siriusmarketingedesign.com.br\/index.php?rest_route=\/wp\/v2\/media\/20703"}],"wp:attachment":[{"href":"https:\/\/construcaocivil.siriusmarketingedesign.com.br\/index.php?rest_route=%2Fwp%2Fv2%2Fmedia&parent=20702"}],"wp:term":[{"taxonomy":"category","embeddable":true,"href":"https:\/\/construcaocivil.siriusmarketingedesign.com.br\/index.php?rest_route=%2Fwp%2Fv2%2Fcategories&post=20702"},{"taxonomy":"post_tag","embeddable":true,"href":"https:\/\/construcaocivil.siriusmarketingedesign.com.br\/index.php?rest_route=%2Fwp%2Fv2%2Ftags&post=20702"}],"curies":[{"name":"wp","href":"https:\/\/api.w.org\/{rel}","templated":true}]}}