{"id":20705,"date":"2023-01-03T15:05:27","date_gmt":"2023-01-03T18:05:27","guid":{"rendered":"https:\/\/www.jornaldaconstrucaocivil.com.br\/?p=20705"},"modified":"2023-01-03T15:05:27","modified_gmt":"2023-01-03T18:05:27","slug":"margareth-menezes-cultura-forte-auxilia-em-areas-como-emprego-e-educacao-diz-ministra","status":"publish","type":"post","link":"https:\/\/construcaocivil.siriusmarketingedesign.com.br\/?p=20705","title":{"rendered":"Margareth Menezes: Cultura forte auxilia em \u00e1reas como emprego e educa\u00e7\u00e3o, diz ministra"},"content":{"rendered":"<p><em>Ag\u00eancia Brasil<\/em><\/p>\n<p>Os mais desavisados n\u00e3o acreditariam se tratar de um evento pol\u00edtico. Afinal, os ares de festival de m\u00fasica e\u00a0de feira cultural se impuseram. Foi nesse clima, em um audit\u00f3rio lotado no Museu Nacional, em Bras\u00edlia, que Margareth Menezes tomou posse como ministra da Cultura. Esse foi o retorno da pasta ao primeiro escal\u00e3o do governo federal.<img decoding=\"async\" src=\"https:\/\/agenciabrasil.ebc.com.br\/ebc.png?id=1501511&amp;o=node\" \/><img decoding=\"async\" src=\"https:\/\/agenciabrasil.ebc.com.br\/ebc.gif?id=1501511&amp;o=node\" \/><\/p>\n<div class=\"dnd-widget-wrapper context-cheio_8colunas type-image\">\n<div class=\"dnd-atom-rendered\">\n<p>Durante o discurso, a ministra teceu muitas cr\u00edticas ao governo passado, ao citar\u00a0a falta de pol\u00edticas para o setor cultural e o\u00a0fim de um minist\u00e9rio que o representasse. Margareth afirmou que a cultura faz parte da base transformadora da sociedade, junto com sa\u00fade e educa\u00e7\u00e3o. Celebrou o retorno da pasta e falou em \u201cconstru\u00e7\u00e3o de pontes\u201d em prol dos artistas do Brasil.<\/p>\n<p>\u201cVamos construir pontes que levar\u00e3o a um futuro mais justo para os artistas e para o povo em geral\u201d, disse ela, afirmando que uma cultura forte auxilia em \u00e1reas como gera\u00e7\u00e3o de emprego e educa\u00e7\u00e3o, por exemplo. \u201cVamos voltar para ficar em paz com a dimens\u00e3o cultural do Brasil\u201d. Em seguida, afirmou: \u201cvencemos. O minist\u00e9rio da Cultura est\u00e1 de volta, o Brasil que queremos est\u00e1 de volta\u201d.<\/p>\n<p>O evento contou com a presen\u00e7a de centenas de pessoas no audit\u00f3rio do Museu Nacional. Entre elas artistas e outros trabalhadores da cultura, al\u00e9m de servidores do minist\u00e9rio da Cultura. Tamb\u00e9m estiveram presentes\u00a0parlamentares, ministros do novo governo e a primeira-dama, Janja Lula da Silva. Muito aplaudida, ela reafirmou a import\u00e2ncia da cultura no novo governo. \u201cNessa caminhada da campanha a gente conversava sobre a import\u00e2ncia do setor cultural do Brasil. Em quase todos os munic\u00edpios que estivemos fizemos reuni\u00f5es com o setor. Percebemos que tentaram matar a cultura de todas as formas, mas n\u00e3o conseguiram\u201d, disse Janja. \u201cDaqui pra frente \u00e9 trabalho. A cultura \u00e9 pe\u00e7a fundamental da reconstru\u00e7\u00e3o do Brasil\u201d.<\/p>\n<p>O evento teve seu in\u00edcio marcado por uma performance mai\u00fascula da Orquestra Alada Trov\u00e3o da Mata, de Bras\u00edlia. Com uma percuss\u00e3o forte e entrada marcante, inspirada na tradicional folia de reis, o grupo provocou arrepios no mais imparcial dos profissionais de imprensa\u00a0presentes.<\/p>\n<p>E da mesma forma que come\u00e7ou, a solenidade terminou com m\u00fasica. Como era esperado, e at\u00e9 desejado pelos presentes, a ministra encerrou seu discurso cantando. E com apoio das palmas de todos os presentes, Margareth Menezes entoou versos de \u201cManda Chamar\u201d, de Roberto Mendes. \u201cManda chamar os \u00edndios, manda chamar os negros, manda chamar os brancos, manda chamar meu povo. Para o rei Brasil renascer, renascer de novo\u201d.<\/p>\n<div class=\"dnd-widget-wrapper context-cheio_8colunas type-image\">\n<div class=\"dnd-atom-rendered\"><\/div>\n<\/div>\n<\/div>\n<\/div>\n","protected":false},"excerpt":{"rendered":"<p>Ag\u00eancia Brasil Os mais desavisados n\u00e3o acreditariam se tratar de um evento pol\u00edtico. Afinal, os ares de festival de m\u00fasica e\u00a0de feira cultural se impuseram. Foi nesse clima, em um audit\u00f3rio lotado no Museu Nacional, em Bras\u00edlia, que Margareth Menezes tomou posse como ministra da Cultura. Esse foi o retorno da pasta ao primeiro escal\u00e3o [&hellip;]<\/p>\n","protected":false},"author":1,"featured_media":20706,"comment_status":"open","ping_status":"open","sticky":false,"template":"","format":"standard","meta":{"_uag_custom_page_level_css":"","footnotes":""},"categories":[27],"tags":[3868,16701,24679,24678],"class_list":["post-20705","post","type-post","status-publish","format-standard","has-post-thumbnail","hentry","category-acontece","tag-economia-criativa","tag-empregos-e-renda","tag-margareth-menezes-ministra-da-cultura","tag-minc"],"blocksy_meta":[],"spectra_blocks_featured_image_url":{"thumbnail":{"url":"https:\/\/construcaocivil.siriusmarketingedesign.com.br\/wp-content\/uploads\/2023\/01\/vac_abr0201231549-150x150.jpg","width":150,"height":150},"medium":{"url":"https:\/\/construcaocivil.siriusmarketingedesign.com.br\/wp-content\/uploads\/2023\/01\/vac_abr0201231549-300x225.jpg","width":300,"height":225},"medium_large":{"url":"https:\/\/construcaocivil.siriusmarketingedesign.com.br\/wp-content\/uploads\/2023\/01\/vac_abr0201231549-768x576.jpg","width":768,"height":576},"large":{"url":"https:\/\/construcaocivil.siriusmarketingedesign.com.br\/wp-content\/uploads\/2023\/01\/vac_abr0201231549.jpg","width":1024,"height":768},"full":{"url":"https:\/\/construcaocivil.siriusmarketingedesign.com.br\/wp-content\/uploads\/2023\/01\/vac_abr0201231549.jpg","width":1024,"height":768}},"spectra_blocks_author_info":{"display_name":"Jornal da Constru\u00e7\u00e3o Civil","avatar_url":"https:\/\/secure.gravatar.com\/avatar\/973c9774fd44ddaceb026973c4962faa70fc512bc4c9da68e8ebb40fecee6540?s=96&d=mm&r=g","author_link":"https:\/\/construcaocivil.siriusmarketingedesign.com.br\/?author=1","description":"Desde de 2013, levando muitas informa\u00e7\u00f5es, lan\u00e7amentos e produtos de qualidade para toda cadeia produtiva da constru\u00e7\u00e3o. O Futuro da constru\u00e7\u00e3o passa por aqui,"},"uagb_featured_image_src":{"full":["https:\/\/construcaocivil.siriusmarketingedesign.com.br\/wp-content\/uploads\/2023\/01\/vac_abr0201231549.jpg",1024,768,false],"thumbnail":["https:\/\/construcaocivil.siriusmarketingedesign.com.br\/wp-content\/uploads\/2023\/01\/vac_abr0201231549-150x150.jpg",150,150,true],"medium":["https:\/\/construcaocivil.siriusmarketingedesign.com.br\/wp-content\/uploads\/2023\/01\/vac_abr0201231549-300x225.jpg",300,225,true],"medium_large":["https:\/\/construcaocivil.siriusmarketingedesign.com.br\/wp-content\/uploads\/2023\/01\/vac_abr0201231549-768x576.jpg",768,576,true],"large":["https:\/\/construcaocivil.siriusmarketingedesign.com.br\/wp-content\/uploads\/2023\/01\/vac_abr0201231549.jpg",1024,768,false],"1536x1536":["https:\/\/construcaocivil.siriusmarketingedesign.com.br\/wp-content\/uploads\/2023\/01\/vac_abr0201231549.jpg",1024,768,false],"2048x2048":["https:\/\/construcaocivil.siriusmarketingedesign.com.br\/wp-content\/uploads\/2023\/01\/vac_abr0201231549.jpg",1024,768,false]},"uagb_author_info":{"display_name":"Jornal da Constru\u00e7\u00e3o Civil","author_link":"https:\/\/construcaocivil.siriusmarketingedesign.com.br\/?author=1"},"uagb_comment_info":0,"uagb_excerpt":"Ag\u00eancia Brasil Os mais desavisados n\u00e3o acreditariam se tratar de um evento pol\u00edtico. Afinal, os ares de festival de m\u00fasica e\u00a0de feira cultural se impuseram. Foi nesse clima, em um audit\u00f3rio lotado no Museu Nacional, em Bras\u00edlia, que Margareth Menezes tomou posse como ministra da Cultura. Esse foi o retorno da pasta ao primeiro escal\u00e3o&hellip;","_links":{"self":[{"href":"https:\/\/construcaocivil.siriusmarketingedesign.com.br\/index.php?rest_route=\/wp\/v2\/posts\/20705","targetHints":{"allow":["GET"]}}],"collection":[{"href":"https:\/\/construcaocivil.siriusmarketingedesign.com.br\/index.php?rest_route=\/wp\/v2\/posts"}],"about":[{"href":"https:\/\/construcaocivil.siriusmarketingedesign.com.br\/index.php?rest_route=\/wp\/v2\/types\/post"}],"author":[{"embeddable":true,"href":"https:\/\/construcaocivil.siriusmarketingedesign.com.br\/index.php?rest_route=\/wp\/v2\/users\/1"}],"replies":[{"embeddable":true,"href":"https:\/\/construcaocivil.siriusmarketingedesign.com.br\/index.php?rest_route=%2Fwp%2Fv2%2Fcomments&post=20705"}],"version-history":[{"count":0,"href":"https:\/\/construcaocivil.siriusmarketingedesign.com.br\/index.php?rest_route=\/wp\/v2\/posts\/20705\/revisions"}],"wp:featuredmedia":[{"embeddable":true,"href":"https:\/\/construcaocivil.siriusmarketingedesign.com.br\/index.php?rest_route=\/wp\/v2\/media\/20706"}],"wp:attachment":[{"href":"https:\/\/construcaocivil.siriusmarketingedesign.com.br\/index.php?rest_route=%2Fwp%2Fv2%2Fmedia&parent=20705"}],"wp:term":[{"taxonomy":"category","embeddable":true,"href":"https:\/\/construcaocivil.siriusmarketingedesign.com.br\/index.php?rest_route=%2Fwp%2Fv2%2Fcategories&post=20705"},{"taxonomy":"post_tag","embeddable":true,"href":"https:\/\/construcaocivil.siriusmarketingedesign.com.br\/index.php?rest_route=%2Fwp%2Fv2%2Ftags&post=20705"}],"curies":[{"name":"wp","href":"https:\/\/api.w.org\/{rel}","templated":true}]}}