{"id":20709,"date":"2023-01-04T17:02:55","date_gmt":"2023-01-04T20:02:55","guid":{"rendered":"https:\/\/www.jornaldaconstrucaocivil.com.br\/?p=20709"},"modified":"2023-01-04T17:02:55","modified_gmt":"2023-01-04T20:02:55","slug":"setor-de-locacao-de-equipamentos-cresce-e-investe-em-capacitacao-afirma-alec","status":"publish","type":"post","link":"https:\/\/construcaocivil.siriusmarketingedesign.com.br\/?p=20709","title":{"rendered":"Setor de loca\u00e7\u00e3o de equipamentos cresce e investe em capacita\u00e7\u00e3o, afirma ALEC"},"content":{"rendered":"<p>Segundo a previs\u00e3o do Sinduscon\/SP, o setor da constru\u00e7\u00e3o civil deve fechar 2022 com crescimento de 7% no PIB setorial no pa\u00eds, ante previs\u00e3o inicial de 2% para o ano e o segmento de loca\u00e7\u00e3o de equipamentos acompanhou esse ritmo.<\/p>\n<p>Em paralelo, de acordo com a ABSOLAR, os novos investimentos privados no setor de energia solar dever\u00e3o ultrapassar a cifra de 50 bilh\u00f5es em 2023.<\/p>\n<p>No Brasil, h\u00e1 aproximadamente 19.700 locadoras de equipamentos para atender construtoras, empreiteiras, obras governamentais, ind\u00fastrias, empresas de log\u00edstica, fazendas fotovolta\u00edcas e pessoas f\u00edsicas tamb\u00e9m.<\/p>\n<figure id=\"attachment_20710\" aria-describedby=\"caption-attachment-20710\" style=\"width: 300px\" class=\"wp-caption alignleft\"><img loading=\"lazy\" decoding=\"async\" class=\"size-medium wp-image-20710\" src=\"https:\/\/www.jornaldaconstrucaocivil.com.br\/wp-content\/uploads\/2023\/01\/27cdeee6-1431-4756-bd3a-a4d0cfbf64cc-300x225.jpeg\" alt=\"\" width=\"300\" height=\"225\" srcset=\"https:\/\/construcaocivil.siriusmarketingedesign.com.br\/wp-content\/uploads\/2023\/01\/27cdeee6-1431-4756-bd3a-a4d0cfbf64cc-300x225.jpeg 300w, https:\/\/construcaocivil.siriusmarketingedesign.com.br\/wp-content\/uploads\/2023\/01\/27cdeee6-1431-4756-bd3a-a4d0cfbf64cc-768x576.jpeg 768w, https:\/\/construcaocivil.siriusmarketingedesign.com.br\/wp-content\/uploads\/2023\/01\/27cdeee6-1431-4756-bd3a-a4d0cfbf64cc-86x64.jpeg 86w, https:\/\/construcaocivil.siriusmarketingedesign.com.br\/wp-content\/uploads\/2023\/01\/27cdeee6-1431-4756-bd3a-a4d0cfbf64cc.jpeg 1024w\" sizes=\"auto, (max-width: 300px) 100vw, 300px\" \/><figcaption id=\"caption-attachment-20710\" class=\"wp-caption-text\">Alugar S\u00e3o Paulo realizado na M&amp;T Expo 2022.<\/figcaption><\/figure>\n<p>A ALEC, Associa\u00e7\u00e3o Brasileira de Locadores de Equipamentos e Bens M\u00f3veis h\u00e1 30 anos tem como uma de suas metas investir na maior profissionaliza\u00e7\u00e3o do setor atrav\u00e9s de capacita\u00e7\u00e3o de seus associados com cursos, disponibilizando conte\u00fado relevante, dados de mercado e compartilhando experi\u00eancias com a promo\u00e7\u00e3o de network.<\/p>\n<p class=\"v1ql-align-justify\">Ciente da demanda crescente na constru\u00e7\u00e3o civil, fazendas fotovolta\u00edcas, ind\u00fastrias, obras de infraestrutura, durante todo o ano de 2022, a Associa\u00e7\u00e3o realizou eventos \u2013 ALUGAR REGIONAL &#8211; em v\u00e1rios estados, cidades do interior e litoral de S\u00e3o Paulo, onde se concentram o maior n\u00famero de locadoras, 4500 lojas.<\/p>\n<p><strong><em>No evento abordamos temas como c\u00e1lculo do valor de loca\u00e7\u00e3o, frete, cobran\u00e7a de acess\u00f3rios, cobran\u00e7a por avarias na devolu\u00e7\u00e3o do equipamento<\/em><\/strong><em>\u00a0entre outros. Fazemos um benchmark com outros setores, como o automobil\u00edstico, por exemplo. Nosso objetivo \u00e9 tornar o setor cada vez mais profissional, o servi\u00e7o cada vez mais qualificado, assim todo o mercado ganha&#8221;,<\/em>\u00a0segundo Alexandre Forjaz, presidente da ALEC.<\/p>\n<p>Em 2022, mais de 750 locadores participaram das edi\u00e7\u00f5es do ALUGAR REGIONAL que aconteceram no ABC Paulista, Bel\u00e9m\/PA, Campinas\/SP, Campo Grande\/MS, Curitiba\/PR\/ Florian\u00f3polis\/SC, Jundia\u00ed\/SP, Manaus\/AM, Mogi das Cruzes\/SP, Piracicaba\/SP, Salvador\/BA, S\u00e3o Jos\u00e9 do Rio Preto\/SP, S\u00e3o Paulo\/SP e S\u00e3o Sebasti\u00e3o\/SP.<\/p>\n<p>Para Alexandre Forjaz,\u00a0<em>&#8220;ver locadores concorrentes na mesma sala, com os mesmos problemas, trocando experi\u00eancias, s\u00f3 demonstra que n\u00e3o s\u00e3o inimigos, s\u00e3o parceiros e somente juntos \u00e9 que v\u00e3o fortalecer o segmento, oferecendo um servi\u00e7o de melhor qualidade e dentro das normas de seguran\u00e7a&#8221;.<\/em><\/p>\n<p class=\"v1ql-align-justify\">Para 2023, o planejamento prev\u00ea a realiza\u00e7\u00e3o de mais 16 edi\u00e7\u00f5es que devem contemplar mais estados, tamb\u00e9m cidades e interior de S\u00e3o Paulo<\/p>\n","protected":false},"excerpt":{"rendered":"<p>Segundo a previs\u00e3o do Sinduscon\/SP, o setor da constru\u00e7\u00e3o civil deve fechar 2022 com crescimento de 7% no PIB setorial no pa\u00eds, ante previs\u00e3o inicial de 2% para o ano e o segmento de loca\u00e7\u00e3o de equipamentos acompanhou esse ritmo. Em paralelo, de acordo com a ABSOLAR, os novos investimentos privados no setor de energia [&hellip;]<\/p>\n","protected":false},"author":1,"featured_media":20711,"comment_status":"open","ping_status":"open","sticky":false,"template":"","format":"standard","meta":{"_uag_custom_page_level_css":"","footnotes":""},"categories":[32],"tags":[24682,24624,24680,6971,14923,24681],"class_list":["post-20709","post","type-post","status-publish","format-standard","has-post-thumbnail","hentry","category-maquinas-e-equipamentos","tag-obrasdepavimentacao","tag-servicosdeobras","tag-alec","tag-locacao-de-equipamentos","tag-pecas-e-acessorios","tag-rodovias-e-ruas-pavimentacao"],"blocksy_meta":[],"spectra_blocks_featured_image_url":{"thumbnail":{"url":"https:\/\/construcaocivil.siriusmarketingedesign.com.br\/wp-content\/uploads\/2023\/01\/IMG_20221223_104035_2-150x150.jpg","width":150,"height":150},"medium":{"url":"https:\/\/construcaocivil.siriusmarketingedesign.com.br\/wp-content\/uploads\/2023\/01\/IMG_20221223_104035_2-300x225.jpg","width":300,"height":225},"medium_large":{"url":"https:\/\/construcaocivil.siriusmarketingedesign.com.br\/wp-content\/uploads\/2023\/01\/IMG_20221223_104035_2-768x576.jpg","width":768,"height":576},"large":{"url":"https:\/\/construcaocivil.siriusmarketingedesign.com.br\/wp-content\/uploads\/2023\/01\/IMG_20221223_104035_2-1024x768.jpg","width":1024,"height":768},"full":{"url":"https:\/\/construcaocivil.siriusmarketingedesign.com.br\/wp-content\/uploads\/2023\/01\/IMG_20221223_104035_2-scaled.jpg","width":2560,"height":1920}},"spectra_blocks_author_info":{"display_name":"Jornal da Constru\u00e7\u00e3o Civil","avatar_url":"https:\/\/secure.gravatar.com\/avatar\/973c9774fd44ddaceb026973c4962faa70fc512bc4c9da68e8ebb40fecee6540?s=96&d=mm&r=g","author_link":"https:\/\/construcaocivil.siriusmarketingedesign.com.br\/?author=1","description":"Desde de 2013, levando muitas informa\u00e7\u00f5es, lan\u00e7amentos e produtos de qualidade para toda cadeia produtiva da constru\u00e7\u00e3o. O Futuro da constru\u00e7\u00e3o passa por aqui,"},"uagb_featured_image_src":{"full":["https:\/\/construcaocivil.siriusmarketingedesign.com.br\/wp-content\/uploads\/2023\/01\/IMG_20221223_104035_2-scaled.jpg",2560,1920,false],"thumbnail":["https:\/\/construcaocivil.siriusmarketingedesign.com.br\/wp-content\/uploads\/2023\/01\/IMG_20221223_104035_2-150x150.jpg",150,150,true],"medium":["https:\/\/construcaocivil.siriusmarketingedesign.com.br\/wp-content\/uploads\/2023\/01\/IMG_20221223_104035_2-300x225.jpg",300,225,true],"medium_large":["https:\/\/construcaocivil.siriusmarketingedesign.com.br\/wp-content\/uploads\/2023\/01\/IMG_20221223_104035_2-768x576.jpg",768,576,true],"large":["https:\/\/construcaocivil.siriusmarketingedesign.com.br\/wp-content\/uploads\/2023\/01\/IMG_20221223_104035_2-1024x768.jpg",1024,768,true],"1536x1536":["https:\/\/construcaocivil.siriusmarketingedesign.com.br\/wp-content\/uploads\/2023\/01\/IMG_20221223_104035_2-1536x1152.jpg",1536,1152,true],"2048x2048":["https:\/\/construcaocivil.siriusmarketingedesign.com.br\/wp-content\/uploads\/2023\/01\/IMG_20221223_104035_2-2048x1536.jpg",2048,1536,true]},"uagb_author_info":{"display_name":"Jornal da Constru\u00e7\u00e3o Civil","author_link":"https:\/\/construcaocivil.siriusmarketingedesign.com.br\/?author=1"},"uagb_comment_info":0,"uagb_excerpt":"Segundo a previs\u00e3o do Sinduscon\/SP, o setor da constru\u00e7\u00e3o civil deve fechar 2022 com crescimento de 7% no PIB setorial no pa\u00eds, ante previs\u00e3o inicial de 2% para o ano e o segmento de loca\u00e7\u00e3o de equipamentos acompanhou esse ritmo. Em paralelo, de acordo com a ABSOLAR, os novos investimentos privados no setor de energia&hellip;","_links":{"self":[{"href":"https:\/\/construcaocivil.siriusmarketingedesign.com.br\/index.php?rest_route=\/wp\/v2\/posts\/20709","targetHints":{"allow":["GET"]}}],"collection":[{"href":"https:\/\/construcaocivil.siriusmarketingedesign.com.br\/index.php?rest_route=\/wp\/v2\/posts"}],"about":[{"href":"https:\/\/construcaocivil.siriusmarketingedesign.com.br\/index.php?rest_route=\/wp\/v2\/types\/post"}],"author":[{"embeddable":true,"href":"https:\/\/construcaocivil.siriusmarketingedesign.com.br\/index.php?rest_route=\/wp\/v2\/users\/1"}],"replies":[{"embeddable":true,"href":"https:\/\/construcaocivil.siriusmarketingedesign.com.br\/index.php?rest_route=%2Fwp%2Fv2%2Fcomments&post=20709"}],"version-history":[{"count":0,"href":"https:\/\/construcaocivil.siriusmarketingedesign.com.br\/index.php?rest_route=\/wp\/v2\/posts\/20709\/revisions"}],"wp:featuredmedia":[{"embeddable":true,"href":"https:\/\/construcaocivil.siriusmarketingedesign.com.br\/index.php?rest_route=\/wp\/v2\/media\/20711"}],"wp:attachment":[{"href":"https:\/\/construcaocivil.siriusmarketingedesign.com.br\/index.php?rest_route=%2Fwp%2Fv2%2Fmedia&parent=20709"}],"wp:term":[{"taxonomy":"category","embeddable":true,"href":"https:\/\/construcaocivil.siriusmarketingedesign.com.br\/index.php?rest_route=%2Fwp%2Fv2%2Fcategories&post=20709"},{"taxonomy":"post_tag","embeddable":true,"href":"https:\/\/construcaocivil.siriusmarketingedesign.com.br\/index.php?rest_route=%2Fwp%2Fv2%2Ftags&post=20709"}],"curies":[{"name":"wp","href":"https:\/\/api.w.org\/{rel}","templated":true}]}}