{"id":20731,"date":"2023-01-08T19:56:03","date_gmt":"2023-01-08T22:56:03","guid":{"rendered":"https:\/\/www.jornaldaconstrucaocivil.com.br\/?p=20731"},"modified":"2023-01-08T19:56:03","modified_gmt":"2023-01-08T22:56:03","slug":"lula-determina-intervencao-na-seguranca-do-df-veja-o-decreto","status":"publish","type":"post","link":"https:\/\/construcaocivil.siriusmarketingedesign.com.br\/?p=20731","title":{"rendered":"Lula determina interven\u00e7\u00e3o na Seguran\u00e7a do DF; veja o decreto"},"content":{"rendered":"<p class=\"p1\">O presidente Lula decretou, neste domingo (8), interven\u00e7\u00e3o federal na Seguran\u00e7a P\u00fablica do Distrito Federal, em raz\u00e3o dos atos terroristas praticados por apoiadores de Jair Bolsonaro,<span style=\"color: #0000ff;\">\u00a0<\/span><a href=\"https:\/\/pt.org.br\/terroristas-bolsonaristas-atacam-e-invadem-congresso-stf-e-planalto\/\" target=\"_blank\" rel=\"noopener\"><span style=\"color: #0000ff;\">que invadiram e depredaram o Congresso Nacional, o Pal\u00e1cio do Planalto e o Supremo Tribunal Federal (STF)<\/span><\/a><span style=\"color: #0000ff;\">.<\/span><\/p>\n<p class=\"p1\">O decreto se restringe ao setor da Seguran\u00e7a P\u00fablica, que at\u00e9 o dia 31, ficar\u00e1 sob comando de Ricardo Garcia Cappelli, secret\u00e1rio-executivo do Minist\u00e9rio da Justi\u00e7a. As demais atribui\u00e7\u00f5es continuam sob controle do governador Ibaneis Rocha.<\/p>\n<p class=\"p1\"><span style=\"color: #0000ff;\"><a style=\"color: #0000ff;\" href=\"https:\/\/pt.org.br\/wp-content\/uploads\/2018\/03\/decreto-intervenccca7acc83o.pdf\" target=\"_blank\" rel=\"noopener\"><strong>Clique aqui para acessar o decreto de interven\u00e7\u00e3o federal no DF<\/strong><\/a><\/span><\/p>\n<p class=\"p1\">No documento, \u00e9 informado que a interven\u00e7\u00e3o tem o objetivo de dar fim ao \u201cgrave comprometimento da ordem p\u00fablica no Distrito Federal, marcada por atos de viol\u00eancia e invas\u00e3o de pr\u00e9dio p\u00fablicos\u201d.<\/p>\n<p class=\"p1\">Ao anunciar o decreto, em Araraquara (SP), cidade que visitou para vistoriar os estragos causados por fortes chuvas que atingiram o estado de S\u00e3o Paulo (<strong>veja v\u00eddeo abaixo<\/strong>), o presidente Lula garantiu que todas as pessoas que participaram dos ataques, incluindo seus financiadores, ser\u00e3o identificados e punidos.<\/p>\n<p class=\"p1\">\u201cEles v\u00e3o perceber que a democracia garante a liberdade, o direito de livre comunica\u00e7\u00e3o, o direito de express\u00e3o, mas ela tamb\u00e9m exige que as pessoas respeitem as institui\u00e7\u00f5es que foram criadas para fortalecer a democracia\u201d, disse o presidente.<\/p>\n<p>https:\/\/www.youtube.com\/watch?v=3TeB_EZDZXE<\/p>\n<div class=\"related-news desktop\"><\/div>\n","protected":false},"excerpt":{"rendered":"<p>O presidente Lula decretou, neste domingo (8), interven\u00e7\u00e3o federal na Seguran\u00e7a P\u00fablica do Distrito Federal, em raz\u00e3o dos atos terroristas praticados por apoiadores de Jair Bolsonaro,\u00a0que invadiram e depredaram o Congresso Nacional, o Pal\u00e1cio do Planalto e o Supremo Tribunal Federal (STF). O decreto se restringe ao setor da Seguran\u00e7a P\u00fablica, que at\u00e9 o dia [&hellip;]<\/p>\n","protected":false},"author":1,"featured_media":20732,"comment_status":"open","ping_status":"open","sticky":false,"template":"","format":"standard","meta":{"_uag_custom_page_level_css":"","footnotes":""},"categories":[27],"tags":[24694,24693,24160,24692],"class_list":["post-20731","post","type-post","status-publish","format-standard","has-post-thumbnail","hentry","category-acontece","tag-ameacaaostf","tag-forcasdeseguranca","tag-lulapresidente","tag-terrosimoembrasilia"],"blocksy_meta":[],"spectra_blocks_featured_image_url":{"thumbnail":{"url":"https:\/\/construcaocivil.siriusmarketingedesign.com.br\/wp-content\/uploads\/2023\/01\/whatsapp_image_2023-01-08_at_19.08.12-150x150.jpeg","width":150,"height":150},"medium":{"url":"https:\/\/construcaocivil.siriusmarketingedesign.com.br\/wp-content\/uploads\/2023\/01\/whatsapp_image_2023-01-08_at_19.08.12-300x179.jpeg","width":300,"height":179},"medium_large":{"url":"https:\/\/construcaocivil.siriusmarketingedesign.com.br\/wp-content\/uploads\/2023\/01\/whatsapp_image_2023-01-08_at_19.08.12-768x459.jpeg","width":768,"height":459},"large":{"url":"https:\/\/construcaocivil.siriusmarketingedesign.com.br\/wp-content\/uploads\/2023\/01\/whatsapp_image_2023-01-08_at_19.08.12-1024x613.jpeg","width":1024,"height":613},"full":{"url":"https:\/\/construcaocivil.siriusmarketingedesign.com.br\/wp-content\/uploads\/2023\/01\/whatsapp_image_2023-01-08_at_19.08.12.jpeg","width":1170,"height":700}},"spectra_blocks_author_info":{"display_name":"Jornal da Constru\u00e7\u00e3o Civil","avatar_url":"https:\/\/secure.gravatar.com\/avatar\/973c9774fd44ddaceb026973c4962faa70fc512bc4c9da68e8ebb40fecee6540?s=96&d=mm&r=g","author_link":"https:\/\/construcaocivil.siriusmarketingedesign.com.br\/?author=1","description":"Desde de 2013, levando muitas informa\u00e7\u00f5es, lan\u00e7amentos e produtos de qualidade para toda cadeia produtiva da constru\u00e7\u00e3o. O Futuro da constru\u00e7\u00e3o passa por aqui,"},"uagb_featured_image_src":{"full":["https:\/\/construcaocivil.siriusmarketingedesign.com.br\/wp-content\/uploads\/2023\/01\/whatsapp_image_2023-01-08_at_19.08.12.jpeg",1170,700,false],"thumbnail":["https:\/\/construcaocivil.siriusmarketingedesign.com.br\/wp-content\/uploads\/2023\/01\/whatsapp_image_2023-01-08_at_19.08.12-150x150.jpeg",150,150,true],"medium":["https:\/\/construcaocivil.siriusmarketingedesign.com.br\/wp-content\/uploads\/2023\/01\/whatsapp_image_2023-01-08_at_19.08.12-300x179.jpeg",300,179,true],"medium_large":["https:\/\/construcaocivil.siriusmarketingedesign.com.br\/wp-content\/uploads\/2023\/01\/whatsapp_image_2023-01-08_at_19.08.12-768x459.jpeg",768,459,true],"large":["https:\/\/construcaocivil.siriusmarketingedesign.com.br\/wp-content\/uploads\/2023\/01\/whatsapp_image_2023-01-08_at_19.08.12-1024x613.jpeg",1024,613,true],"1536x1536":["https:\/\/construcaocivil.siriusmarketingedesign.com.br\/wp-content\/uploads\/2023\/01\/whatsapp_image_2023-01-08_at_19.08.12.jpeg",1170,700,false],"2048x2048":["https:\/\/construcaocivil.siriusmarketingedesign.com.br\/wp-content\/uploads\/2023\/01\/whatsapp_image_2023-01-08_at_19.08.12.jpeg",1170,700,false]},"uagb_author_info":{"display_name":"Jornal da Constru\u00e7\u00e3o Civil","author_link":"https:\/\/construcaocivil.siriusmarketingedesign.com.br\/?author=1"},"uagb_comment_info":0,"uagb_excerpt":"O presidente Lula decretou, neste domingo (8), interven\u00e7\u00e3o federal na Seguran\u00e7a P\u00fablica do Distrito Federal, em raz\u00e3o dos atos terroristas praticados por apoiadores de Jair Bolsonaro,\u00a0que invadiram e depredaram o Congresso Nacional, o Pal\u00e1cio do Planalto e o Supremo Tribunal Federal (STF). O decreto se restringe ao setor da Seguran\u00e7a P\u00fablica, que at\u00e9 o dia&hellip;","_links":{"self":[{"href":"https:\/\/construcaocivil.siriusmarketingedesign.com.br\/index.php?rest_route=\/wp\/v2\/posts\/20731","targetHints":{"allow":["GET"]}}],"collection":[{"href":"https:\/\/construcaocivil.siriusmarketingedesign.com.br\/index.php?rest_route=\/wp\/v2\/posts"}],"about":[{"href":"https:\/\/construcaocivil.siriusmarketingedesign.com.br\/index.php?rest_route=\/wp\/v2\/types\/post"}],"author":[{"embeddable":true,"href":"https:\/\/construcaocivil.siriusmarketingedesign.com.br\/index.php?rest_route=\/wp\/v2\/users\/1"}],"replies":[{"embeddable":true,"href":"https:\/\/construcaocivil.siriusmarketingedesign.com.br\/index.php?rest_route=%2Fwp%2Fv2%2Fcomments&post=20731"}],"version-history":[{"count":0,"href":"https:\/\/construcaocivil.siriusmarketingedesign.com.br\/index.php?rest_route=\/wp\/v2\/posts\/20731\/revisions"}],"wp:featuredmedia":[{"embeddable":true,"href":"https:\/\/construcaocivil.siriusmarketingedesign.com.br\/index.php?rest_route=\/wp\/v2\/media\/20732"}],"wp:attachment":[{"href":"https:\/\/construcaocivil.siriusmarketingedesign.com.br\/index.php?rest_route=%2Fwp%2Fv2%2Fmedia&parent=20731"}],"wp:term":[{"taxonomy":"category","embeddable":true,"href":"https:\/\/construcaocivil.siriusmarketingedesign.com.br\/index.php?rest_route=%2Fwp%2Fv2%2Fcategories&post=20731"},{"taxonomy":"post_tag","embeddable":true,"href":"https:\/\/construcaocivil.siriusmarketingedesign.com.br\/index.php?rest_route=%2Fwp%2Fv2%2Ftags&post=20731"}],"curies":[{"name":"wp","href":"https:\/\/api.w.org\/{rel}","templated":true}]}}