{"id":20739,"date":"2023-01-10T14:54:26","date_gmt":"2023-01-10T17:54:26","guid":{"rendered":"https:\/\/www.jornaldaconstrucaocivil.com.br\/?p=20739"},"modified":"2023-01-10T14:54:26","modified_gmt":"2023-01-10T17:54:26","slug":"saude-dos-brasileiros-seconci-sp-orienta-o-que-fazer-para-ter-saude-mental","status":"publish","type":"post","link":"https:\/\/construcaocivil.siriusmarketingedesign.com.br\/?p=20739","title":{"rendered":"Sa\u00fade dos Brasileiros: Seconci-SP orienta o que fazer para ter sa\u00fade mental"},"content":{"rendered":"<p><b>S\u00e3o Paulo, 10 de janeiro de 2023<\/b>\u00a0\u2013 Criada em 2014, a campanha Janeiro Branco \u00e9 dedicada aos cuidados com a sa\u00fade mental e emocional, refor\u00e7ando a import\u00e2ncia da reflex\u00e3o e conscientiza\u00e7\u00e3o sobre esta quest\u00e3o. O tema deste ano \u00e9: &#8220;A vida pede equil\u00edbrio&#8221;. Na opini\u00e3o da psiquiatra do Seconci-SP (Servi\u00e7o Social da Constru\u00e7\u00e3o), dra. Amara Alice Darros, manter o equil\u00edbrio \u00e9 de fato fundamental, pois os excessos podem comprometer a sa\u00fade f\u00edsica e emocional.<\/p>\n<p>&#8220;Alguns problemas org\u00e2nicos, como altera\u00e7\u00f5es na tireoide, diabetes e press\u00e3o arterial alta, quando n\u00e3o controlados, podem afetar o estado emocional. Por isso, a primeira recomenda\u00e7\u00e3o \u00e9 que a pessoa se observe, para que possa discernir se h\u00e1 alguma altera\u00e7\u00e3o significativa de comportamento, que pode vir acompanhada de sintomas como batimentos card\u00edacos acelerados, n\u00e1usea, diarreia e sensa\u00e7\u00e3o de sufocamento&#8221;.<\/p>\n<p>Frente a isso, o indicado \u00e9 procurar um cl\u00ednico geral, que poder\u00e1 avaliar se h\u00e1 problemas f\u00edsicos ou n\u00e3o e, dependendo do caso, encaminhar para um especialista em sa\u00fade mental.<\/p>\n<p>&#8220;Mas, infelizmente, ainda h\u00e1 muito preconceito, de que o psiquiatra seria &#8216;m\u00e9dico de louco&#8217;, que os rem\u00e9dios viciariam e fariam a pessoa dormir o dia todo e outras informa\u00e7\u00f5es equivocadas desse tipo. O problema \u00e9 que com isso vemos pessoas sofrendo com ansiedade, depress\u00e3o, medo excessivo, crises de choro sem motivo aparente e n\u00e3o procuram ajuda especializada. No entanto, a psiquiatria, assim como os medicamentos, evolui muito&#8221;, afirma dra. Amara.<\/p>\n<p>O pior \u00e9 que esses quadros acabam comprometendo as a\u00e7\u00f5es cotidianas sociais e profissionais, deixando a pessoa paralisada e interferindo na tomada de decis\u00f5es. &#8220;O ideal \u00e9 usar a raz\u00e3o associada \u00e0 emo\u00e7\u00e3o. Por\u00e9m o desajuste, a falta de equil\u00edbrio, n\u00e3o vai permitir que a pessoa reflita com clareza e pode chegar a tomar atitudes, de que venha se arrepender no futuro&#8221;.<\/p>\n<p>Dra. Amara ressalta a import\u00e2ncia de adotar h\u00e1bitos saud\u00e1veis, como uma alimenta\u00e7\u00e3o equilibrada, ter momentos de lazer, cultivar bons relacionamentos com a fam\u00edlia e amigos, praticar exerc\u00edcios f\u00edsicos regularmente, ter hor\u00e1rio para dormir e acordar e evitar o consumo exagerado de bebidas alco\u00f3licas.<\/p>\n<p>Se houver necessidade de ajuda especializada, o Seconci-SP oferece atendimento com psic\u00f3logo e psiquiatra, na sua sede na capital paulista e via teleconsulta para todas as suas Unidades no Estado de S\u00e3o Paulo. &#8220;Temos tamb\u00e9m rodas de conversas em um encontro mensal. O Grupo Social de Apoio \u00e9 formado por equipe multidisciplinar, da qual faz parte psic\u00f3logo, psiquiatra e assistente social, e tem como foco a psicoeduca\u00e7\u00e3o, orienta\u00e7\u00e3o, reflex\u00e3o e informa\u00e7\u00e3o&#8221;, explica dra. Amara e acrescenta: &#8220;Quem cuida da mente, cuida da vida&#8221;.<\/p>\n","protected":false},"excerpt":{"rendered":"<p>S\u00e3o Paulo, 10 de janeiro de 2023\u00a0\u2013 Criada em 2014, a campanha Janeiro Branco \u00e9 dedicada aos cuidados com a sa\u00fade mental e emocional, refor\u00e7ando a import\u00e2ncia da reflex\u00e3o e conscientiza\u00e7\u00e3o sobre esta quest\u00e3o. O tema deste ano \u00e9: &#8220;A vida pede equil\u00edbrio&#8221;. Na opini\u00e3o da psiquiatra do Seconci-SP (Servi\u00e7o Social da Constru\u00e7\u00e3o), dra. Amara [&hellip;]<\/p>\n","protected":false},"author":1,"featured_media":20740,"comment_status":"open","ping_status":"open","sticky":false,"template":"","format":"standard","meta":{"_uag_custom_page_level_css":"","footnotes":""},"categories":[27],"tags":[24697,24699,10734,24698],"class_list":["post-20739","post","type-post","status-publish","format-standard","has-post-thumbnail","hentry","category-acontece","tag-saudemental","tag-servicosdaconstrucao","tag-seconci-sp","tag-trabalhadores-e-profissionais"],"blocksy_meta":[],"spectra_blocks_featured_image_url":{"thumbnail":{"url":"https:\/\/construcaocivil.siriusmarketingedesign.com.br\/wp-content\/uploads\/2023\/01\/JANEIRO-BRANCO-scaled-e1673365136697-570x321-1-150x150.jpg","width":150,"height":150},"medium":{"url":"https:\/\/construcaocivil.siriusmarketingedesign.com.br\/wp-content\/uploads\/2023\/01\/JANEIRO-BRANCO-scaled-e1673365136697-570x321-1-300x169.jpg","width":300,"height":169},"medium_large":{"url":"https:\/\/construcaocivil.siriusmarketingedesign.com.br\/wp-content\/uploads\/2023\/01\/JANEIRO-BRANCO-scaled-e1673365136697-570x321-1.jpg","width":570,"height":321},"large":{"url":"https:\/\/construcaocivil.siriusmarketingedesign.com.br\/wp-content\/uploads\/2023\/01\/JANEIRO-BRANCO-scaled-e1673365136697-570x321-1.jpg","width":570,"height":321},"full":{"url":"https:\/\/construcaocivil.siriusmarketingedesign.com.br\/wp-content\/uploads\/2023\/01\/JANEIRO-BRANCO-scaled-e1673365136697-570x321-1.jpg","width":570,"height":321}},"spectra_blocks_author_info":{"display_name":"Jornal da Constru\u00e7\u00e3o Civil","avatar_url":"https:\/\/secure.gravatar.com\/avatar\/973c9774fd44ddaceb026973c4962faa70fc512bc4c9da68e8ebb40fecee6540?s=96&d=mm&r=g","author_link":"https:\/\/construcaocivil.siriusmarketingedesign.com.br\/?author=1","description":"Desde de 2013, levando muitas informa\u00e7\u00f5es, lan\u00e7amentos e produtos de qualidade para toda cadeia produtiva da constru\u00e7\u00e3o. O Futuro da constru\u00e7\u00e3o passa por aqui,"},"uagb_featured_image_src":{"full":["https:\/\/construcaocivil.siriusmarketingedesign.com.br\/wp-content\/uploads\/2023\/01\/JANEIRO-BRANCO-scaled-e1673365136697-570x321-1.jpg",570,321,false],"thumbnail":["https:\/\/construcaocivil.siriusmarketingedesign.com.br\/wp-content\/uploads\/2023\/01\/JANEIRO-BRANCO-scaled-e1673365136697-570x321-1-150x150.jpg",150,150,true],"medium":["https:\/\/construcaocivil.siriusmarketingedesign.com.br\/wp-content\/uploads\/2023\/01\/JANEIRO-BRANCO-scaled-e1673365136697-570x321-1-300x169.jpg",300,169,true],"medium_large":["https:\/\/construcaocivil.siriusmarketingedesign.com.br\/wp-content\/uploads\/2023\/01\/JANEIRO-BRANCO-scaled-e1673365136697-570x321-1.jpg",570,321,false],"large":["https:\/\/construcaocivil.siriusmarketingedesign.com.br\/wp-content\/uploads\/2023\/01\/JANEIRO-BRANCO-scaled-e1673365136697-570x321-1.jpg",570,321,false],"1536x1536":["https:\/\/construcaocivil.siriusmarketingedesign.com.br\/wp-content\/uploads\/2023\/01\/JANEIRO-BRANCO-scaled-e1673365136697-570x321-1.jpg",570,321,false],"2048x2048":["https:\/\/construcaocivil.siriusmarketingedesign.com.br\/wp-content\/uploads\/2023\/01\/JANEIRO-BRANCO-scaled-e1673365136697-570x321-1.jpg",570,321,false]},"uagb_author_info":{"display_name":"Jornal da Constru\u00e7\u00e3o Civil","author_link":"https:\/\/construcaocivil.siriusmarketingedesign.com.br\/?author=1"},"uagb_comment_info":0,"uagb_excerpt":"S\u00e3o Paulo, 10 de janeiro de 2023\u00a0\u2013 Criada em 2014, a campanha Janeiro Branco \u00e9 dedicada aos cuidados com a sa\u00fade mental e emocional, refor\u00e7ando a import\u00e2ncia da reflex\u00e3o e conscientiza\u00e7\u00e3o sobre esta quest\u00e3o. O tema deste ano \u00e9: &#8220;A vida pede equil\u00edbrio&#8221;. Na opini\u00e3o da psiquiatra do Seconci-SP (Servi\u00e7o Social da Constru\u00e7\u00e3o), dra. Amara&hellip;","_links":{"self":[{"href":"https:\/\/construcaocivil.siriusmarketingedesign.com.br\/index.php?rest_route=\/wp\/v2\/posts\/20739","targetHints":{"allow":["GET"]}}],"collection":[{"href":"https:\/\/construcaocivil.siriusmarketingedesign.com.br\/index.php?rest_route=\/wp\/v2\/posts"}],"about":[{"href":"https:\/\/construcaocivil.siriusmarketingedesign.com.br\/index.php?rest_route=\/wp\/v2\/types\/post"}],"author":[{"embeddable":true,"href":"https:\/\/construcaocivil.siriusmarketingedesign.com.br\/index.php?rest_route=\/wp\/v2\/users\/1"}],"replies":[{"embeddable":true,"href":"https:\/\/construcaocivil.siriusmarketingedesign.com.br\/index.php?rest_route=%2Fwp%2Fv2%2Fcomments&post=20739"}],"version-history":[{"count":0,"href":"https:\/\/construcaocivil.siriusmarketingedesign.com.br\/index.php?rest_route=\/wp\/v2\/posts\/20739\/revisions"}],"wp:featuredmedia":[{"embeddable":true,"href":"https:\/\/construcaocivil.siriusmarketingedesign.com.br\/index.php?rest_route=\/wp\/v2\/media\/20740"}],"wp:attachment":[{"href":"https:\/\/construcaocivil.siriusmarketingedesign.com.br\/index.php?rest_route=%2Fwp%2Fv2%2Fmedia&parent=20739"}],"wp:term":[{"taxonomy":"category","embeddable":true,"href":"https:\/\/construcaocivil.siriusmarketingedesign.com.br\/index.php?rest_route=%2Fwp%2Fv2%2Fcategories&post=20739"},{"taxonomy":"post_tag","embeddable":true,"href":"https:\/\/construcaocivil.siriusmarketingedesign.com.br\/index.php?rest_route=%2Fwp%2Fv2%2Ftags&post=20739"}],"curies":[{"name":"wp","href":"https:\/\/api.w.org\/{rel}","templated":true}]}}