{"id":20742,"date":"2023-01-10T15:12:09","date_gmt":"2023-01-10T18:12:09","guid":{"rendered":"https:\/\/www.jornaldaconstrucaocivil.com.br\/?p=20742"},"modified":"2023-01-10T15:12:09","modified_gmt":"2023-01-10T18:12:09","slug":"sinduscon-sp-repudia-atos-contra-a-democracia","status":"publish","type":"post","link":"https:\/\/construcaocivil.siriusmarketingedesign.com.br\/?p=20742","title":{"rendered":"SindusCon-SP repudia atos contra a democracia"},"content":{"rendered":"<p class=\"v1xmsonormal\">O SindusCon-SP, na qualidade de representante da ind\u00fastria da constru\u00e7\u00e3o do Estado de S\u00e3o Paulo, repudia os injustificados ataques cometidos contra as institui\u00e7\u00f5es da Rep\u00fablica e o Estado de Direito Democr\u00e1tico.<\/p>\n<p class=\"v1xmsonormal\">Por buscarem implementar o terror e agredirem o ordenamento constitucional, os respons\u00e1veis por esses ataques e seus instigadores devem ser investigados, processados e devidamente submetidos ao rigor da lei.<\/p>\n<p class=\"v1xmsonormal\">Para al\u00e9m das medidas de responsabiliza\u00e7\u00e3o, urge que agora o pa\u00eds retome o caminho da normalidade diante das tarefas gigantescas que temos pela frente.<\/p>\n<p class=\"v1xmsonormal\">Precisamos deste caminho para impulsionar as agendas necess\u00e1rias com vistas ao desenvolvimento econ\u00f4mico, social e ambiental, \u00e0 gera\u00e7\u00e3o de emprego e \u00e0 diminui\u00e7\u00e3o das desigualdades, com ampla seguran\u00e7a jur\u00eddica e a ativa participa\u00e7\u00e3o da iniciativa privada.<\/p>\n<p class=\"v1xmsonormal\">Nesta dire\u00e7\u00e3o, manifestamos a confian\u00e7a de que todos os esfor\u00e7os do Executivo, Legislativo e Judici\u00e1rio ser\u00e3o envidados para que esses Poderes possam trabalhar com seguran\u00e7a e em harmonia entre si, cumprindo seus des\u00edgnios constitucionais e fazendo o Brasil avan\u00e7ar rumo ao almejado desenvolvimento.<\/p>\n<p class=\"v1xmsonormal\" style=\"text-align: center;\">S\u00e3o Paulo, 9 de janeiro de 2023<\/p>\n<p class=\"v1xmsonormal\" style=\"text-align: center;\"><em>SindusCon-SP<\/em><\/p>\n<p class=\"v1xmsonormal\" style=\"text-align: center;\">Sindicato da Ind\u00fastria da Constru\u00e7\u00e3o Civil do Estado de S\u00e3o Paulo<\/p>\n<p class=\"v1xmsonormal\" style=\"text-align: center;\"><a href=\"http:\/\/www.sindusconsp.com.br\/\" target=\"_blank\" rel=\"noopener noreferrer\">www.sindusconsp.com.br<\/a><\/p>\n","protected":false},"excerpt":{"rendered":"<p>O SindusCon-SP, na qualidade de representante da ind\u00fastria da constru\u00e7\u00e3o do Estado de S\u00e3o Paulo, repudia os injustificados ataques cometidos contra as institui\u00e7\u00f5es da Rep\u00fablica e o Estado de Direito Democr\u00e1tico. Por buscarem implementar o terror e agredirem o ordenamento constitucional, os respons\u00e1veis por esses ataques e seus instigadores devem ser investigados, processados e devidamente [&hellip;]<\/p>\n","protected":false},"author":1,"featured_media":20743,"comment_status":"open","ping_status":"open","sticky":false,"template":"","format":"standard","meta":{"_uag_custom_page_level_css":"","footnotes":""},"categories":[27],"tags":[24700,24160,11168],"class_list":["post-20742","post","type-post","status-publish","format-standard","has-post-thumbnail","hentry","category-acontece","tag-construcaoempregso","tag-lulapresidente","tag-sinduscon-sp"],"blocksy_meta":[],"spectra_blocks_featured_image_url":{"thumbnail":{"url":"https:\/\/construcaocivil.siriusmarketingedesign.com.br\/wp-content\/uploads\/2023\/01\/TULIOVIDAL_tuv3387_43568926080_o-scaled-1-150x150.jpg","width":150,"height":150},"medium":{"url":"https:\/\/construcaocivil.siriusmarketingedesign.com.br\/wp-content\/uploads\/2023\/01\/TULIOVIDAL_tuv3387_43568926080_o-scaled-1-300x200.jpg","width":300,"height":200},"medium_large":{"url":"https:\/\/construcaocivil.siriusmarketingedesign.com.br\/wp-content\/uploads\/2023\/01\/TULIOVIDAL_tuv3387_43568926080_o-scaled-1-768x513.jpg","width":768,"height":513},"large":{"url":"https:\/\/construcaocivil.siriusmarketingedesign.com.br\/wp-content\/uploads\/2023\/01\/TULIOVIDAL_tuv3387_43568926080_o-scaled-1-1024x684.jpg","width":1024,"height":684},"full":{"url":"https:\/\/construcaocivil.siriusmarketingedesign.com.br\/wp-content\/uploads\/2023\/01\/TULIOVIDAL_tuv3387_43568926080_o-scaled-1.jpg","width":2560,"height":1709}},"spectra_blocks_author_info":{"display_name":"Jornal da Constru\u00e7\u00e3o Civil","avatar_url":"https:\/\/secure.gravatar.com\/avatar\/973c9774fd44ddaceb026973c4962faa70fc512bc4c9da68e8ebb40fecee6540?s=96&d=mm&r=g","author_link":"https:\/\/construcaocivil.siriusmarketingedesign.com.br\/?author=1","description":"Desde de 2013, levando muitas informa\u00e7\u00f5es, lan\u00e7amentos e produtos de qualidade para toda cadeia produtiva da constru\u00e7\u00e3o. O Futuro da constru\u00e7\u00e3o passa por aqui,"},"uagb_featured_image_src":{"full":["https:\/\/construcaocivil.siriusmarketingedesign.com.br\/wp-content\/uploads\/2023\/01\/TULIOVIDAL_tuv3387_43568926080_o-scaled-1.jpg",2560,1709,false],"thumbnail":["https:\/\/construcaocivil.siriusmarketingedesign.com.br\/wp-content\/uploads\/2023\/01\/TULIOVIDAL_tuv3387_43568926080_o-scaled-1-150x150.jpg",150,150,true],"medium":["https:\/\/construcaocivil.siriusmarketingedesign.com.br\/wp-content\/uploads\/2023\/01\/TULIOVIDAL_tuv3387_43568926080_o-scaled-1-300x200.jpg",300,200,true],"medium_large":["https:\/\/construcaocivil.siriusmarketingedesign.com.br\/wp-content\/uploads\/2023\/01\/TULIOVIDAL_tuv3387_43568926080_o-scaled-1-768x513.jpg",768,513,true],"large":["https:\/\/construcaocivil.siriusmarketingedesign.com.br\/wp-content\/uploads\/2023\/01\/TULIOVIDAL_tuv3387_43568926080_o-scaled-1-1024x684.jpg",1024,684,true],"1536x1536":["https:\/\/construcaocivil.siriusmarketingedesign.com.br\/wp-content\/uploads\/2023\/01\/TULIOVIDAL_tuv3387_43568926080_o-scaled-1-1536x1025.jpg",1536,1025,true],"2048x2048":["https:\/\/construcaocivil.siriusmarketingedesign.com.br\/wp-content\/uploads\/2023\/01\/TULIOVIDAL_tuv3387_43568926080_o-scaled-1-2048x1367.jpg",2048,1367,true]},"uagb_author_info":{"display_name":"Jornal da Constru\u00e7\u00e3o Civil","author_link":"https:\/\/construcaocivil.siriusmarketingedesign.com.br\/?author=1"},"uagb_comment_info":0,"uagb_excerpt":"O SindusCon-SP, na qualidade de representante da ind\u00fastria da constru\u00e7\u00e3o do Estado de S\u00e3o Paulo, repudia os injustificados ataques cometidos contra as institui\u00e7\u00f5es da Rep\u00fablica e o Estado de Direito Democr\u00e1tico. Por buscarem implementar o terror e agredirem o ordenamento constitucional, os respons\u00e1veis por esses ataques e seus instigadores devem ser investigados, processados e devidamente&hellip;","_links":{"self":[{"href":"https:\/\/construcaocivil.siriusmarketingedesign.com.br\/index.php?rest_route=\/wp\/v2\/posts\/20742","targetHints":{"allow":["GET"]}}],"collection":[{"href":"https:\/\/construcaocivil.siriusmarketingedesign.com.br\/index.php?rest_route=\/wp\/v2\/posts"}],"about":[{"href":"https:\/\/construcaocivil.siriusmarketingedesign.com.br\/index.php?rest_route=\/wp\/v2\/types\/post"}],"author":[{"embeddable":true,"href":"https:\/\/construcaocivil.siriusmarketingedesign.com.br\/index.php?rest_route=\/wp\/v2\/users\/1"}],"replies":[{"embeddable":true,"href":"https:\/\/construcaocivil.siriusmarketingedesign.com.br\/index.php?rest_route=%2Fwp%2Fv2%2Fcomments&post=20742"}],"version-history":[{"count":0,"href":"https:\/\/construcaocivil.siriusmarketingedesign.com.br\/index.php?rest_route=\/wp\/v2\/posts\/20742\/revisions"}],"wp:featuredmedia":[{"embeddable":true,"href":"https:\/\/construcaocivil.siriusmarketingedesign.com.br\/index.php?rest_route=\/wp\/v2\/media\/20743"}],"wp:attachment":[{"href":"https:\/\/construcaocivil.siriusmarketingedesign.com.br\/index.php?rest_route=%2Fwp%2Fv2%2Fmedia&parent=20742"}],"wp:term":[{"taxonomy":"category","embeddable":true,"href":"https:\/\/construcaocivil.siriusmarketingedesign.com.br\/index.php?rest_route=%2Fwp%2Fv2%2Fcategories&post=20742"},{"taxonomy":"post_tag","embeddable":true,"href":"https:\/\/construcaocivil.siriusmarketingedesign.com.br\/index.php?rest_route=%2Fwp%2Fv2%2Ftags&post=20742"}],"curies":[{"name":"wp","href":"https:\/\/api.w.org\/{rel}","templated":true}]}}