{"id":20760,"date":"2023-01-13T21:00:01","date_gmt":"2023-01-14T00:00:01","guid":{"rendered":"https:\/\/www.jornaldaconstrucaocivil.com.br\/?p=20760"},"modified":"2023-01-13T21:06:41","modified_gmt":"2023-01-14T00:06:41","slug":"cresce-brasil-engenharia-desenvolvimento-federacao-nacional-dos-engenheiros-apresenta-propostas-a-alckmin","status":"publish","type":"post","link":"https:\/\/construcaocivil.siriusmarketingedesign.com.br\/?p=20760","title":{"rendered":"\u201cCresce Brasil + Engenharia + Desenvolvimento\u201d: Federa\u00e7\u00e3o Nacional dos Engenheiros apresenta propostas a Alckmin"},"content":{"rendered":"<p>O presidente da Federa\u00e7\u00e3o Nacional dos Engenheiros (FNE), Murilo Pinheiro, esteve em Bras\u00edlia na segunda (9\/1) e ter\u00e7a-feira (10\/1) para se reunir com autoridades do Governo Lula. Na ocasi\u00e3o, ele entregou ao vice-presidente da Rep\u00fablica e ministro da Ind\u00fastria e Com\u00e9rcio, Geraldo Alckmin, a nova edi\u00e7\u00e3o do projeto \u201cCresce Brasil + Engenharia + Desenvolvimento\u201d, publicada em 3 janeiro.<\/p>\n<p>Tamb\u00e9m receberam o documento das m\u00e3os de Murilo os ministros Paulo Teixeira, do Desenvolvimento Agr\u00e1rio, e M\u00e1rcio Fran\u00e7a, de Portos e Aeroportos. Os tr\u00eas (<em>nas fotos abaixo<\/em>) confirmaram presen\u00e7a no semin\u00e1rio que debater\u00e1 os assuntos abordados no \u201cCresce Brasil\u201d, programado para 6 de mar\u00e7o, em S\u00e3o Paulo.<\/p>\n<p>O evento ter\u00e1 a presen\u00e7a tamb\u00e9m de outros integrantes do governo federal, de parlamentares e governadores de v\u00e1rios estados, al\u00e9m dos especialistas que atuaram como consultores para produzir mais essa etapa do projeto.<\/p>\n<figure id=\"attachment_20761\" aria-describedby=\"caption-attachment-20761\" style=\"width: 225px\" class=\"wp-caption alignleft\"><img loading=\"lazy\" decoding=\"async\" class=\"size-medium wp-image-20761\" src=\"https:\/\/www.jornaldaconstrucaocivil.com.br\/wp-content\/uploads\/2023\/01\/unnamed-12-225x300.jpg\" alt=\"\" width=\"225\" height=\"300\" srcset=\"https:\/\/construcaocivil.siriusmarketingedesign.com.br\/wp-content\/uploads\/2023\/01\/unnamed-12-225x300.jpg 225w, https:\/\/construcaocivil.siriusmarketingedesign.com.br\/wp-content\/uploads\/2023\/01\/unnamed-12-768x1024.jpg 768w, https:\/\/construcaocivil.siriusmarketingedesign.com.br\/wp-content\/uploads\/2023\/01\/unnamed-12-1152x1536.jpg 1152w, https:\/\/construcaocivil.siriusmarketingedesign.com.br\/wp-content\/uploads\/2023\/01\/unnamed-12-1536x2048.jpg 1536w, https:\/\/construcaocivil.siriusmarketingedesign.com.br\/wp-content\/uploads\/2023\/01\/unnamed-12-scaled.jpg 1920w\" sizes=\"auto, (max-width: 225px) 100vw, 225px\" \/><figcaption id=\"caption-attachment-20761\" class=\"wp-caption-text\">Geraldo Alckimin, Vice-presidente da Rep\u00fablica e Murilo Pinheiro. Divulga\u00e7\u00e3o\/FNE<\/figcaption><\/figure>\n<p>Intitulada \u201cHora de Avan\u00e7ar \u2013 Propostas para uma na\u00e7\u00e3o soberana, pr\u00f3spera e com justi\u00e7a social\u201d, a publica\u00e7\u00e3o traz sugest\u00f5es para C,T&amp;I, ind\u00fastria e infraestrutura urbana, incluindo habita\u00e7\u00e3o, mobilidade e Engenharia de Manuten\u00e7\u00e3o nas cidades.<\/p>\n<p style=\"text-align: justify;\">\u201cFaremos uma ampla e profunda discuss\u00e3o na qual ser\u00e1 fundamental a presen\u00e7a do vice-presidente Alckmin e demais autoridades para que possamos, como vimos fazendo desde o lan\u00e7amento do \u201cCresce Brasil\u201d, apresentar propostas fact\u00edveis para medidas que promovam o desenvolvimento do Pa\u00eds e o bem-estar da nossa popula\u00e7\u00e3o\u201d, destaca Murilo.<\/p>\n<div>\n<p style=\"text-align: justify;\"><strong>O projeto<\/strong>\u00a0\u2013 Criado em 2006 pela FNE, o <span style=\"color: #0000ff;\">\u201c<a style=\"color: #0000ff;\" href=\"https:\/\/click.cse360.com.br\/Click\/AddCampaignEmailClick\/5fbbefce-24d6-48aa-0b55-08dadf94464e\/https%253a%252f%252fwww.crescebrasil.org.br%252f\/b20bfdd4-a02b-41a4-eb6d-08d7c5ff26d1\/webobras@gmail.com\/True\" target=\"_blank\" rel=\"noopener noreferrer\" data-saferedirecturl=\"https:\/\/www.google.com\/url?q=https:\/\/click.cse360.com.br\/Click\/AddCampaignEmailClick\/5fbbefce-24d6-48aa-0b55-08dadf94464e\/https%25253a%25252f%25252fwww.crescebrasil.org.br%25252f\/b20bfdd4-a02b-41a4-eb6d-08d7c5ff26d1\/webobras@gmail.com\/True&amp;source=gmail&amp;ust=1673717337124000&amp;usg=AOvVaw3Ehpchiklb8QKLHd0AkWnZ\">Cresce Brasil<\/a>\u201d<\/span> \u00e9 o instrumento de elabora\u00e7\u00e3o e mobiliza\u00e7\u00e3o da entidade em prol do desenvolvimento nacional. Chegando agora \u00e0 sua d\u00e9cima edi\u00e7\u00e3o, o projeto vem discutindo aspectos diversos da situa\u00e7\u00e3o socioecon\u00f4mica nacional a partir da vis\u00e3o da engenharia. Entre os temas j\u00e1 abordados, est\u00e3o a retomada das obras p\u00fablicas paralisadas, resgate da ind\u00fastria, cidades, regi\u00f5es metropolitanas e Engenharia de Manuten\u00e7\u00e3o.<\/p>\n<\/div>\n","protected":false},"excerpt":{"rendered":"<p>O presidente da Federa\u00e7\u00e3o Nacional dos Engenheiros (FNE), Murilo Pinheiro, esteve em Bras\u00edlia na segunda (9\/1) e ter\u00e7a-feira (10\/1) para se reunir com autoridades do Governo Lula. Na ocasi\u00e3o, ele entregou ao vice-presidente da Rep\u00fablica e ministro da Ind\u00fastria e Com\u00e9rcio, Geraldo Alckmin, a nova edi\u00e7\u00e3o do projeto \u201cCresce Brasil + Engenharia + Desenvolvimento\u201d, publicada [&hellip;]<\/p>\n","protected":false},"author":1,"featured_media":20762,"comment_status":"open","ping_status":"open","sticky":false,"template":"","format":"standard","meta":{"_uag_custom_page_level_css":"","footnotes":""},"categories":[27],"tags":[24710,24624,24712,24711],"class_list":["post-20760","post","type-post","status-publish","format-standard","has-post-thumbnail","hentry","category-acontece","tag-brasilconstrucao","tag-servicosdeobras","tag-desenvolvimento-e-empregos","tag-fne-federacao-nacional-dos-engenheiros"],"blocksy_meta":[],"spectra_blocks_featured_image_url":{"thumbnail":{"url":"https:\/\/construcaocivil.siriusmarketingedesign.com.br\/wp-content\/uploads\/2023\/01\/unnamed-4-150x150.png","width":150,"height":150},"medium":{"url":"https:\/\/construcaocivil.siriusmarketingedesign.com.br\/wp-content\/uploads\/2023\/01\/unnamed-4-200x300.png","width":200,"height":300},"medium_large":{"url":"https:\/\/construcaocivil.siriusmarketingedesign.com.br\/wp-content\/uploads\/2023\/01\/unnamed-4-768x1153.png","width":768,"height":1153},"large":{"url":"https:\/\/construcaocivil.siriusmarketingedesign.com.br\/wp-content\/uploads\/2023\/01\/unnamed-4-682x1024.png","width":682,"height":1024},"full":{"url":"https:\/\/construcaocivil.siriusmarketingedesign.com.br\/wp-content\/uploads\/2023\/01\/unnamed-4.png","width":1532,"height":2299}},"spectra_blocks_author_info":{"display_name":"Jornal da Constru\u00e7\u00e3o Civil","avatar_url":"https:\/\/secure.gravatar.com\/avatar\/973c9774fd44ddaceb026973c4962faa70fc512bc4c9da68e8ebb40fecee6540?s=96&d=mm&r=g","author_link":"https:\/\/construcaocivil.siriusmarketingedesign.com.br\/?author=1","description":"Desde de 2013, levando muitas informa\u00e7\u00f5es, lan\u00e7amentos e produtos de qualidade para toda cadeia produtiva da constru\u00e7\u00e3o. O Futuro da constru\u00e7\u00e3o passa por aqui,"},"uagb_featured_image_src":{"full":["https:\/\/construcaocivil.siriusmarketingedesign.com.br\/wp-content\/uploads\/2023\/01\/unnamed-4.png",1532,2299,false],"thumbnail":["https:\/\/construcaocivil.siriusmarketingedesign.com.br\/wp-content\/uploads\/2023\/01\/unnamed-4-150x150.png",150,150,true],"medium":["https:\/\/construcaocivil.siriusmarketingedesign.com.br\/wp-content\/uploads\/2023\/01\/unnamed-4-200x300.png",200,300,true],"medium_large":["https:\/\/construcaocivil.siriusmarketingedesign.com.br\/wp-content\/uploads\/2023\/01\/unnamed-4-768x1153.png",768,1153,true],"large":["https:\/\/construcaocivil.siriusmarketingedesign.com.br\/wp-content\/uploads\/2023\/01\/unnamed-4-682x1024.png",682,1024,true],"1536x1536":["https:\/\/construcaocivil.siriusmarketingedesign.com.br\/wp-content\/uploads\/2023\/01\/unnamed-4-1024x1536.png",1024,1536,true],"2048x2048":["https:\/\/construcaocivil.siriusmarketingedesign.com.br\/wp-content\/uploads\/2023\/01\/unnamed-4-1365x2048.png",1365,2048,true]},"uagb_author_info":{"display_name":"Jornal da Constru\u00e7\u00e3o Civil","author_link":"https:\/\/construcaocivil.siriusmarketingedesign.com.br\/?author=1"},"uagb_comment_info":0,"uagb_excerpt":"O presidente da Federa\u00e7\u00e3o Nacional dos Engenheiros (FNE), Murilo Pinheiro, esteve em Bras\u00edlia na segunda (9\/1) e ter\u00e7a-feira (10\/1) para se reunir com autoridades do Governo Lula. Na ocasi\u00e3o, ele entregou ao vice-presidente da Rep\u00fablica e ministro da Ind\u00fastria e Com\u00e9rcio, Geraldo Alckmin, a nova edi\u00e7\u00e3o do projeto \u201cCresce Brasil + Engenharia + Desenvolvimento\u201d, publicada&hellip;","_links":{"self":[{"href":"https:\/\/construcaocivil.siriusmarketingedesign.com.br\/index.php?rest_route=\/wp\/v2\/posts\/20760","targetHints":{"allow":["GET"]}}],"collection":[{"href":"https:\/\/construcaocivil.siriusmarketingedesign.com.br\/index.php?rest_route=\/wp\/v2\/posts"}],"about":[{"href":"https:\/\/construcaocivil.siriusmarketingedesign.com.br\/index.php?rest_route=\/wp\/v2\/types\/post"}],"author":[{"embeddable":true,"href":"https:\/\/construcaocivil.siriusmarketingedesign.com.br\/index.php?rest_route=\/wp\/v2\/users\/1"}],"replies":[{"embeddable":true,"href":"https:\/\/construcaocivil.siriusmarketingedesign.com.br\/index.php?rest_route=%2Fwp%2Fv2%2Fcomments&post=20760"}],"version-history":[{"count":0,"href":"https:\/\/construcaocivil.siriusmarketingedesign.com.br\/index.php?rest_route=\/wp\/v2\/posts\/20760\/revisions"}],"wp:featuredmedia":[{"embeddable":true,"href":"https:\/\/construcaocivil.siriusmarketingedesign.com.br\/index.php?rest_route=\/wp\/v2\/media\/20762"}],"wp:attachment":[{"href":"https:\/\/construcaocivil.siriusmarketingedesign.com.br\/index.php?rest_route=%2Fwp%2Fv2%2Fmedia&parent=20760"}],"wp:term":[{"taxonomy":"category","embeddable":true,"href":"https:\/\/construcaocivil.siriusmarketingedesign.com.br\/index.php?rest_route=%2Fwp%2Fv2%2Fcategories&post=20760"},{"taxonomy":"post_tag","embeddable":true,"href":"https:\/\/construcaocivil.siriusmarketingedesign.com.br\/index.php?rest_route=%2Fwp%2Fv2%2Ftags&post=20760"}],"curies":[{"name":"wp","href":"https:\/\/api.w.org\/{rel}","templated":true}]}}