{"id":20793,"date":"2023-01-17T11:33:46","date_gmt":"2023-01-17T14:33:46","guid":{"rendered":"https:\/\/www.jornaldaconstrucaocivil.com.br\/?p=20793"},"modified":"2023-01-17T11:36:12","modified_gmt":"2023-01-17T14:36:12","slug":"de-olho-na-economia-ministro-da-fazenda-afirma-em-davos-que-reforma-tributaria-e-essencial-para-o-crescimento-brasileiro","status":"publish","type":"post","link":"https:\/\/construcaocivil.siriusmarketingedesign.com.br\/?p=20793","title":{"rendered":"De olho na economia: Ministro da Fazenda afirma em Davos que reforma tribut\u00e1ria \u00e9 essencial para o crescimento brasileiro"},"content":{"rendered":"<article>\n<div id=\"content-core\">\n<div id=\"parent-fieldname-text\" class=\"\">\n<div>\n<p>Areforma tribut\u00e1ria \u00e9 pe\u00e7a essencial para a retomada do crescimento brasileiro, afirmou nesta segunda-feira (16\/1) o ministro da Fazenda, Fernando Haddad. \u201cA reforma das reformas \u00e9 a tribut\u00e1ria\u201d, disse a jornalistas, em Davos, na Su\u00ed\u00e7a, onde participa das reuni\u00f5es do F\u00f3rum Econ\u00f4mico Mundial. \u00a0O ministro cumpriu nesta segunda uma agenda de reuni\u00f5es com o chefe do Programa das Na\u00e7\u00f5es Unidas para o Desenvolvimento (PNUD), Achim Steiner; e com o presidente do Banco Interamericano de Desenvolvimento (BID), Ilan Godfajn.<\/p>\n<p class=\"callout\"><b>Saiba mais:<\/b>\u00a0<a class=\"internal-link\" title=\"\" href=\"https:\/\/www.gov.br\/fazenda\/pt-br\/assuntos\/noticias\/2023\/janeiro\/haddad-defende-retomada-do-crescimento-economico-aliada-a-sustentabilidade-fiscal-e-ambiental\" target=\"_blank\" rel=\"noopener\" data-tippreview-image=\"\" data-tippreview-title=\"\" data-tippreview-enabled=\"false\"><span style=\"color: #0000ff;\">Haddad defende retomada do crescimento econ\u00f4mico aliada \u00e0 sustentabilidade fiscal e ambiental<\/span><\/a><\/p>\n<p>Ele tamb\u00e9m destacou a import\u00e2ncia da reforma do cr\u00e9dito e da constru\u00e7\u00e3o de um novo arcabou\u00e7o fiscal, mas ressaltou que a reforma tribut\u00e1ria \u00e9 quest\u00e3o priorit\u00e1ria. Para o ministro, essa \u00e9 uma discuss\u00e3o j\u00e1 amadurecida no Congresso Nacional e entre os diversos segmentos da sociedade. A ideia, segundo ele, \u00e9 construir uma mudan\u00e7a neutra, transparente e capaz de distribuir a carga tribut\u00e1ria de maneira mais justa.<\/p>\n<p>O ministro explicou que a proposta de reforma tribut\u00e1ria proposta pelo governo \u2013 e j\u00e1 em tramita\u00e7\u00e3o no Congresso \u2013 foi capitaneada por Bernardo Appy, que agora vai encaminhar o debate no posto de secret\u00e1rio especial para a Reforma Tribut\u00e1ria do Minist\u00e9rio da Fazenda.<\/p>\n<blockquote class=\"pullquote\"><p>Se a reforma n\u00e3o for neutra, algu\u00e9m vai perder, e a gente quer que todos ganhem\u201d, Fernando Haddad<\/p><\/blockquote>\n<p>Ao lembrar que a reforma n\u00e3o dever\u00e1 provocar aumento de impostos, Haddad salientou que haver\u00e1 um prazo de transi\u00e7\u00e3o \u201cpara fazer a calibragem\u201d, de forma que o impacto final seja neutro. \u201cSe a reforma n\u00e3o for neutra, algu\u00e9m vai perder, e a gente quer que todos ganhem\u201d, pontuou.<\/p>\n<p>O ministro da Fazenda alertou que o governo tamb\u00e9m concentrar\u00e1 esfor\u00e7os para melhorar o cen\u00e1rio de cr\u00e9dito no pa\u00eds \u00a0e afirmou\u00a0 que \u00a0o governo trabalhar\u00e1 ao lado do Congresso Nacional e do Banco Central para solucionar esse problema. Ele apontou que h\u00e1, hoje, 70 milh\u00f5es de brasileiros com os CPFs negativados, e, por isso, sem acesso a cr\u00e9dito.<\/p>\n<p>Fernando Haddad falou ainda que todas as propostas que est\u00e3o sendo encaminhadas pelo governo focam em um objetivo principal: permitir que o Brasil volte a crescer. \u201cA economia n\u00e3o cresce h\u00e1 dez anos\u201d, refor\u00e7ou.<\/p>\n<\/div>\n<\/div>\n<\/div>\n<div class=\"visualClear\"><\/div>\n<div class=\"documentActions\">Fonte: Minist\u00e9rio da Fazenda<\/div>\n<\/article>\n<div class=\"column\"><\/div>\n","protected":false},"excerpt":{"rendered":"<p>Areforma tribut\u00e1ria \u00e9 pe\u00e7a essencial para a retomada do crescimento brasileiro, afirmou nesta segunda-feira (16\/1) o ministro da Fazenda, Fernando Haddad. \u201cA reforma das reformas \u00e9 a tribut\u00e1ria\u201d, disse a jornalistas, em Davos, na Su\u00ed\u00e7a, onde participa das reuni\u00f5es do F\u00f3rum Econ\u00f4mico Mundial. \u00a0O ministro cumpriu nesta segunda uma agenda de reuni\u00f5es com o chefe [&hellip;]<\/p>\n","protected":false},"author":1,"featured_media":20794,"comment_status":"open","ping_status":"open","sticky":false,"template":"","format":"standard","meta":{"_uag_custom_page_level_css":"","footnotes":""},"categories":[33],"tags":[24730,24731,22803,24729,11435],"class_list":["post-20793","post","type-post","status-publish","format-standard","has-post-thumbnail","hentry","category-mercado","tag-criseedesemprego","tag-davosforum2023","tag-juros-altos","tag-ministerio-da-fazenda","tag-suica"],"blocksy_meta":[],"spectra_blocks_featured_image_url":{"thumbnail":{"url":"https:\/\/construcaocivil.siriusmarketingedesign.com.br\/wp-content\/uploads\/2023\/01\/economia_1201233834_1-150x150.jpg","width":150,"height":150},"medium":{"url":"https:\/\/construcaocivil.siriusmarketingedesign.com.br\/wp-content\/uploads\/2023\/01\/economia_1201233834_1-300x179.jpg","width":300,"height":179},"medium_large":{"url":"https:\/\/construcaocivil.siriusmarketingedesign.com.br\/wp-content\/uploads\/2023\/01\/economia_1201233834_1-768x459.jpg","width":768,"height":459},"large":{"url":"https:\/\/construcaocivil.siriusmarketingedesign.com.br\/wp-content\/uploads\/2023\/01\/economia_1201233834_1-1024x613.jpg","width":1024,"height":613},"full":{"url":"https:\/\/construcaocivil.siriusmarketingedesign.com.br\/wp-content\/uploads\/2023\/01\/economia_1201233834_1.jpg","width":1170,"height":700}},"spectra_blocks_author_info":{"display_name":"Jornal da Constru\u00e7\u00e3o Civil","avatar_url":"https:\/\/secure.gravatar.com\/avatar\/973c9774fd44ddaceb026973c4962faa70fc512bc4c9da68e8ebb40fecee6540?s=96&d=mm&r=g","author_link":"https:\/\/construcaocivil.siriusmarketingedesign.com.br\/?author=1","description":"Desde de 2013, levando muitas informa\u00e7\u00f5es, lan\u00e7amentos e produtos de qualidade para toda cadeia produtiva da constru\u00e7\u00e3o. O Futuro da constru\u00e7\u00e3o passa por aqui,"},"uagb_featured_image_src":{"full":["https:\/\/construcaocivil.siriusmarketingedesign.com.br\/wp-content\/uploads\/2023\/01\/economia_1201233834_1.jpg",1170,700,false],"thumbnail":["https:\/\/construcaocivil.siriusmarketingedesign.com.br\/wp-content\/uploads\/2023\/01\/economia_1201233834_1-150x150.jpg",150,150,true],"medium":["https:\/\/construcaocivil.siriusmarketingedesign.com.br\/wp-content\/uploads\/2023\/01\/economia_1201233834_1-300x179.jpg",300,179,true],"medium_large":["https:\/\/construcaocivil.siriusmarketingedesign.com.br\/wp-content\/uploads\/2023\/01\/economia_1201233834_1-768x459.jpg",768,459,true],"large":["https:\/\/construcaocivil.siriusmarketingedesign.com.br\/wp-content\/uploads\/2023\/01\/economia_1201233834_1-1024x613.jpg",1024,613,true],"1536x1536":["https:\/\/construcaocivil.siriusmarketingedesign.com.br\/wp-content\/uploads\/2023\/01\/economia_1201233834_1.jpg",1170,700,false],"2048x2048":["https:\/\/construcaocivil.siriusmarketingedesign.com.br\/wp-content\/uploads\/2023\/01\/economia_1201233834_1.jpg",1170,700,false]},"uagb_author_info":{"display_name":"Jornal da Constru\u00e7\u00e3o Civil","author_link":"https:\/\/construcaocivil.siriusmarketingedesign.com.br\/?author=1"},"uagb_comment_info":0,"uagb_excerpt":"Areforma tribut\u00e1ria \u00e9 pe\u00e7a essencial para a retomada do crescimento brasileiro, afirmou nesta segunda-feira (16\/1) o ministro da Fazenda, Fernando Haddad. \u201cA reforma das reformas \u00e9 a tribut\u00e1ria\u201d, disse a jornalistas, em Davos, na Su\u00ed\u00e7a, onde participa das reuni\u00f5es do F\u00f3rum Econ\u00f4mico Mundial. \u00a0O ministro cumpriu nesta segunda uma agenda de reuni\u00f5es com o chefe&hellip;","_links":{"self":[{"href":"https:\/\/construcaocivil.siriusmarketingedesign.com.br\/index.php?rest_route=\/wp\/v2\/posts\/20793","targetHints":{"allow":["GET"]}}],"collection":[{"href":"https:\/\/construcaocivil.siriusmarketingedesign.com.br\/index.php?rest_route=\/wp\/v2\/posts"}],"about":[{"href":"https:\/\/construcaocivil.siriusmarketingedesign.com.br\/index.php?rest_route=\/wp\/v2\/types\/post"}],"author":[{"embeddable":true,"href":"https:\/\/construcaocivil.siriusmarketingedesign.com.br\/index.php?rest_route=\/wp\/v2\/users\/1"}],"replies":[{"embeddable":true,"href":"https:\/\/construcaocivil.siriusmarketingedesign.com.br\/index.php?rest_route=%2Fwp%2Fv2%2Fcomments&post=20793"}],"version-history":[{"count":0,"href":"https:\/\/construcaocivil.siriusmarketingedesign.com.br\/index.php?rest_route=\/wp\/v2\/posts\/20793\/revisions"}],"wp:featuredmedia":[{"embeddable":true,"href":"https:\/\/construcaocivil.siriusmarketingedesign.com.br\/index.php?rest_route=\/wp\/v2\/media\/20794"}],"wp:attachment":[{"href":"https:\/\/construcaocivil.siriusmarketingedesign.com.br\/index.php?rest_route=%2Fwp%2Fv2%2Fmedia&parent=20793"}],"wp:term":[{"taxonomy":"category","embeddable":true,"href":"https:\/\/construcaocivil.siriusmarketingedesign.com.br\/index.php?rest_route=%2Fwp%2Fv2%2Fcategories&post=20793"},{"taxonomy":"post_tag","embeddable":true,"href":"https:\/\/construcaocivil.siriusmarketingedesign.com.br\/index.php?rest_route=%2Fwp%2Fv2%2Ftags&post=20793"}],"curies":[{"name":"wp","href":"https:\/\/api.w.org\/{rel}","templated":true}]}}