{"id":2081,"date":"2016-06-11T18:48:57","date_gmt":"2016-06-11T18:48:57","guid":{"rendered":"http:\/\/www.jornaldaconstrucaocivil.com.br\/?p=2081"},"modified":"2016-06-11T18:48:57","modified_gmt":"2016-06-11T18:48:57","slug":"governo-reafirma-conclusao-das-obras-do-projeto-sao-francisco-em-dezembro","status":"publish","type":"post","link":"https:\/\/construcaocivil.siriusmarketingedesign.com.br\/?p=2081","title":{"rendered":"Governo reafirma conclus\u00e3o das obras do Projeto S\u00e3o Francisco em dezembro"},"content":{"rendered":"<p><strong><span style=\"color: #000000;\">Bras\u00edlia-DF, 10\/6\/2016 &#8211; O objetivo do governo federal \u00e9 dar funcionalidade ao Projeto de Integra\u00e7\u00e3o do Rio S\u00e3o Francisco e fazer a \u00e1gua chegar o quanto antes \u00e0s torneiras das casas e \u00e0s planta\u00e7\u00f5es de quem quer produzir, beneficiando 12 milh\u00f5es de brasileiros da regi\u00e3o do semi\u00e1rido nordestino.<\/span><\/strong><\/p>\n<p><span style=\"color: #000000;\"> A declara\u00e7\u00e3o \u00e9 do ministro da Integra\u00e7\u00e3o Nacional, Helder Barbalho, durante sua primeira visita \u00e0s obras do S\u00e3o Francisco, nesta sexta-feira (10). Ao chegar a Juazeiro do Norte, no Cear\u00e1, o ministro voltou a afirmar que as obras f\u00edsicas do Projeto ser\u00e3o entregues em dezembro e a partir de ent\u00e3o os reservat\u00f3rios ser\u00e3o gradativamente enchidos, enquanto obras complementares, em parceria com os estados, ser\u00e3o executadas, fazendo chegar \u00e1gua \u00e0 popula\u00e7\u00e3o.<\/span><\/p>\n<p><span style=\"color: #000000;\">\u201cDeterminamos \u00e0s construtoras que ampliem ao m\u00e1ximo a capacidade de execu\u00e7\u00e3o das obras para que cumpramos o prazo dado pelo presidente Michel Temer\u201d, frisou o ministro. Helder Barbalho lembrou que, na m\u00e9dia, essa amplia\u00e7\u00e3o de produtividade ser\u00e1 de 42%. \u201cDessa forma, a \u00e1gua poder\u00e1 contribuir com o abastecimento dos reservat\u00f3rios de Or\u00f3s e tamb\u00e9m do Castanh\u00e3o, com repercuss\u00e3o imediata nas \u00e1reas com maior densidade populacional do estado do Cear\u00e1\u201d, explicou.<\/span><\/p>\n<p><span style=\"color: #000000;\">O ministro reconheceu que o governo vem fazendo repasses aos estados muito aqu\u00e9m do necess\u00e1rio para a execu\u00e7\u00e3o das obras complementares. \u201cNossa inten\u00e7\u00e3o \u00e9 ampliar isso\u201d, afirmou, destacando j\u00e1 ter levado aos governos estaduais a necessidade de apresenta\u00e7\u00e3o de um plano de a\u00e7\u00f5es para garantir o desembolso de recursos. \u201cContudo, \u00e9 preciso que esse plano apresente funcionalidade para que as cidades, o mais rapidamente poss\u00edvel, sejam abastecidas e a popula\u00e7\u00e3o seja atendida\u201d.<\/span><\/p>\n<p><span style=\"color: #000000;\">Helder Barbalho tamb\u00e9m admitiu haver estudos para a interliga\u00e7\u00e3o das bacias do S\u00e3o Francisco e do Araguaia-Tocantins visando a abastecer os canais o Projeto de Integra\u00e7\u00e3o.<\/span><\/p>\n<p><span style=\"color: #000000;\"><strong>Vistoria<\/strong><\/span><\/p>\n<p><span style=\"color: #000000;\">A agenda de inspe\u00e7\u00e3o \u00e0s obras, nesta sexta-feira (10), inclui pontos estrat\u00e9gicos do Eixo Norte do Projeto: o t\u00fanel Cuncas 1, em S\u00e3o Jos\u00e9 de Piranhas (PB); a barragem de Jati, no munic\u00edpio cearense de mesmo nome; e a primeira esta\u00e7\u00e3o de bombeamento (EBI-1), em Cabrob\u00f3 (PE). O ministro tamb\u00e9m sobrevoa os 260 quil\u00f4metros do eixo e conhece de perto como vivem as 120 fam\u00edlias reassentadas na vila produtiva rural Cacar\u00e9, em S\u00e3o Jos\u00e9 de Piranhas.\u00a0\u00a0\u00a0\u00a0<\/span><\/p>\n<p><span style=\"color: #000000;\">No s\u00e1bado (11) a comitiva segue para o Eixo Leste, que tem 217 quil\u00f4metros de extens\u00e3o e, quando conclu\u00eddo, levar\u00e1 \u00e1gua aos estados de Pernambuco e Para\u00edba. Campina Grande, por exemplo, ser\u00e1 uma das cidades beneficiadas.<\/span><\/p>\n<p><span style=\"color: #000000;\">O primeiro ponto de visita ser\u00e1 o t\u00fanel Engenheiro Giancarlo de Lins Cavalcanti, em Monteiro (PB). Ap\u00f3s sobrevoar todo o eixo, o grupo inspeciona as atividades de duas esta\u00e7\u00f5es de bombeamento (EBV-1 e 3), ambas em Floresta (PE). O ministro tamb\u00e9m realiza uma visita t\u00e9cnica \u00e0 barragem Areias e ao canal de aproxima\u00e7\u00e3o, situados no mesmo munic\u00edpio. A agenda ser\u00e1 finalizada com um sobrevoo ao Canal do Sert\u00e3o Alagoano, empreendimento executado pelo governo de Alagoas com investimentos federais.<\/span><\/p>\n<p><span style=\"color: #000000;\">O Projeto S\u00e3o Francisco vai garantir o abastecimento constante de \u00e1gua a uma popula\u00e7\u00e3o de 12 milh\u00f5es de pessoas em 390 munic\u00edpios dos estados de Pernambuco, Cear\u00e1, Para\u00edba e Rio Grande do Norte, que possuem per\u00edodos c\u00edclicos de estiagem.<\/span><\/p>\n<p><span style=\"color: #000000;\"><strong>Eixo Norte<\/strong><\/span><\/p>\n<p><span style=\"color: #000000;\">Localizado no final do Eixo Norte, o Cuncas 1 \u00e9 considerado o maior t\u00fanel da Am\u00e9rica Latina para transporte de \u00e1gua, com 15 quil\u00f4metros de extens\u00e3o e nove metros de altura e largura. A estrutura ser\u00e1 respons\u00e1vel por conduzir a \u00e1gua do rio S\u00e3o Francisco entre o Cear\u00e1 e a Para\u00edba, passando pelos munic\u00edpios de Mauriti (CE), Barro (CE), Monte Horebe (PB) e S\u00e3o Jos\u00e9 de Piranhas (PB).<\/span><\/p>\n<p><span style=\"color: #000000;\">A barragem Jati, localizada no munic\u00edpio hom\u00f4nimo, comp\u00f5e um trecho do empreendimento que inclui a constru\u00e7\u00e3o de seis reservat\u00f3rios e a amplia\u00e7\u00e3o do a\u00e7ude Atalho. Ela vai disponibilizar \u00e1gua do S\u00e3o Francisco para o Cintur\u00e3o das \u00c1guas do Cear\u00e1 (CAC), que atender\u00e1 a regi\u00e3o do Cariri cearense. O CAC \u00e9 uma obra executada pelo Governo do Estado com apoio financeiro da Uni\u00e3o.<\/span><\/p>\n<p><span style=\"color: #000000;\">O Projeto de Integra\u00e7\u00e3o do Rio S\u00e3o Francisco capta a \u00e1gua do manancial em Cabrob\u00f3 (PE) e, pelo canal de aproxima\u00e7\u00e3o, faz chegar at\u00e9 a primeira esta\u00e7\u00e3o de bombeamento (EBI-1) do Eixo Norte. A estrutura eleva a \u00e1gua em 36 metros, altura equivalente a um edif\u00edcio de 12 andares. De l\u00e1, segue por gravidade at\u00e9 a segunda esta\u00e7\u00e3o (EBI-2) do eixo, num trajeto de 51,6 quil\u00f4metros.<\/span><\/p>\n<p><span style=\"color: #993300;\">Fonte: Assessoria de Comunica\u00e7\u00e3o Social do\u00a0Minist\u00e9rio\u00a0da\u00a0Integra\u00e7\u00e3o Nacional\u00a0<\/span><\/p>\n<p>&nbsp;<\/p>\n<p>&nbsp;<\/p>\n","protected":false},"excerpt":{"rendered":"<p>Bras\u00edlia-DF, 10\/6\/2016 &#8211; O objetivo do governo federal \u00e9 dar funcionalidade ao Projeto de Integra\u00e7\u00e3o do Rio S\u00e3o Francisco e fazer a \u00e1gua chegar o quanto antes \u00e0s torneiras das casas e \u00e0s planta\u00e7\u00f5es de quem quer produzir, beneficiando 12 milh\u00f5es de brasileiros da regi\u00e3o do semi\u00e1rido nordestino. A declara\u00e7\u00e3o \u00e9 do ministro da Integra\u00e7\u00e3o [&hellip;]<\/p>\n","protected":false},"author":1,"featured_media":0,"comment_status":"open","ping_status":"open","sticky":false,"template":"","format":"quote","meta":{"_uag_custom_page_level_css":"","footnotes":""},"categories":[31],"tags":[2046,2304,5759,6579,7709,8139,8373,8631,8828,9682],"class_list":["post-2081","post","type-post","status-publish","format-quote","hentry","category-infraestrutura","tag-ceara","tag-cinturao-das-aguas-do-ceara","tag-helder-carvalho-ministro-min","tag-juazeiro-do-norte","tag-ministerio-da-integracao-nacional","tag-no-ceara","tag-obras-do-rio-sao-francisco","tag-paraiba-e-rio-grande-do-norte","tag-pernambuco","tag-projeto-de-integracao-do-rio-sao-francisco","post_format-post-format-quote"],"blocksy_meta":[],"spectra_blocks_featured_image_url":null,"spectra_blocks_author_info":{"display_name":"Jornal da Constru\u00e7\u00e3o Civil","avatar_url":"https:\/\/secure.gravatar.com\/avatar\/973c9774fd44ddaceb026973c4962faa70fc512bc4c9da68e8ebb40fecee6540?s=96&d=mm&r=g","author_link":"https:\/\/construcaocivil.siriusmarketingedesign.com.br\/?author=1","description":"Desde de 2013, levando muitas informa\u00e7\u00f5es, lan\u00e7amentos e produtos de qualidade para toda cadeia produtiva da constru\u00e7\u00e3o. O Futuro da constru\u00e7\u00e3o passa por aqui,"},"uagb_featured_image_src":{"full":false,"thumbnail":false,"medium":false,"medium_large":false,"large":false,"1536x1536":false,"2048x2048":false},"uagb_author_info":{"display_name":"Jornal da Constru\u00e7\u00e3o Civil","author_link":"https:\/\/construcaocivil.siriusmarketingedesign.com.br\/?author=1"},"uagb_comment_info":0,"uagb_excerpt":"Bras\u00edlia-DF, 10\/6\/2016 &#8211; O objetivo do governo federal \u00e9 dar funcionalidade ao Projeto de Integra\u00e7\u00e3o do Rio S\u00e3o Francisco e fazer a \u00e1gua chegar o quanto antes \u00e0s torneiras das casas e \u00e0s planta\u00e7\u00f5es de quem quer produzir, beneficiando 12 milh\u00f5es de brasileiros da regi\u00e3o do semi\u00e1rido nordestino. A declara\u00e7\u00e3o \u00e9 do ministro da Integra\u00e7\u00e3o&hellip;","_links":{"self":[{"href":"https:\/\/construcaocivil.siriusmarketingedesign.com.br\/index.php?rest_route=\/wp\/v2\/posts\/2081","targetHints":{"allow":["GET"]}}],"collection":[{"href":"https:\/\/construcaocivil.siriusmarketingedesign.com.br\/index.php?rest_route=\/wp\/v2\/posts"}],"about":[{"href":"https:\/\/construcaocivil.siriusmarketingedesign.com.br\/index.php?rest_route=\/wp\/v2\/types\/post"}],"author":[{"embeddable":true,"href":"https:\/\/construcaocivil.siriusmarketingedesign.com.br\/index.php?rest_route=\/wp\/v2\/users\/1"}],"replies":[{"embeddable":true,"href":"https:\/\/construcaocivil.siriusmarketingedesign.com.br\/index.php?rest_route=%2Fwp%2Fv2%2Fcomments&post=2081"}],"version-history":[{"count":0,"href":"https:\/\/construcaocivil.siriusmarketingedesign.com.br\/index.php?rest_route=\/wp\/v2\/posts\/2081\/revisions"}],"wp:attachment":[{"href":"https:\/\/construcaocivil.siriusmarketingedesign.com.br\/index.php?rest_route=%2Fwp%2Fv2%2Fmedia&parent=2081"}],"wp:term":[{"taxonomy":"category","embeddable":true,"href":"https:\/\/construcaocivil.siriusmarketingedesign.com.br\/index.php?rest_route=%2Fwp%2Fv2%2Fcategories&post=2081"},{"taxonomy":"post_tag","embeddable":true,"href":"https:\/\/construcaocivil.siriusmarketingedesign.com.br\/index.php?rest_route=%2Fwp%2Fv2%2Ftags&post=2081"}],"curies":[{"name":"wp","href":"https:\/\/api.w.org\/{rel}","templated":true}]}}