{"id":2083,"date":"2016-06-13T16:57:36","date_gmt":"2016-06-13T16:57:36","guid":{"rendered":"http:\/\/www.jornaldaconstrucaocivil.com.br\/?p=2083"},"modified":"2016-06-13T16:57:36","modified_gmt":"2016-06-13T16:57:36","slug":"sesi-parana-promove-encontro-das-empresas-signatarias-do-pacto-global","status":"publish","type":"post","link":"https:\/\/construcaocivil.siriusmarketingedesign.com.br\/?p=2083","title":{"rendered":"Sesi Paran\u00e1 promove encontro das empresas signat\u00e1rias do Pacto Global"},"content":{"rendered":"<p><span style=\"color: #0000ff;\"><strong>Semin\u00e1rio ser\u00e1 nesta segunda-feira (13), no Campus da Ind\u00fastria, em parceria com o Cifal Curitiba<\/strong><\/span><\/p>\n<p><span style=\"color: #000000;\">O Sesi Paran\u00e1 promove, no dia 13 de junho, em parceria com o Cifal Curitiba, a primeira edi\u00e7\u00e3o do Encontro das Empresas Signat\u00e1rias do Pacto Global \u2013 ODS na Ind\u00fastria, com o tema: \u201cQual a import\u00e2ncia dos ODS para os neg\u00f3cios?\u201d. A programa\u00e7\u00e3o acontece das 13h30 \u00e0s 18 horas, no Campus da Ind\u00fastria \u2013 o presidente do Sistema Fiep, Edson Campagnolo, e o superintendente do Sesi Paran\u00e1, Jos\u00e9 Antonio Fares, far\u00e3o a abertura. O evento \u00e9 para empresas signat\u00e1rias do Pacto Global.<\/span><\/p>\n<p><span style=\"color: #000000;\">Para debater o assunto, o Sesi traz representantes como a secret\u00e1ria executiva da Rede Brasil do Pacto Global da Organiza\u00e7\u00e3o das Na\u00e7\u00f5es Unidas (ONU), Beatriz Martins Carneiro, o diretor do Programa de Desenvolvimento Local do UNITAR (Instituto das Na\u00e7\u00f5es Unidas de Treinamento e Pesquisa), Alex Mejia, o coordenador-geral para o Desenvolvimento Sustent\u00e1vel do Minist\u00e9rio das Rela\u00e7\u00f5es Exteriores (MRE), Mario Mottin, entre outros convidados.\u00a0 O semin\u00e1rio tamb\u00e9m traz para o debate representantes de empresas e multinacionais.<\/span><\/p>\n<p><span style=\"color: #000000;\">\u201cAl\u00e9m da evidente responsabilidade das ind\u00fastrias sobre o impacto de suas atividades no meio onde est\u00e3o inseridas, tornar-se um signat\u00e1rio do Pacto Global traz ganhos imensur\u00e1veis para os neg\u00f3cios. Especificamente os ODS, por se tratarem de ativos intang\u00edveis, influenciam diretamente no valor real das empresas, sejam elas pequenas, m\u00e9dias ou grandes, contribuindo para o bem de toda a sociedade\u201d, salienta o superintendente do Sesi Paran\u00e1, Jos\u00e9 Antonio Fares.<\/span><\/p>\n<p><span style=\"color: #000000;\">O Sesi Paran\u00e1 \u00e9 signat\u00e1rio do Pacto Global desde 2003. Definidos por meio de consultas p\u00fablicas em mais de 50 pa\u00edses, os 17 Objetivos do Desenvolvimento Sustent\u00e1vel (ODS) fazem parte das metas da Agenda 2030 para o Desenvolvimento Sustent\u00e1vel, um plano de a\u00e7\u00e3o para as pessoas e o planeta.<\/span><\/p>\n<p><span style=\"color: #000000;\">O debate entre representantes e empres\u00e1rios \u00e9 uma oportunidade para que se possa identificar oportunidades e alternativas de atua\u00e7\u00e3o nas ind\u00fastrias, al\u00e9m de refletir sobre os desafios que os ODS representam aos neg\u00f3cios. O semin\u00e1rio tamb\u00e9m apresentar\u00e1 cases de sucesso de empresas como a multinacional Novozymes (da \u00e1rea de biotecnologia), que demonstrar\u00e3o como \u00e9 a ades\u00e3o aos ODS na pr\u00e1tica.<\/span><\/p>\n<p><span style=\"color: #000000;\">Na ocasi\u00e3o, o Instituto Euvaldo Lodi (IEL) assina conv\u00eanio com o UNITAR com objetivo de manter rela\u00e7\u00f5es educacionais e de interc\u00e2mbio entre o Instituto e a ag\u00eancia da ONU. Neste sentido, o acordo de coopera\u00e7\u00e3o tem como foco oferecer diversas integra\u00e7\u00f5es em conjunto com a Faculdade da Ind\u00fastria IEL, como a realiza\u00e7\u00e3o de semin\u00e1rios internacionais sobre o desenvolvimento global e o papel da ind\u00fastria, al\u00e9m da promo\u00e7\u00e3o de interc\u00e2mbios para que estudantes conhe\u00e7am a sede da ag\u00eancia em Genebra, na Sui\u00e7a. A Faculdade da Ind\u00fastria IEL tamb\u00e9m tem o objetivo de possibilitar aos alunos a realiza\u00e7\u00e3o de est\u00e1gios na ONU UNITAR.<\/span><\/p>\n<p><strong>PROGRAMA\u00c7\u00c3O:<\/strong><\/p>\n<p><span style=\"color: #000000;\">13h30min \u00e0s 14h\u00a0 \u2013 ABERTURA<\/span><\/p>\n<ul>\n<li><span style=\"color: #000000;\">Presidente do Sistema FIEP, Edson Campagnolo<\/span><\/li>\n<li><span style=\"color: #000000;\">Superintendente do Sesi PR, Jos\u00e9 Antonio Fares<\/span><\/li>\n<li><span style=\"color: #000000;\">Secret\u00e1ria Executiva da Rede Brasil do Pacto Global da ONU, Beatriz Martins Carneiro<\/span><\/li>\n<li><span style=\"color: #000000;\">Diretor do Programa de Desenvolvimento Local do UNITAR, Alex Mejia<\/span><\/li>\n<\/ul>\n<p>14h \u00e0s 15h &#8211; PAINEL 1: \u201cCOMO TRADUZIR A AGENDA 2030 PARA CRIAR ESTRAT\u00c9GIAS DE NEG\u00d3CIOS\u201d<\/p>\n<p><span style=\"color: #000000;\">Vice-Presidente de Assuntos Corporativos e Sustentabilidade para a Am\u00e9rica Latina da Novozymes, Pedro Luiz Fernandes<\/span><\/p>\n<p><span style=\"color: #000000;\">Coordenador-geral para o Desenvolvimento Sustent\u00e1vel do Minist\u00e9rio das Rela\u00e7\u00f5es Exteriores (MRE), Mario Mottin<\/span><\/p>\n<p><span style=\"color: #000000;\">Diretor do Programa de Desenvolvimento Local do UNITAR, Alex Mejia<\/span><\/p>\n<p><span style=\"color: #000000;\">Representante do Pnud, Luciana Aguiar<\/span><\/p>\n<p>15h \u00e0s 16h &#8211; PAINEL 2: \u201cA IND\u00daSTRIA PROMOVENDO O DESENVOLVIMENTO SUSTENT\u00c1VEL\u201d<\/p>\n<p><span style=\"color: #000000;\">Coordenadora de Responsabilidade Social da Itaipu Binacional, Heloisa Covolan<\/span><\/p>\n<p>Secret\u00e1ria Executiva da Rede Brasil do Pacto Global da ONU, Beatriz Martins Carneiro<\/p>\n<p>Diretor de Pesquisas do IBGE, Roberto Olinto<\/p>\n<p>16h \u00e0s 17h \u2013 PAINEL 3: \u201cESTRAT\u00c9GIAS QUE O SETOR INDUSTRIAL PODE ADOTAR\u201d<\/p>\n<ul>\n<li><span style=\"color: #000000;\">Presidente da Organiza\u00e7\u00e3o Mundial das Fam\u00edlias &#8211; ONU, Deisi Noeli Weber Kusztra<\/span><\/li>\n<li><span style=\"color: #000000;\">Supervisora de comunica\u00e7\u00e3o da Usina Santa Terezinha, Suelen Loraine Aguilar Albuquerque.<\/span><\/li>\n<li><span style=\"color: #000000;\">Representante da Klabin.<\/span><\/li>\n<\/ul>\n<p>17h \u00e0s 18h \u2013 DI\u00c1LOGO COM OS PAINELISTAS: \u201cCOMO GANHAR COMPETITIVIDADE ALINHANDO OS ODS AO NEG\u00d3CIO DA EMPRESA?\u201d<\/p>\n<p><span style=\"color: #ff0000;\">Servi\u00e7o:<\/span><\/p>\n<p><span style=\"color: #000000;\">Encontro das Empresas Signat\u00e1rias do Pacto Global<\/span><\/p>\n<p><span style=\"color: #000000;\">Local: Campus da Ind\u00fastria \u2013 Sala de Conven\u00e7\u00f5es (Av. Comendador Franco, 1.341 \u2013 Jardim Bot\u00e2nico). Dia 13 de junho, das 13h30 \u00e0s 18 horas.<\/span><\/p>\n<p><span style=\"color: #000000;\">Inscri\u00e7\u00f5es: o semin\u00e1rio \u00e9 restrito \u00e0s empresas signat\u00e1ria do Pacto Global. Elas ainda podem se inscrever gratuitamente pelo e-mail: <span style=\"color: #0000ff;\">ods@sesipr.org.br. <\/span><\/span><\/p>\n<p><span style=\"color: #000000;\">Outras informa\u00e7\u00f5es pelo telefone: (41) 3271-7523.<\/span><\/p>\n<p>&nbsp;<\/p>\n","protected":false},"excerpt":{"rendered":"<p>Semin\u00e1rio ser\u00e1 nesta segunda-feira (13), no Campus da Ind\u00fastria, em parceria com o Cifal Curitiba O Sesi Paran\u00e1 promove, no dia 13 de junho, em parceria com o Cifal Curitiba, a primeira edi\u00e7\u00e3o do Encontro das Empresas Signat\u00e1rias do Pacto Global \u2013 ODS na Ind\u00fastria, com o tema: \u201cQual a import\u00e2ncia dos ODS para os [&hellip;]<\/p>\n","protected":false},"author":1,"featured_media":0,"comment_status":"open","ping_status":"open","sticky":false,"template":"","format":"quote","meta":{"_uag_custom_page_level_css":"","footnotes":""},"categories":[27],"tags":[1784,2288,5049,6232,8449,8567,10966],"class_list":["post-2083","post","type-post","status-publish","format-quote","hentry","category-acontece","tag-campus-da-industria","tag-cifal-curitiba","tag-fiep","tag-instituto-euvaldo-lodi-iel","tag-onu-unitar","tag-pacto-global","tag-sesi-parana","post_format-post-format-quote"],"blocksy_meta":[],"spectra_blocks_featured_image_url":null,"spectra_blocks_author_info":{"display_name":"Jornal da Constru\u00e7\u00e3o Civil","avatar_url":"https:\/\/secure.gravatar.com\/avatar\/973c9774fd44ddaceb026973c4962faa70fc512bc4c9da68e8ebb40fecee6540?s=96&d=mm&r=g","author_link":"https:\/\/construcaocivil.siriusmarketingedesign.com.br\/?author=1","description":"Desde de 2013, levando muitas informa\u00e7\u00f5es, lan\u00e7amentos e produtos de qualidade para toda cadeia produtiva da constru\u00e7\u00e3o. O Futuro da constru\u00e7\u00e3o passa por aqui,"},"uagb_featured_image_src":{"full":false,"thumbnail":false,"medium":false,"medium_large":false,"large":false,"1536x1536":false,"2048x2048":false},"uagb_author_info":{"display_name":"Jornal da Constru\u00e7\u00e3o Civil","author_link":"https:\/\/construcaocivil.siriusmarketingedesign.com.br\/?author=1"},"uagb_comment_info":0,"uagb_excerpt":"Semin\u00e1rio ser\u00e1 nesta segunda-feira (13), no Campus da Ind\u00fastria, em parceria com o Cifal Curitiba O Sesi Paran\u00e1 promove, no dia 13 de junho, em parceria com o Cifal Curitiba, a primeira edi\u00e7\u00e3o do Encontro das Empresas Signat\u00e1rias do Pacto Global \u2013 ODS na Ind\u00fastria, com o tema: \u201cQual a import\u00e2ncia dos ODS para os&hellip;","_links":{"self":[{"href":"https:\/\/construcaocivil.siriusmarketingedesign.com.br\/index.php?rest_route=\/wp\/v2\/posts\/2083","targetHints":{"allow":["GET"]}}],"collection":[{"href":"https:\/\/construcaocivil.siriusmarketingedesign.com.br\/index.php?rest_route=\/wp\/v2\/posts"}],"about":[{"href":"https:\/\/construcaocivil.siriusmarketingedesign.com.br\/index.php?rest_route=\/wp\/v2\/types\/post"}],"author":[{"embeddable":true,"href":"https:\/\/construcaocivil.siriusmarketingedesign.com.br\/index.php?rest_route=\/wp\/v2\/users\/1"}],"replies":[{"embeddable":true,"href":"https:\/\/construcaocivil.siriusmarketingedesign.com.br\/index.php?rest_route=%2Fwp%2Fv2%2Fcomments&post=2083"}],"version-history":[{"count":0,"href":"https:\/\/construcaocivil.siriusmarketingedesign.com.br\/index.php?rest_route=\/wp\/v2\/posts\/2083\/revisions"}],"wp:attachment":[{"href":"https:\/\/construcaocivil.siriusmarketingedesign.com.br\/index.php?rest_route=%2Fwp%2Fv2%2Fmedia&parent=2083"}],"wp:term":[{"taxonomy":"category","embeddable":true,"href":"https:\/\/construcaocivil.siriusmarketingedesign.com.br\/index.php?rest_route=%2Fwp%2Fv2%2Fcategories&post=2083"},{"taxonomy":"post_tag","embeddable":true,"href":"https:\/\/construcaocivil.siriusmarketingedesign.com.br\/index.php?rest_route=%2Fwp%2Fv2%2Ftags&post=2083"}],"curies":[{"name":"wp","href":"https:\/\/api.w.org\/{rel}","templated":true}]}}