{"id":20838,"date":"2023-01-23T18:25:16","date_gmt":"2023-01-23T21:25:16","guid":{"rendered":"https:\/\/www.jornaldaconstrucaocivil.com.br\/?p=20838"},"modified":"2023-01-23T18:25:16","modified_gmt":"2023-01-23T21:25:16","slug":"nota-do-cimi-a-protecao-das-vidas-indigenas-exige-medidas-contundentes-contra-invasores-e-a-retomada-das-demarcacoes","status":"publish","type":"post","link":"https:\/\/construcaocivil.siriusmarketingedesign.com.br\/?p=20838","title":{"rendered":"Nota do Cimi: a prote\u00e7\u00e3o das vidas ind\u00edgenas exige medidas contundentes contra invasores e a retomada das demarca\u00e7\u00f5es"},"content":{"rendered":"<p style=\"text-align: justify;\">Em janeiro de 2003, vinte anos atr\u00e1s, Lula subia a rampa pela primeira vez como Presidente da Rep\u00fablica. O pa\u00eds abra\u00e7ava esse novo momento pol\u00edtico com muitas expectativas, porque a esperan\u00e7a tinha vencido o medo. Os povos ind\u00edgenas aguardavam medidas urgentes que sinalizassem avan\u00e7os significativos na garantia de seus direitos. Dentre outras, esperava-se a homologa\u00e7\u00e3o imediata da Terra Ind\u00edgena (TI) Raposa Serra do Sol, em Roraima.<\/p>\n<p style=\"text-align: justify;\">Entretanto, no dia 3 de janeiro, apenas dois dias depois da posse, o ind\u00edgena Aldo Mota Macuxi desapareceu dentro dessa mesma terra ind\u00edgena e seis dias depois seu corpo foi encontrado semi-enterrado; tinha sido assassinado por fazendeiros invasores, que deixaram claro que a viol\u00eancia pretendia permanecer. O certo \u00e9 que, depois disso, o governo Lula demorou mais dois anos e meio para homologar a TI Raposa Serra do Sol, cuja demarca\u00e7\u00e3o ainda precisou percorrer um complexo caminho de judicializa\u00e7\u00e3o no Supremo Tribunal Federal (STF) at\u00e9 ser plenamente regularizada.<\/p>\n<p style=\"text-align: justify;\">Vinte anos depois, em primeiro de janeiro de 2023, a esperan\u00e7a do povo brasileiro e, particularmente, dos povos ind\u00edgenas, subiu de novo a rampa no Pal\u00e1cio do Planalto. Desta vez, a esperan\u00e7a tinha vencido ao terror do fascismo e do genoc\u00eddio dos \u00faltimos quatro anos. O novo governo incorporou na primeira linha decis\u00f3ria de pol\u00edticas p\u00fablicas o Minist\u00e9rio dos Povos Ind\u00edgenas e o Minist\u00e9rio da Igualdade Racial e resgatou a pr\u00e1tica de ocupar com perfis pol\u00edticos e competentes a dire\u00e7\u00e3o de pastas fundamentais como educa\u00e7\u00e3o, sa\u00fade e direitos humanos.<\/p>\n<p style=\"text-align: justify;\">Decis\u00f5es come\u00e7am ser tomadas, as perspectivas de justi\u00e7a e democracia come\u00e7am amanhecer de novo e o mundo celebra o retorno do Brasil \u00e0s discuss\u00f5es globais mais estrat\u00e9gicas, como meio ambiente e direitos humanos. Contudo, a viol\u00eancia contra os povos ind\u00edgenas voltou a mostrar suas garras de intimida\u00e7\u00e3o e morte; o inimigo n\u00e3o dorme, continua matando porque se habituou \u00e0 garantia da impunidade por parte do Estado.<\/p>\n<p style=\"text-align: justify;\">No dia 9 de janeiro, pistoleiros a mando do patr\u00e3o dispararam contra dois jovens do povo ind\u00edgena Mura, no munic\u00edpio de Autazes (AM). Os jovens estavam coletando castanhas dentro de seu territ\u00f3rio tradicional, que se encontra invadido por fazendas. A situa\u00e7\u00e3o \u00e9 de conhecimento do poder p\u00fablico e as den\u00fancias de amea\u00e7as e viola\u00e7\u00f5es acumulam-se impunemente.<\/p>\n<p style=\"text-align: justify;\">No mesmo dia 9, no Maranh\u00e3o, dois jovens Guajajara foram alvejados quando caminhavam por uma rodovia que corta a TI Arariboia. Ambos foram atingidos por disparos na cabe\u00e7a e tiveram que passar por procedimentos cir\u00fargicos de emerg\u00eancia. O atentado repetiu as mesmas caracter\u00edsticas de outros ataques que, em setembro de 2022, vitimaram tr\u00eas ind\u00edgenas deste mesmo territ\u00f3rio.<\/p>\n<p style=\"text-align: justify;\">No dia 17 de janeiro, os jovens Samuel e Nau\u00ed, do povo Patax\u00f3, foram brutalmente assassinados com disparos de arma de fogo no extremo sul da Bahia, em um contexto de retomada dos territ\u00f3rios roubados por fazendeiros dentro dos limites da TI Barra Velha.<\/p>\n<p style=\"text-align: justify;\">Em Rond\u00f4nia, acirram-se as invas\u00f5es e viol\u00eancias no interior da TI Karipuna, j\u00e1 demarcada e homologada, por parte de grileiros, madeireiros e garimpeiros. Al\u00e9m da grave situa\u00e7\u00e3o do povo Karipuna \u2013 vulner\u00e1vel e pouco numeroso, depois de ter sido quase dizimado durante o desastroso contato for\u00e7ado na d\u00e9cada de 1970 \u2013 o contexto neste territ\u00f3rio \u00e9 ainda mais dram\u00e1tico devido \u00e0 presen\u00e7a de ind\u00edgenas isolados. Os Karipuna t\u00eam encontrado vest\u00edgios dos isolados cada vez mais pr\u00f3ximos de sua aldeia, o que indica que est\u00e3o, eles tamb\u00e9m, encurralados.<\/p>\n<p style=\"text-align: justify;\">Na mesma semana, um l\u00edder espiritual do povo Guarani foi sequestrado e torturado no oeste do Paran\u00e1, conforme a den\u00fancia do cacique do tekoha Y&#8217;hovy, de Gua\u00edra, no contexto de conflitos derivados da falta de demarca\u00e7\u00e3o dos territ\u00f3rios tradicionais. O in\u00edcio do ano demonstrou que a escalada de viol\u00eancia contra os povos ind\u00edgenas permanece estrutural e avan\u00e7a com seus tra\u00e7os habituais de crueldade e virul\u00eancia.<\/p>\n<p style=\"text-align: justify;\">O pr\u00f3prio presidente Lula e v\u00e1rios de seus ministros puderam testemunhar os impactos que o garimpo ilegal e o abandono no atendimento \u00e0 sa\u00fade por parte do Estado ocasionaram ao povo Yanomami. N\u00e3o \u00e9 uma situa\u00e7\u00e3o revelada agora; foi denunciada in\u00fameras vezes por organiza\u00e7\u00f5es ind\u00edgenas e aliados. Entre novembro de 2018 e dezembro de 2022, houve at\u00e9 seis decis\u00f5es judiciais, nas diversas inst\u00e2ncias do Poder Judici\u00e1rio, condenando ao Estado a tomar as medidas urgentes necess\u00e1rias.<\/p>\n<p style=\"text-align: justify;\">Em maio de 2020, a Comiss\u00e3o Interamericana de Direitos Humanos (CIDH) publicou uma Medida Cautelar no mesmo sentido. O que aconteceu na TI Yanomami durante os \u00faltimos quatro anos foi um crime premeditado, uma opera\u00e7\u00e3o sistem\u00e1tica de matar ou deixar morrer, por disparo de bala ou inani\u00e7\u00e3o, com o avan\u00e7o impune do garimpo e o abandono absoluto do atendimento em sa\u00fade, o que configura formas concretas de genoc\u00eddio contra um povo.<\/p>\n<p style=\"text-align: justify;\">A j\u00e1 anunciada interven\u00e7\u00e3o emergencial em sa\u00fade por parte do novo governo dever\u00e1 ir acompanhada, o mais c\u00e9lere poss\u00edvel, de uma a\u00e7\u00e3o determinada e coordenada para a retirada dos garimpeiros daquele territ\u00f3rio.<\/p>\n<p style=\"text-align: justify;\">O novo governo traz consigo n\u00e3o s\u00f3 uma in\u00e9dita sensibilidade, mas tamb\u00e9m novos mecanismos e institui\u00e7\u00f5es para a defesa da vida e dos direitos humanos \u2013 e, portanto, maior capacidade de resposta. Por isso, \u00e9 fundamental que atue desde o primeiro momento de forma en\u00e9rgica e contundente, incontest\u00e1vel, para proteger a vida dos povos ind\u00edgenas e enfrentar essa escalada de viol\u00eancia impedindo qualquer cen\u00e1rio de impunidade.<\/p>\n<p style=\"text-align: justify;\">\u00c9 imprescind\u00edvel, ao mesmo tempo, que d\u00ea os passos necess\u00e1rios e de forma imediata para a retomada da pol\u00edtica de demarca\u00e7\u00e3o e prote\u00e7\u00e3o dos territ\u00f3rios ind\u00edgenas, com os recursos necess\u00e1rios para isso e com a supera\u00e7\u00e3o firme e determinada da falaciosa tese do marco temporal. O desafio indiscut\u00edvel de recuperar a conviv\u00eancia democr\u00e1tica no pa\u00eds passa, claramente, pela garantia dos direitos fundamentais dos povos ind\u00edgenas.<\/p>\n<p style=\"text-align: justify;\">O Conselho Indigenista Mission\u00e1rio (Cimi) afirma seu compromisso de somar e contribuir com este momento hist\u00f3rico que vive o pa\u00eds. N\u00e3o cessar\u00e1 de denunciar permanentemente a viol\u00eancia sistem\u00e1tica contra os povos ind\u00edgenas nem renunciar\u00e1 \u00e0 esperan\u00e7a teimosa, aprendida no conv\u00edvio junto aos povos, por uma sociedade livre de viol\u00eancia, por um pa\u00eds de justi\u00e7a e por um projeto de Bem Viver para todos.<\/p>\n<p class=\"v1ql-align-right\" style=\"text-align: justify;\">Bras\u00edlia &#8211; DF, 23 de janeiro de 2023<\/p>\n<p class=\"v1ql-align-center\" style=\"text-align: justify;\"><strong>Conselho Indigenista Mission\u00e1rio \u2013 Cimi<\/strong><\/p>\n","protected":false},"excerpt":{"rendered":"<p>Em janeiro de 2003, vinte anos atr\u00e1s, Lula subia a rampa pela primeira vez como Presidente da Rep\u00fablica. O pa\u00eds abra\u00e7ava esse novo momento pol\u00edtico com muitas expectativas, porque a esperan\u00e7a tinha vencido o medo. Os povos ind\u00edgenas aguardavam medidas urgentes que sinalizassem avan\u00e7os significativos na garantia de seus direitos. Dentre outras, esperava-se a homologa\u00e7\u00e3o [&hellip;]<\/p>\n","protected":false},"author":1,"featured_media":20839,"comment_status":"open","ping_status":"open","sticky":false,"template":"","format":"standard","meta":{"_uag_custom_page_level_css":"","footnotes":""},"categories":[37],"tags":[24764,24767,19221,5258,12892,7077,24765,24766],"class_list":["post-20838","post","type-post","status-publish","format-standard","has-post-thumbnail","hentry","category-sustentabilidade","tag-terrasindigenas","tag-yanomami","tag-cimi","tag-funai","tag-grileiros","tag-lula","tag-raposa-serra-do-sol-ro","tag-terras-yanomami"],"blocksy_meta":[],"spectra_blocks_featured_image_url":{"thumbnail":{"url":"https:\/\/construcaocivil.siriusmarketingedesign.com.br\/wp-content\/uploads\/2023\/01\/LogoCIMI-f-150x150.jpg","width":150,"height":150},"medium":{"url":"https:\/\/construcaocivil.siriusmarketingedesign.com.br\/wp-content\/uploads\/2023\/01\/LogoCIMI-f-300x158.jpg","width":300,"height":158},"medium_large":{"url":"https:\/\/construcaocivil.siriusmarketingedesign.com.br\/wp-content\/uploads\/2023\/01\/LogoCIMI-f-768x403.jpg","width":768,"height":403},"large":{"url":"https:\/\/construcaocivil.siriusmarketingedesign.com.br\/wp-content\/uploads\/2023\/01\/LogoCIMI-f-1024x538.jpg","width":1024,"height":538},"full":{"url":"https:\/\/construcaocivil.siriusmarketingedesign.com.br\/wp-content\/uploads\/2023\/01\/LogoCIMI-f.jpg","width":1200,"height":630}},"spectra_blocks_author_info":{"display_name":"Jornal da Constru\u00e7\u00e3o Civil","avatar_url":"https:\/\/secure.gravatar.com\/avatar\/973c9774fd44ddaceb026973c4962faa70fc512bc4c9da68e8ebb40fecee6540?s=96&d=mm&r=g","author_link":"https:\/\/construcaocivil.siriusmarketingedesign.com.br\/?author=1","description":"Desde de 2013, levando muitas informa\u00e7\u00f5es, lan\u00e7amentos e produtos de qualidade para toda cadeia produtiva da constru\u00e7\u00e3o. O Futuro da constru\u00e7\u00e3o passa por aqui,"},"uagb_featured_image_src":{"full":["https:\/\/construcaocivil.siriusmarketingedesign.com.br\/wp-content\/uploads\/2023\/01\/LogoCIMI-f.jpg",1200,630,false],"thumbnail":["https:\/\/construcaocivil.siriusmarketingedesign.com.br\/wp-content\/uploads\/2023\/01\/LogoCIMI-f-150x150.jpg",150,150,true],"medium":["https:\/\/construcaocivil.siriusmarketingedesign.com.br\/wp-content\/uploads\/2023\/01\/LogoCIMI-f-300x158.jpg",300,158,true],"medium_large":["https:\/\/construcaocivil.siriusmarketingedesign.com.br\/wp-content\/uploads\/2023\/01\/LogoCIMI-f-768x403.jpg",768,403,true],"large":["https:\/\/construcaocivil.siriusmarketingedesign.com.br\/wp-content\/uploads\/2023\/01\/LogoCIMI-f-1024x538.jpg",1024,538,true],"1536x1536":["https:\/\/construcaocivil.siriusmarketingedesign.com.br\/wp-content\/uploads\/2023\/01\/LogoCIMI-f.jpg",1200,630,false],"2048x2048":["https:\/\/construcaocivil.siriusmarketingedesign.com.br\/wp-content\/uploads\/2023\/01\/LogoCIMI-f.jpg",1200,630,false]},"uagb_author_info":{"display_name":"Jornal da Constru\u00e7\u00e3o Civil","author_link":"https:\/\/construcaocivil.siriusmarketingedesign.com.br\/?author=1"},"uagb_comment_info":0,"uagb_excerpt":"Em janeiro de 2003, vinte anos atr\u00e1s, Lula subia a rampa pela primeira vez como Presidente da Rep\u00fablica. O pa\u00eds abra\u00e7ava esse novo momento pol\u00edtico com muitas expectativas, porque a esperan\u00e7a tinha vencido o medo. Os povos ind\u00edgenas aguardavam medidas urgentes que sinalizassem avan\u00e7os significativos na garantia de seus direitos. Dentre outras, esperava-se a homologa\u00e7\u00e3o&hellip;","_links":{"self":[{"href":"https:\/\/construcaocivil.siriusmarketingedesign.com.br\/index.php?rest_route=\/wp\/v2\/posts\/20838","targetHints":{"allow":["GET"]}}],"collection":[{"href":"https:\/\/construcaocivil.siriusmarketingedesign.com.br\/index.php?rest_route=\/wp\/v2\/posts"}],"about":[{"href":"https:\/\/construcaocivil.siriusmarketingedesign.com.br\/index.php?rest_route=\/wp\/v2\/types\/post"}],"author":[{"embeddable":true,"href":"https:\/\/construcaocivil.siriusmarketingedesign.com.br\/index.php?rest_route=\/wp\/v2\/users\/1"}],"replies":[{"embeddable":true,"href":"https:\/\/construcaocivil.siriusmarketingedesign.com.br\/index.php?rest_route=%2Fwp%2Fv2%2Fcomments&post=20838"}],"version-history":[{"count":0,"href":"https:\/\/construcaocivil.siriusmarketingedesign.com.br\/index.php?rest_route=\/wp\/v2\/posts\/20838\/revisions"}],"wp:featuredmedia":[{"embeddable":true,"href":"https:\/\/construcaocivil.siriusmarketingedesign.com.br\/index.php?rest_route=\/wp\/v2\/media\/20839"}],"wp:attachment":[{"href":"https:\/\/construcaocivil.siriusmarketingedesign.com.br\/index.php?rest_route=%2Fwp%2Fv2%2Fmedia&parent=20838"}],"wp:term":[{"taxonomy":"category","embeddable":true,"href":"https:\/\/construcaocivil.siriusmarketingedesign.com.br\/index.php?rest_route=%2Fwp%2Fv2%2Fcategories&post=20838"},{"taxonomy":"post_tag","embeddable":true,"href":"https:\/\/construcaocivil.siriusmarketingedesign.com.br\/index.php?rest_route=%2Fwp%2Fv2%2Ftags&post=20838"}],"curies":[{"name":"wp","href":"https:\/\/api.w.org\/{rel}","templated":true}]}}