{"id":20841,"date":"2023-01-23T18:39:19","date_gmt":"2023-01-23T21:39:19","guid":{"rendered":"https:\/\/www.jornaldaconstrucaocivil.com.br\/?p=20841"},"modified":"2023-01-23T18:39:19","modified_gmt":"2023-01-23T21:39:19","slug":"novos-negocios-estou-de-volta-para-fazer-bons-acordos-com-a-argentina-diz-lula-em-reuniao-com-alberto-fernandez","status":"publish","type":"post","link":"https:\/\/construcaocivil.siriusmarketingedesign.com.br\/?p=20841","title":{"rendered":"Novos neg\u00f3cios: &#8220;Estou de volta para fazer bons acordos com a Argentina&#8221;, diz Lula em reuni\u00e3o com Alberto Fern\u00e1ndez"},"content":{"rendered":"<article>\n<div id=\"content-core\">\n<div id=\"parent-fieldname-text\" class=\"\">\n<div>\n<p style=\"text-align: justify;\">O presidente da Rep\u00fablica, Luiz In\u00e1cio Lula da Silva, iniciou sua primeira agenda internacional na Argentina, nesta segunda-feira (23\/01), onde se encontrou com o presidente do pa\u00eds vizinho, Alberto Fern\u00e1ndez, com o intuito de fortalecer la\u00e7os entre os dois pa\u00edses \u2014 antigos parceiros econ\u00f4micos \u2014 buscando o desenvolvimento de todo o bloco sul-americano. Lula e Fern\u00e1ndez assinaram uma Declara\u00e7\u00e3o Conjunta de Coopera\u00e7\u00e3o.<\/p>\n<p style=\"text-align: justify;\">Na ocasi\u00e3o, o presidente Lula afirmou que esse \u00e9 um novo come\u00e7o na rela\u00e7\u00e3o diplom\u00e1tica e econ\u00f4mica entre as duas na\u00e7\u00f5es. &#8220;Hoje \u00e9 o come\u00e7o de uma nova hist\u00f3ria, tenha certeza que a Argentina ser\u00e1 tratada com todo o respeito e carinho que merece. Nem o futebol ser\u00e1 motivo de nos dividir, pois os interesses econ\u00f4micos dos nossos torcedores s\u00e3o maiores que os dirigentes dos nossos pa\u00edses&#8221;, argumentou.<\/p>\n<p style=\"text-align: justify;\">O presidente Alberto Fern\u00e1ndez tamb\u00e9m comemorou a forma\u00e7\u00e3o de um &#8220;v\u00ednculo estrat\u00e9gico muito mais profundo do que t\u00ednhamos e que vai durar pelas pr\u00f3ximas d\u00e9cadas&#8221;. O l\u00edder da Argentina prestou apoio a Lula, afirmando que o presidente brasileiro \u00e9 &#8220;um l\u00edder da regi\u00e3o e um grande estadista&#8221;. &#8220;Eu vi d\u00e9cadas atr\u00e1s quando iniciou um processo que tirou milhares de pessoas da mis\u00e9ria no Brasil&#8221;, disse.<\/p>\n<p style=\"text-align: justify;\">O presidente Lula ressaltou a import\u00e2ncia dos la\u00e7os Brasil-Argentina para o fortalecimento da regi\u00e3o sul-americana. &#8220;Quando eu acabar o meu mandato, a rela\u00e7\u00e3o com a Argentina ser\u00e1 a melhor rela\u00e7\u00e3o entre todos os pa\u00edses da Am\u00e9rica do Sul e Am\u00e9rica Latina. N\u00e3o que eu tenha prefer\u00eancia pela Argentina, \u00e9 porque a Argentina \u00e9 um pa\u00eds grande, j\u00e1 foi a quinta economia maior do mundo&#8221;, justificou.\u00a0Os la\u00e7os, segundo Lula, extrapolam a seara da economia: &#8220;nossas universidades precisam estar mais pr\u00f3ximas, porque uma boa rela\u00e7\u00e3o n\u00e3o \u00e9 s\u00f3 comercial, \u00e9 tamb\u00e9m a rela\u00e7\u00e3o cient\u00edfico-tecnol\u00f3gica, a rela\u00e7\u00e3o cultural, e sobretudo, a rela\u00e7\u00e3o pol\u00edtica. Quero dizer que estou de volta para fazer bons acordos com a Argentina&#8221;.<\/p>\n<p style=\"text-align: justify;\">Para o presidente Lula, as rela\u00e7\u00f5es entre as economias sul-americanas s\u00e3o essenciais \u00e0 manuten\u00e7\u00e3o do bloco. &#8220;Um pa\u00eds que tem 16 mil quil\u00f4metros de fronteira com a nossa querida Am\u00e9rica do Sul, um pa\u00eds que \u00e9 o maior, economicamente (e industrialmente), n\u00e3o tem o direito de procurar inimigos. Temos que construir amigos, parceiros. O Brasil est\u00e1 uma nova vez de bra\u00e7os abertos para acolher os amigos argentinos&#8221;, declarou.<\/p>\n<p style=\"text-align: justify;\">Tamb\u00e9m evocou a ideia de adotar uma moeda comum no bloco sul-americano. &#8220;O que estamos tentando trabalhar agora \u00e9 que nossos ministros da Fazenda, com suas equipes econ\u00f4micas, possam fazer uma proposta de com\u00e9rcio exterior e de transa\u00e7\u00f5es entre os dois pa\u00edses em uma moeda comum, a ser constru\u00edda com muito debate e reuni\u00f5es. Isso \u00e9 o que vai acontecer. Agora, vou dizer o que eu penso: se dependesse de mim, a gente teria com\u00e9rcio exterior sempre nas moedas dos outros pa\u00edses, para que a gente n\u00e3o dependa do d\u00f3lar&#8221;, indicou o presidente Lula.<\/p>\n<p style=\"text-align: justify;\">Uma cerim\u00f4nia de oferenda floral, no monumento ao &#8220;libertador&#8221;, general Jos\u00e9 de San Mart\u00edn, foi a primeira atividade do presidente Lula na capital argentina. A homenagem ao militar foi acompanhada por Janja Lula da Silva e\u00a0Santiago Cafiero,\u00a0ministro das Rela\u00e7\u00f5es Exteriores da Argentina.<\/p>\n<p style=\"text-align: justify;\"><strong>ACORDOS BILATERAIS<\/strong>\u00a0\u2014\u00a0Integram a comitiva presidencial os ministros Mauro Vieira (Rela\u00e7\u00f5es Exteriores); N\u00edsia Trindade (Sa\u00fade); Luciana Santos (Ci\u00eancia, Tecnologia e Inova\u00e7\u00e3o); Paulo Pimenta (Secretaria de Comunica\u00e7\u00e3o Social); M\u00e1rcio Mac\u00eado (Secretaria Geral da Presid\u00eancia) e Fernando Haddad (Fazenda). Todos ter\u00e3o participa\u00e7\u00e3o na assinatura de novas a\u00e7\u00f5es de coopera\u00e7\u00e3o bilateral.<\/p>\n<p style=\"text-align: justify;\">O primeiro ato assinado foi a &#8220;Carta de Inten\u00e7\u00f5es para o Projeto de Integra\u00e7\u00e3o da Produ\u00e7\u00e3o de Defesa Brasil-Argentina&#8221;, pelos ministros Mauro Vieira e Jorge Taiana, da Defesa argentina. Em seguida, as ministras da Sa\u00fade, N\u00edsia Trindade e Carla Vizziotti assinaram\u00a0tamb\u00e9m o\u00a0documento.<\/p>\n<p style=\"text-align: justify;\">Na \u00e1rea da Ci\u00eancia, Tecnologia e Inova\u00e7\u00e3o, assinam Luciana Santos e Daniel Filmus,\u00a0ministros no Brasil e na Argentina,\u00a0respectivamente. Dois atos foram firmados: o Programa Binacional de Coopera\u00e7\u00e3o em Ci\u00eancia, Tecnologia e Inova\u00e7\u00e3o 2023-2024 e o Memorando de Entendimento entre Minist\u00e9rios de Ci\u00eancia, Tecnologia e Inova\u00e7\u00e3o sobre Coopera\u00e7\u00e3o Cient\u00edfica em Ci\u00eancia Oce\u00e2nica.<\/p>\n<p style=\"text-align: justify;\">O ministro Fernando Haddad e o ministro\u00a0argentino Sergio Massa (Economia) assinam o Memorando de Entendimento sobre Integra\u00e7\u00e3o Financeira. Por fim, Mauro Vieira, chanceler brasileiro, assina o Acordo de Coopera\u00e7\u00e3o Ant\u00e1rtica, junto ao ministro argentino Santiago Cafiero.<\/p>\n<p style=\"text-align: justify;\">Nesta ter\u00e7a-feira (24), ainda\u00a0em Buenos Aires,\u00a0o presidente Lula participa da VII C\u00fapula da Comunidade de Estados Latino-Americanos e Caribenhos (Celac).\u00a0A Celac est\u00e1 integrada por todos os 33 pa\u00edses da Am\u00e9rica Latina e Caribe e dedica-se \u00e0 promo\u00e7\u00e3o do di\u00e1logo e da coopera\u00e7\u00e3o em conjunto amplo de temas \u2013 como sa\u00fade, inclus\u00e3o social, seguran\u00e7a alimentar e energ\u00e9tica, desenvolvimento sustent\u00e1vel, transforma\u00e7\u00e3o digital e infraestrutura para a integra\u00e7\u00e3o.<\/p>\n<\/div>\n<\/div>\n<\/div>\n<div class=\"visualClear\" style=\"text-align: justify;\"><\/div>\n<div class=\"documentActions\" style=\"text-align: justify;\">Fonte: Pal\u00e1cio do Planalto<\/div>\n<\/article>\n<div class=\"column\" style=\"text-align: justify;\"><\/div>\n","protected":false},"excerpt":{"rendered":"<p>O presidente da Rep\u00fablica, Luiz In\u00e1cio Lula da Silva, iniciou sua primeira agenda internacional na Argentina, nesta segunda-feira (23\/01), onde se encontrou com o presidente do pa\u00eds vizinho, Alberto Fern\u00e1ndez, com o intuito de fortalecer la\u00e7os entre os dois pa\u00edses \u2014 antigos parceiros econ\u00f4micos \u2014 buscando o desenvolvimento de todo o bloco sul-americano. Lula e [&hellip;]<\/p>\n","protected":false},"author":1,"featured_media":20842,"comment_status":"open","ping_status":"open","sticky":false,"template":"","format":"standard","meta":{"_uag_custom_page_level_css":"","footnotes":""},"categories":[33],"tags":[24771,24773,24768,24770,24769,24772],"class_list":["post-20841","post","type-post","status-publish","format-standard","has-post-thumbnail","hentry","category-mercado","tag-argentinaconstrucaocivil","tag-bndesgasoduto","tag-lulanaargentina","tag-mercosul","tag-novamoeda","tag-exportacoes-carros-e-caminhoes"],"blocksy_meta":[],"spectra_blocks_featured_image_url":{"thumbnail":{"url":"https:\/\/construcaocivil.siriusmarketingedesign.com.br\/wp-content\/uploads\/2023\/01\/0d9cc7b5-ef9f-40af-8781-9303f2330798-150x150.png","width":150,"height":150},"medium":{"url":"https:\/\/construcaocivil.siriusmarketingedesign.com.br\/wp-content\/uploads\/2023\/01\/0d9cc7b5-ef9f-40af-8781-9303f2330798-300x211.png","width":300,"height":211},"medium_large":{"url":"https:\/\/construcaocivil.siriusmarketingedesign.com.br\/wp-content\/uploads\/2023\/01\/0d9cc7b5-ef9f-40af-8781-9303f2330798.png","width":768,"height":540},"large":{"url":"https:\/\/construcaocivil.siriusmarketingedesign.com.br\/wp-content\/uploads\/2023\/01\/0d9cc7b5-ef9f-40af-8781-9303f2330798.png","width":768,"height":540},"full":{"url":"https:\/\/construcaocivil.siriusmarketingedesign.com.br\/wp-content\/uploads\/2023\/01\/0d9cc7b5-ef9f-40af-8781-9303f2330798.png","width":768,"height":540}},"spectra_blocks_author_info":{"display_name":"Jornal da Constru\u00e7\u00e3o Civil","avatar_url":"https:\/\/secure.gravatar.com\/avatar\/973c9774fd44ddaceb026973c4962faa70fc512bc4c9da68e8ebb40fecee6540?s=96&d=mm&r=g","author_link":"https:\/\/construcaocivil.siriusmarketingedesign.com.br\/?author=1","description":"Desde de 2013, levando muitas informa\u00e7\u00f5es, lan\u00e7amentos e produtos de qualidade para toda cadeia produtiva da constru\u00e7\u00e3o. O Futuro da constru\u00e7\u00e3o passa por aqui,"},"uagb_featured_image_src":{"full":["https:\/\/construcaocivil.siriusmarketingedesign.com.br\/wp-content\/uploads\/2023\/01\/0d9cc7b5-ef9f-40af-8781-9303f2330798.png",768,540,false],"thumbnail":["https:\/\/construcaocivil.siriusmarketingedesign.com.br\/wp-content\/uploads\/2023\/01\/0d9cc7b5-ef9f-40af-8781-9303f2330798-150x150.png",150,150,true],"medium":["https:\/\/construcaocivil.siriusmarketingedesign.com.br\/wp-content\/uploads\/2023\/01\/0d9cc7b5-ef9f-40af-8781-9303f2330798-300x211.png",300,211,true],"medium_large":["https:\/\/construcaocivil.siriusmarketingedesign.com.br\/wp-content\/uploads\/2023\/01\/0d9cc7b5-ef9f-40af-8781-9303f2330798.png",768,540,false],"large":["https:\/\/construcaocivil.siriusmarketingedesign.com.br\/wp-content\/uploads\/2023\/01\/0d9cc7b5-ef9f-40af-8781-9303f2330798.png",768,540,false],"1536x1536":["https:\/\/construcaocivil.siriusmarketingedesign.com.br\/wp-content\/uploads\/2023\/01\/0d9cc7b5-ef9f-40af-8781-9303f2330798.png",768,540,false],"2048x2048":["https:\/\/construcaocivil.siriusmarketingedesign.com.br\/wp-content\/uploads\/2023\/01\/0d9cc7b5-ef9f-40af-8781-9303f2330798.png",768,540,false]},"uagb_author_info":{"display_name":"Jornal da Constru\u00e7\u00e3o Civil","author_link":"https:\/\/construcaocivil.siriusmarketingedesign.com.br\/?author=1"},"uagb_comment_info":0,"uagb_excerpt":"O presidente da Rep\u00fablica, Luiz In\u00e1cio Lula da Silva, iniciou sua primeira agenda internacional na Argentina, nesta segunda-feira (23\/01), onde se encontrou com o presidente do pa\u00eds vizinho, Alberto Fern\u00e1ndez, com o intuito de fortalecer la\u00e7os entre os dois pa\u00edses \u2014 antigos parceiros econ\u00f4micos \u2014 buscando o desenvolvimento de todo o bloco sul-americano. Lula e&hellip;","_links":{"self":[{"href":"https:\/\/construcaocivil.siriusmarketingedesign.com.br\/index.php?rest_route=\/wp\/v2\/posts\/20841","targetHints":{"allow":["GET"]}}],"collection":[{"href":"https:\/\/construcaocivil.siriusmarketingedesign.com.br\/index.php?rest_route=\/wp\/v2\/posts"}],"about":[{"href":"https:\/\/construcaocivil.siriusmarketingedesign.com.br\/index.php?rest_route=\/wp\/v2\/types\/post"}],"author":[{"embeddable":true,"href":"https:\/\/construcaocivil.siriusmarketingedesign.com.br\/index.php?rest_route=\/wp\/v2\/users\/1"}],"replies":[{"embeddable":true,"href":"https:\/\/construcaocivil.siriusmarketingedesign.com.br\/index.php?rest_route=%2Fwp%2Fv2%2Fcomments&post=20841"}],"version-history":[{"count":0,"href":"https:\/\/construcaocivil.siriusmarketingedesign.com.br\/index.php?rest_route=\/wp\/v2\/posts\/20841\/revisions"}],"wp:featuredmedia":[{"embeddable":true,"href":"https:\/\/construcaocivil.siriusmarketingedesign.com.br\/index.php?rest_route=\/wp\/v2\/media\/20842"}],"wp:attachment":[{"href":"https:\/\/construcaocivil.siriusmarketingedesign.com.br\/index.php?rest_route=%2Fwp%2Fv2%2Fmedia&parent=20841"}],"wp:term":[{"taxonomy":"category","embeddable":true,"href":"https:\/\/construcaocivil.siriusmarketingedesign.com.br\/index.php?rest_route=%2Fwp%2Fv2%2Fcategories&post=20841"},{"taxonomy":"post_tag","embeddable":true,"href":"https:\/\/construcaocivil.siriusmarketingedesign.com.br\/index.php?rest_route=%2Fwp%2Fv2%2Ftags&post=20841"}],"curies":[{"name":"wp","href":"https:\/\/api.w.org\/{rel}","templated":true}]}}