{"id":20861,"date":"2023-01-26T01:01:58","date_gmt":"2023-01-26T04:01:58","guid":{"rendered":"https:\/\/www.jornaldaconstrucaocivil.com.br\/?p=20861"},"modified":"2023-01-26T01:01:58","modified_gmt":"2023-01-26T04:01:58","slug":"veredas-sol-e-lares-avanca-a-primeira-grande-experiencia-de-gestao-popular-da-geracao-e-distribuicao-de-energia-eletrica","status":"publish","type":"post","link":"https:\/\/construcaocivil.siriusmarketingedesign.com.br\/?p=20861","title":{"rendered":"Veredas Sol e Lares: Avan\u00e7a a primeira grande experi\u00eancia de gest\u00e3o popular da gera\u00e7\u00e3o e distribui\u00e7\u00e3o de energia el\u00e9trica"},"content":{"rendered":"<div class=\"author\"><span style=\"color: #0000ff;\">por\u00a0<a style=\"color: #0000ff;\" href=\"https:\/\/mab.org.br\/autor\/coletivo-de-comunicacao-mab-mg\/\">Coletivo de Comunica\u00e7\u00e3o MAB MG<\/a><\/span><\/div>\n<p>A partir de fevereiro de 2023, a Usina Veredas Sol e Lares beneficiar\u00e1 at\u00e9 1.250 fam\u00edlias de baixa renda no norte de Minas Gerais com descontos na fatura da CEMIG, atrav\u00e9s de cr\u00e9ditos de energia. Instalada em Gr\u00e3o Mogol (MG), a usina foi viabilizada atrav\u00e9s de um projeto de pesquisa e desenvolvimento tecnol\u00f3gico e ser\u00e1 gerida pelos pr\u00f3prios benefici\u00e1rios organizados na Associa\u00e7\u00e3o Veredas Sol e Lares.<\/p>\n<p>Fundada no \u00faltimo dia 18 de novembro, em Ara\u00e7ua\u00ed (MG), a associa\u00e7\u00e3o ir\u00e1 atuar na produ\u00e7\u00e3o (implementa\u00e7\u00e3o, opera\u00e7\u00e3o e manuten\u00e7\u00e3o da usina), uso e compensa\u00e7\u00e3o da energia fotovoltaica que ser\u00e1 produzida, visando o desenvolvimento regional. Entre os s\u00f3cios fundadores, \u00e9 marcante a presen\u00e7a majorit\u00e1ria de mulheres jovens, negras e trabalhadoras rurais, que t\u00eam atuado na pesquisa e na mobiliza\u00e7\u00e3o das comunidades de 21 munic\u00edpios inclu\u00eddos atualmente no projeto.<\/p>\n<figure id=\"attachment_20863\" aria-describedby=\"caption-attachment-20863\" style=\"width: 300px\" class=\"wp-caption alignleft\"><img loading=\"lazy\" decoding=\"async\" class=\"size-medium wp-image-20863\" src=\"https:\/\/www.jornaldaconstrucaocivil.com.br\/wp-content\/uploads\/2023\/01\/20221121_AEDAS_VER_COM_MATERIAASSOCIACAO_MAB_IMAGEM02-1024x768-1-300x225.jpg\" alt=\"\" width=\"300\" height=\"225\" srcset=\"https:\/\/construcaocivil.siriusmarketingedesign.com.br\/wp-content\/uploads\/2023\/01\/20221121_AEDAS_VER_COM_MATERIAASSOCIACAO_MAB_IMAGEM02-1024x768-1-300x225.jpg 300w, https:\/\/construcaocivil.siriusmarketingedesign.com.br\/wp-content\/uploads\/2023\/01\/20221121_AEDAS_VER_COM_MATERIAASSOCIACAO_MAB_IMAGEM02-1024x768-1-768x576.jpg 768w, https:\/\/construcaocivil.siriusmarketingedesign.com.br\/wp-content\/uploads\/2023\/01\/20221121_AEDAS_VER_COM_MATERIAASSOCIACAO_MAB_IMAGEM02-1024x768-1-86x64.jpg 86w, https:\/\/construcaocivil.siriusmarketingedesign.com.br\/wp-content\/uploads\/2023\/01\/20221121_AEDAS_VER_COM_MATERIAASSOCIACAO_MAB_IMAGEM02-1024x768-1.jpg 1024w\" sizes=\"auto, (max-width: 300px) 100vw, 300px\" \/><figcaption id=\"caption-attachment-20863\" class=\"wp-caption-text\">Entre os 15 s\u00f3cios fundadores da Associa\u00e7\u00e3o Veredas Sol e Lares, \u00e9 marcante a presen\u00e7a de mulheres, negros(as), jovens e trabalhadores(as) rurais. Foto: Esther Maria Guimar\u00e3es \u2013 Aedas\/Veredas Sol e Lares<\/figcaption><\/figure>\n<p>Fruto de anos de luta dos atingidos por barragens, a experi\u00eancia \u00e9 um marco mundial no modelo de produ\u00e7\u00e3o e acesso \u00e0 energia, constituindo-se um importante exemplo de gest\u00e3o popular. No \u00faltimo dia 19, 120 pessoas participaram do planejamento das pr\u00f3ximas etapas do projeto durante o semin\u00e1rio macrorregional \u201cNossa Uni\u00e3o Faz Nossa Luz\u201d, realizado em Ara\u00e7ua\u00ed (MG).<\/p>\n<h3><strong>As riquezas do Vale<\/strong><\/h3>\n<p>Ao escrevermos \u201cVale do Jequitinhonha\u201d no indexador do Google, o buscador traz diversas refer\u00eancias \u00e0 \u201cpobreza\u201d, \u201cl\u00edtio\u201d e \u201ccidades mais pobres\u201d de Minas. O estigma da mis\u00e9ria tem sido utilizado como justificativa para a implementa\u00e7\u00e3o de grandes empreendimentos de minera\u00e7\u00e3o e monocultura de eucalipto no territ\u00f3rio, focados na gera\u00e7\u00e3o de lucros para o investidores internacionais. Em torno disso, ergueu-se tamb\u00e9m um projeto energ\u00e9tico fundado na constru\u00e7\u00e3o de usinas hidrel\u00e9tricas para abastecimento de grandes empresas, impactando diversas comunidades atingidas com problemas socioambientais.<\/p>\n<p>Uma experi\u00eancia como a do projeto Veredas Sol e Lares, entretanto, evidencia e potencializa as riquezas culturais e organizativas do povo do Vale do Jequitinhonha e da regi\u00e3o do Rio Pardo, que t\u00eam constru\u00eddo nada menos do que a primeira grande experi\u00eancia de gest\u00e3o popular da gera\u00e7\u00e3o distribu\u00edda de energia el\u00e9trica do mundo. Neste contexto, a Associa\u00e7\u00e3o Veredas Sol e Lares tem potencial para se tornar o maior exemplo de associativismo do Brasil, que ir\u00e1 gerir a maior usina fotovoltaica flutuante da Am\u00e9rica Latina e produzir metodologias inovadoras de planejamento popular. Todos esses aspectos de pioneirismo demonstram a capacidade da regi\u00e3o de avan\u00e7ar e influenciar todo o mundo na constru\u00e7\u00e3o de uma alternativa energ\u00e9tica fundada no direito \u00e0 energia e no controle popular.<\/p>\n<h3><strong>Nossa Uni\u00e3o Faz Nossa Luz<\/strong><\/h3>\n<p>O semin\u00e1rio \u201cNossa Uni\u00e3o Faz Nossa Luz\u201d foi um momento de celebrar essas riquezas e avan\u00e7ar nesse projeto. Na ocasi\u00e3o, toda a diversidade da regi\u00e3o \u2013 n\u00facleos urbanos, comunidades rurais, quilombos, povos ind\u00edgenas, geraizeiros e ribeirinhos \u2013 puderam se informar sobre o processo jur\u00eddico de constru\u00e7\u00e3o da associa\u00e7\u00e3o, sobre a viabilidade econ\u00f4mica da usina e sobre a organiza\u00e7\u00e3o popular necess\u00e1ria para a sua manuten\u00e7\u00e3o. Tudo isso foi costurado pelas interven\u00e7\u00f5es de m\u00fasicos que entoavam can\u00e7\u00f5es populares para animar o espa\u00e7o e celebrar as riquezas da cultura do Jequi e do Rio Pardo.<\/p>\n<p>Uma s\u00e9rie de ferramentas pedag\u00f3gicas compuseram a metodologia do semin\u00e1rio \u2013 cartilhas, cancioneiros, v\u00eddeos e apresenta\u00e7\u00f5es. No v\u00eddeo abaixo, em que os versos do militante do MAB e pesquisador popular Lucas Martins narram a hist\u00f3ria do Veredas, voc\u00ea pode conferir algumas das pautas debatidas no semin\u00e1rio e a apresenta\u00e7\u00e3o das obras da usina que s\u00e3o fruto, n\u00e3o s\u00f3 de um projeto de engenharia, mas de d\u00e9cadas de constru\u00e7\u00e3o da luta dos atingidos na regi\u00e3o.<\/p>\n","protected":false},"excerpt":{"rendered":"<p>por\u00a0Coletivo de Comunica\u00e7\u00e3o MAB MG A partir de fevereiro de 2023, a Usina Veredas Sol e Lares beneficiar\u00e1 at\u00e9 1.250 fam\u00edlias de baixa renda no norte de Minas Gerais com descontos na fatura da CEMIG, atrav\u00e9s de cr\u00e9ditos de energia. Instalada em Gr\u00e3o Mogol (MG), a usina foi viabilizada atrav\u00e9s de um projeto de pesquisa [&hellip;]<\/p>\n","protected":false},"author":1,"featured_media":20862,"comment_status":"open","ping_status":"open","sticky":false,"template":"","format":"standard","meta":{"_uag_custom_page_level_css":"","footnotes":""},"categories":[29],"tags":[24791,24792,24796,24795,22768,7672,24793,24794],"class_list":["post-20861","post","type-post","status-publish","format-standard","has-post-thumbnail","hentry","category-energia","tag-energialimpa","tag-tarifadeenergiabarata","tag-geracao-distribuida-de-energia-eletrica","tag-grao-mogol-mg","tag-mab","tag-minas-gerais","tag-regiao-do-vale","tag-usina-veredas-sol-e-lares"],"blocksy_meta":[],"spectra_blocks_featured_image_url":{"thumbnail":{"url":"https:\/\/construcaocivil.siriusmarketingedesign.com.br\/wp-content\/uploads\/2023\/01\/20221121_AEDAS_VER_COM_MATERIAASSOCIACAO_MAB_IMAGEM01-1-1024x683-1-150x150.jpg","width":150,"height":150},"medium":{"url":"https:\/\/construcaocivil.siriusmarketingedesign.com.br\/wp-content\/uploads\/2023\/01\/20221121_AEDAS_VER_COM_MATERIAASSOCIACAO_MAB_IMAGEM01-1-1024x683-1-300x200.jpg","width":300,"height":200},"medium_large":{"url":"https:\/\/construcaocivil.siriusmarketingedesign.com.br\/wp-content\/uploads\/2023\/01\/20221121_AEDAS_VER_COM_MATERIAASSOCIACAO_MAB_IMAGEM01-1-1024x683-1-768x512.jpg","width":768,"height":512},"large":{"url":"https:\/\/construcaocivil.siriusmarketingedesign.com.br\/wp-content\/uploads\/2023\/01\/20221121_AEDAS_VER_COM_MATERIAASSOCIACAO_MAB_IMAGEM01-1-1024x683-1.jpg","width":1024,"height":683},"full":{"url":"https:\/\/construcaocivil.siriusmarketingedesign.com.br\/wp-content\/uploads\/2023\/01\/20221121_AEDAS_VER_COM_MATERIAASSOCIACAO_MAB_IMAGEM01-1-1024x683-1.jpg","width":1024,"height":683}},"spectra_blocks_author_info":{"display_name":"Jornal da Constru\u00e7\u00e3o Civil","avatar_url":"https:\/\/secure.gravatar.com\/avatar\/973c9774fd44ddaceb026973c4962faa70fc512bc4c9da68e8ebb40fecee6540?s=96&d=mm&r=g","author_link":"https:\/\/construcaocivil.siriusmarketingedesign.com.br\/?author=1","description":"Desde de 2013, levando muitas informa\u00e7\u00f5es, lan\u00e7amentos e produtos de qualidade para toda cadeia produtiva da constru\u00e7\u00e3o. O Futuro da constru\u00e7\u00e3o passa por aqui,"},"uagb_featured_image_src":{"full":["https:\/\/construcaocivil.siriusmarketingedesign.com.br\/wp-content\/uploads\/2023\/01\/20221121_AEDAS_VER_COM_MATERIAASSOCIACAO_MAB_IMAGEM01-1-1024x683-1.jpg",1024,683,false],"thumbnail":["https:\/\/construcaocivil.siriusmarketingedesign.com.br\/wp-content\/uploads\/2023\/01\/20221121_AEDAS_VER_COM_MATERIAASSOCIACAO_MAB_IMAGEM01-1-1024x683-1-150x150.jpg",150,150,true],"medium":["https:\/\/construcaocivil.siriusmarketingedesign.com.br\/wp-content\/uploads\/2023\/01\/20221121_AEDAS_VER_COM_MATERIAASSOCIACAO_MAB_IMAGEM01-1-1024x683-1-300x200.jpg",300,200,true],"medium_large":["https:\/\/construcaocivil.siriusmarketingedesign.com.br\/wp-content\/uploads\/2023\/01\/20221121_AEDAS_VER_COM_MATERIAASSOCIACAO_MAB_IMAGEM01-1-1024x683-1-768x512.jpg",768,512,true],"large":["https:\/\/construcaocivil.siriusmarketingedesign.com.br\/wp-content\/uploads\/2023\/01\/20221121_AEDAS_VER_COM_MATERIAASSOCIACAO_MAB_IMAGEM01-1-1024x683-1.jpg",1024,683,false],"1536x1536":["https:\/\/construcaocivil.siriusmarketingedesign.com.br\/wp-content\/uploads\/2023\/01\/20221121_AEDAS_VER_COM_MATERIAASSOCIACAO_MAB_IMAGEM01-1-1024x683-1.jpg",1024,683,false],"2048x2048":["https:\/\/construcaocivil.siriusmarketingedesign.com.br\/wp-content\/uploads\/2023\/01\/20221121_AEDAS_VER_COM_MATERIAASSOCIACAO_MAB_IMAGEM01-1-1024x683-1.jpg",1024,683,false]},"uagb_author_info":{"display_name":"Jornal da Constru\u00e7\u00e3o Civil","author_link":"https:\/\/construcaocivil.siriusmarketingedesign.com.br\/?author=1"},"uagb_comment_info":0,"uagb_excerpt":"por\u00a0Coletivo de Comunica\u00e7\u00e3o MAB MG A partir de fevereiro de 2023, a Usina Veredas Sol e Lares beneficiar\u00e1 at\u00e9 1.250 fam\u00edlias de baixa renda no norte de Minas Gerais com descontos na fatura da CEMIG, atrav\u00e9s de cr\u00e9ditos de energia. Instalada em Gr\u00e3o Mogol (MG), a usina foi viabilizada atrav\u00e9s de um projeto de pesquisa&hellip;","_links":{"self":[{"href":"https:\/\/construcaocivil.siriusmarketingedesign.com.br\/index.php?rest_route=\/wp\/v2\/posts\/20861","targetHints":{"allow":["GET"]}}],"collection":[{"href":"https:\/\/construcaocivil.siriusmarketingedesign.com.br\/index.php?rest_route=\/wp\/v2\/posts"}],"about":[{"href":"https:\/\/construcaocivil.siriusmarketingedesign.com.br\/index.php?rest_route=\/wp\/v2\/types\/post"}],"author":[{"embeddable":true,"href":"https:\/\/construcaocivil.siriusmarketingedesign.com.br\/index.php?rest_route=\/wp\/v2\/users\/1"}],"replies":[{"embeddable":true,"href":"https:\/\/construcaocivil.siriusmarketingedesign.com.br\/index.php?rest_route=%2Fwp%2Fv2%2Fcomments&post=20861"}],"version-history":[{"count":0,"href":"https:\/\/construcaocivil.siriusmarketingedesign.com.br\/index.php?rest_route=\/wp\/v2\/posts\/20861\/revisions"}],"wp:featuredmedia":[{"embeddable":true,"href":"https:\/\/construcaocivil.siriusmarketingedesign.com.br\/index.php?rest_route=\/wp\/v2\/media\/20862"}],"wp:attachment":[{"href":"https:\/\/construcaocivil.siriusmarketingedesign.com.br\/index.php?rest_route=%2Fwp%2Fv2%2Fmedia&parent=20861"}],"wp:term":[{"taxonomy":"category","embeddable":true,"href":"https:\/\/construcaocivil.siriusmarketingedesign.com.br\/index.php?rest_route=%2Fwp%2Fv2%2Fcategories&post=20861"},{"taxonomy":"post_tag","embeddable":true,"href":"https:\/\/construcaocivil.siriusmarketingedesign.com.br\/index.php?rest_route=%2Fwp%2Fv2%2Ftags&post=20861"}],"curies":[{"name":"wp","href":"https:\/\/api.w.org\/{rel}","templated":true}]}}