{"id":20865,"date":"2023-01-26T10:20:20","date_gmt":"2023-01-26T13:20:20","guid":{"rendered":"https:\/\/www.jornaldaconstrucaocivil.com.br\/?p=20865"},"modified":"2023-01-26T10:20:20","modified_gmt":"2023-01-26T13:20:20","slug":"setor-ceramico-anfacer-participa-da-missao-empresarial-na-argentina","status":"publish","type":"post","link":"https:\/\/construcaocivil.siriusmarketingedesign.com.br\/?p=20865","title":{"rendered":"Setor Cer\u00e2mico: Anfacer participa da miss\u00e3o  empresarial na Argentina"},"content":{"rendered":"<p>O presidente do Conselho de Administra\u00e7\u00e3o da Anfacer (Associa\u00e7\u00e3o Nacional dos Fabricantes de Cer\u00e2mica para Revestimentos, Lou\u00e7as Sanit\u00e1rias e Cong\u00eaneres), Benjamin Ferreira Neto, participou do &#8220;Encontro Empresarial Brasil-Argentina&#8221;, realizado no Museu do Bicenten\u00e1rio da Casa Rosada, em Buenos Aires, no dia 23 de janeiro.<\/p>\n<p>O evento contou com a presen\u00e7a de Luiz In\u00e1cio Lula da Silva, presidente do Brasil, e de Alberto Fern\u00e1ndez, presidente da Argentina, al\u00e9m de Ministros e lideran\u00e7as empresariais.<\/p>\n<p>A programa\u00e7\u00e3o da viagem \u00e0 Argentina tamb\u00e9m contemplou um encontro promovido pela Uni\u00f3n Industrial Argentina e a CNI (Confedera\u00e7\u00e3o Nacional da Ind\u00fastria), durante jantar organizado pela Ag\u00eancia Nacional Brasileira de Promo\u00e7\u00e3o de Exporta\u00e7\u00e3o e Investimentos (ApexBrasil), com presen\u00e7a de autoridades e elenco de empres\u00e1rios.<\/p>\n<p>Nessas ocasi\u00f5es, Ferreira Neto buscou fortalecer a agenda bilateral de debates comerciais no pa\u00eds argentino, que se mant\u00e9m como um dos principais destinos das nossas exporta\u00e7\u00f5es. &#8220;O Brasil \u00e9 um dos protagonistas mundiais no mercado de revestimentos cer\u00e2micos. Por isso, \u00e9 fundamental o engajamento da nossa entidade para ganhar tra\u00e7\u00e3o e impulsionar as exporta\u00e7\u00f5es para esse mercado&#8221;, afirmou.<\/p>\n<p>O dirigente ressaltou a import\u00e2ncia de se reestabelecer o di\u00e1logo entre as na\u00e7\u00f5es para promover os produtos brasileiros em sua totalidade e debater as preocupa\u00e7\u00f5es do setor cer\u00e2mico brasileiro.<\/p>\n<p>&#8220;A realiza\u00e7\u00e3o dessa miss\u00e3o empresarial \u00e9 importante e est\u00e1 alinhada ao planejamento estrat\u00e9gico do setor, principalmente no tocante do engajamento da ind\u00fastria cer\u00e2mica brasileira para promover o reconhecimento\u00a0da sua certifica\u00e7\u00e3o neste mercado, por meio da converg\u00eancia regulat\u00f3ria, visando contribuir com as melhores pr\u00e1ticas e padr\u00f5es reconhecidos internacionalmente&#8221;, explicou Ferreira Neto.<\/p>\n<p>Na pauta setorial, tamb\u00e9m foi abordado o processo de expedi\u00e7\u00e3o de produtos cer\u00e2micos e etiquetagem &#8220;para cada embarque \u00e0 Argentina \u00e9 necess\u00e1rio despaletizar, etiquetar e repaletizar a mercadora a ser embarcada. Al\u00e9m de tornar o processo lento e moroso, o custo acaba sendo, obviamente, incorporado ao pre\u00e7o do produto com destino ao mercado argentino. Por isso, \u00e9 importante que a expedi\u00e7\u00e3o automatizada seja reconhecida na Argentina&#8221;, destacou Ferreira Neto.<\/p>\n<p>Por fim, o dirigente ressaltou o empenho empregado da Anfacer para ilustrar as cer\u00e2micas\u00a0<i>made in brazil<\/i>, &#8220;o Brasil \u00e9 globalmente reconhecido pela criatividade e autenticidade de seu design, o que, somado aos investimentos em qualidade e \u00e0 abertura de novos mercados, contribui para que as exporta\u00e7\u00f5es brasileiras tenham mais de 100 na\u00e7\u00f5es como destino&#8221;. E complementou, reiterando &#8220;a import\u00e2ncia da realiza\u00e7\u00e3o desses encontros de neg\u00f3cios e o papel da ApexBrasil para promover e ampliar a agenda das exporta\u00e7\u00f5es do setor cer\u00e2mico brasileiro&#8221;.<\/p>\n","protected":false},"excerpt":{"rendered":"<p>O presidente do Conselho de Administra\u00e7\u00e3o da Anfacer (Associa\u00e7\u00e3o Nacional dos Fabricantes de Cer\u00e2mica para Revestimentos, Lou\u00e7as Sanit\u00e1rias e Cong\u00eaneres), Benjamin Ferreira Neto, participou do &#8220;Encontro Empresarial Brasil-Argentina&#8221;, realizado no Museu do Bicenten\u00e1rio da Casa Rosada, em Buenos Aires, no dia 23 de janeiro. O evento contou com a presen\u00e7a de Luiz In\u00e1cio Lula da [&hellip;]<\/p>\n","protected":false},"author":1,"featured_media":20867,"comment_status":"open","ping_status":"open","sticky":false,"template":"","format":"standard","meta":{"_uag_custom_page_level_css":"","footnotes":""},"categories":[33],"tags":[24798,24797,24799,24624,726],"class_list":["post-20865","post","type-post","status-publish","format-standard","has-post-thumbnail","hentry","category-mercado","tag-argentinanegocios","tag-ceramico","tag-contrucaocivil","tag-servicosdeobras","tag-anfacer"],"blocksy_meta":[],"spectra_blocks_featured_image_url":{"thumbnail":{"url":"https:\/\/construcaocivil.siriusmarketingedesign.com.br\/wp-content\/uploads\/2023\/01\/handler-4-150x150.jpg","width":150,"height":150},"medium":{"url":"https:\/\/construcaocivil.siriusmarketingedesign.com.br\/wp-content\/uploads\/2023\/01\/handler-4-300x225.jpg","width":300,"height":225},"medium_large":{"url":"https:\/\/construcaocivil.siriusmarketingedesign.com.br\/wp-content\/uploads\/2023\/01\/handler-4-768x576.jpg","width":768,"height":576},"large":{"url":"https:\/\/construcaocivil.siriusmarketingedesign.com.br\/wp-content\/uploads\/2023\/01\/handler-4.jpg","width":800,"height":600},"full":{"url":"https:\/\/construcaocivil.siriusmarketingedesign.com.br\/wp-content\/uploads\/2023\/01\/handler-4.jpg","width":800,"height":600}},"spectra_blocks_author_info":{"display_name":"Jornal da Constru\u00e7\u00e3o Civil","avatar_url":"https:\/\/secure.gravatar.com\/avatar\/973c9774fd44ddaceb026973c4962faa70fc512bc4c9da68e8ebb40fecee6540?s=96&d=mm&r=g","author_link":"https:\/\/construcaocivil.siriusmarketingedesign.com.br\/?author=1","description":"Desde de 2013, levando muitas informa\u00e7\u00f5es, lan\u00e7amentos e produtos de qualidade para toda cadeia produtiva da constru\u00e7\u00e3o. O Futuro da constru\u00e7\u00e3o passa por aqui,"},"uagb_featured_image_src":{"full":["https:\/\/construcaocivil.siriusmarketingedesign.com.br\/wp-content\/uploads\/2023\/01\/handler-4.jpg",800,600,false],"thumbnail":["https:\/\/construcaocivil.siriusmarketingedesign.com.br\/wp-content\/uploads\/2023\/01\/handler-4-150x150.jpg",150,150,true],"medium":["https:\/\/construcaocivil.siriusmarketingedesign.com.br\/wp-content\/uploads\/2023\/01\/handler-4-300x225.jpg",300,225,true],"medium_large":["https:\/\/construcaocivil.siriusmarketingedesign.com.br\/wp-content\/uploads\/2023\/01\/handler-4-768x576.jpg",768,576,true],"large":["https:\/\/construcaocivil.siriusmarketingedesign.com.br\/wp-content\/uploads\/2023\/01\/handler-4.jpg",800,600,false],"1536x1536":["https:\/\/construcaocivil.siriusmarketingedesign.com.br\/wp-content\/uploads\/2023\/01\/handler-4.jpg",800,600,false],"2048x2048":["https:\/\/construcaocivil.siriusmarketingedesign.com.br\/wp-content\/uploads\/2023\/01\/handler-4.jpg",800,600,false]},"uagb_author_info":{"display_name":"Jornal da Constru\u00e7\u00e3o Civil","author_link":"https:\/\/construcaocivil.siriusmarketingedesign.com.br\/?author=1"},"uagb_comment_info":0,"uagb_excerpt":"O presidente do Conselho de Administra\u00e7\u00e3o da Anfacer (Associa\u00e7\u00e3o Nacional dos Fabricantes de Cer\u00e2mica para Revestimentos, Lou\u00e7as Sanit\u00e1rias e Cong\u00eaneres), Benjamin Ferreira Neto, participou do &#8220;Encontro Empresarial Brasil-Argentina&#8221;, realizado no Museu do Bicenten\u00e1rio da Casa Rosada, em Buenos Aires, no dia 23 de janeiro. O evento contou com a presen\u00e7a de Luiz In\u00e1cio Lula da&hellip;","_links":{"self":[{"href":"https:\/\/construcaocivil.siriusmarketingedesign.com.br\/index.php?rest_route=\/wp\/v2\/posts\/20865","targetHints":{"allow":["GET"]}}],"collection":[{"href":"https:\/\/construcaocivil.siriusmarketingedesign.com.br\/index.php?rest_route=\/wp\/v2\/posts"}],"about":[{"href":"https:\/\/construcaocivil.siriusmarketingedesign.com.br\/index.php?rest_route=\/wp\/v2\/types\/post"}],"author":[{"embeddable":true,"href":"https:\/\/construcaocivil.siriusmarketingedesign.com.br\/index.php?rest_route=\/wp\/v2\/users\/1"}],"replies":[{"embeddable":true,"href":"https:\/\/construcaocivil.siriusmarketingedesign.com.br\/index.php?rest_route=%2Fwp%2Fv2%2Fcomments&post=20865"}],"version-history":[{"count":0,"href":"https:\/\/construcaocivil.siriusmarketingedesign.com.br\/index.php?rest_route=\/wp\/v2\/posts\/20865\/revisions"}],"wp:featuredmedia":[{"embeddable":true,"href":"https:\/\/construcaocivil.siriusmarketingedesign.com.br\/index.php?rest_route=\/wp\/v2\/media\/20867"}],"wp:attachment":[{"href":"https:\/\/construcaocivil.siriusmarketingedesign.com.br\/index.php?rest_route=%2Fwp%2Fv2%2Fmedia&parent=20865"}],"wp:term":[{"taxonomy":"category","embeddable":true,"href":"https:\/\/construcaocivil.siriusmarketingedesign.com.br\/index.php?rest_route=%2Fwp%2Fv2%2Fcategories&post=20865"},{"taxonomy":"post_tag","embeddable":true,"href":"https:\/\/construcaocivil.siriusmarketingedesign.com.br\/index.php?rest_route=%2Fwp%2Fv2%2Ftags&post=20865"}],"curies":[{"name":"wp","href":"https:\/\/api.w.org\/{rel}","templated":true}]}}