{"id":20872,"date":"2023-01-27T11:07:54","date_gmt":"2023-01-27T14:07:54","guid":{"rendered":"https:\/\/www.jornaldaconstrucaocivil.com.br\/?p=20872"},"modified":"2023-01-27T11:07:54","modified_gmt":"2023-01-27T14:07:54","slug":"novos-rumos-ou-velhos-habitos-petrobras-oficializa-jean-paul-como-seu-novo-presidente","status":"publish","type":"post","link":"https:\/\/construcaocivil.siriusmarketingedesign.com.br\/?p=20872","title":{"rendered":"Novos rumos ou velhos h\u00e1bitos: Petrobras oficializa Jean Paul como seu novo presidente"},"content":{"rendered":"<p style=\"text-align: justify;\">Na \u00faltima quinta-feira(26\/01) o nome do Senador eleito pelo estado do Rio Grande do Norte, Jean Paul Terra Prates foi oficializado pelo Conselho de Administra\u00e7\u00e3o da PETROBRAS para o cargo de Presidente da companhia, este \u00faltimo com mandato at\u00e9 13\/04\/2023, mesmo prazo dos demais integrantes da Diretoria Executiva da Petrobras. O Sr. Jean Paul Terra Prates tomou posse em ambos os cargos nesta data.<\/p>\n<figure id=\"attachment_20873\" aria-describedby=\"caption-attachment-20873\" style=\"width: 300px\" class=\"wp-caption alignleft\"><img loading=\"lazy\" decoding=\"async\" class=\"size-medium wp-image-20873\" src=\"https:\/\/www.jornaldaconstrucaocivil.com.br\/wp-content\/uploads\/2023\/01\/2023-01-04t184708z_2081247553_rc2q1y9tpjwd_rtrmadp_3_petrobras-ceo-fuel-300x179.jpg\" alt=\"\" width=\"300\" height=\"179\" srcset=\"https:\/\/construcaocivil.siriusmarketingedesign.com.br\/wp-content\/uploads\/2023\/01\/2023-01-04t184708z_2081247553_rc2q1y9tpjwd_rtrmadp_3_petrobras-ceo-fuel-300x179.jpg 300w, https:\/\/construcaocivil.siriusmarketingedesign.com.br\/wp-content\/uploads\/2023\/01\/2023-01-04t184708z_2081247553_rc2q1y9tpjwd_rtrmadp_3_petrobras-ceo-fuel-1024x613.jpg 1024w, https:\/\/construcaocivil.siriusmarketingedesign.com.br\/wp-content\/uploads\/2023\/01\/2023-01-04t184708z_2081247553_rc2q1y9tpjwd_rtrmadp_3_petrobras-ceo-fuel-768x459.jpg 768w, https:\/\/construcaocivil.siriusmarketingedesign.com.br\/wp-content\/uploads\/2023\/01\/2023-01-04t184708z_2081247553_rc2q1y9tpjwd_rtrmadp_3_petrobras-ceo-fuel.jpg 1170w\" sizes=\"auto, (max-width: 300px) 100vw, 300px\" \/><figcaption id=\"caption-attachment-20873\" class=\"wp-caption-text\">Jean Paul novo presidente da Petrobras. Divulga\u00e7\u00e3o\/Ag\u00eancia Brasil<\/figcaption><\/figure>\n<p style=\"text-align: justify;\">Jean Paul tem 54 anos, \u00e9 advogado, formado pela Universidade do Estado do Rio de Janeiro (UERJ), Mestre em Economia e Gest\u00e3o de Petr\u00f3leo, G\u00e1s e Motores pelo Instituto Franc\u00eas do Petr\u00f3leo (IFP School) e Mestre em Pol\u00edtica Energ\u00e9tica e Gest\u00e3o Ambiental pela Universidade da Pensilv\u00e2nia.<\/p>\n<p style=\"text-align: justify;\">Foi membro da assessoria jur\u00eddica da Petrobras Internacional S.A. &#8211; Braspetro, editor da Revista Oil &amp; Gas Journal Latinoamericana e Diretor Executivo da Expetro Consultoria em Recursos Naturais Ltda., a maior consultoria de petr\u00f3leo nacional durante os anos 1990 e 2000, quando coordenou projetos de diversas empresas p\u00fablicas e privadas, nacionais e internacionais, entidades sindicais e setoriais, e assessorou governos, ag\u00eancias reguladoras e parlamentares em todas as \u00e1reas do setor energ\u00e9tico.<\/p>\n<p style=\"text-align: justify;\">Como Secret\u00e1rio de Estado de Energia do Governo do Rio Grande do Norte levou o estado \u00e0 autossufici\u00eancia energ\u00e9tica e \u00e0 lideran\u00e7a nacional em gera\u00e7\u00e3o e\u00f3lica, al\u00e9m de ter consolidado uma refinaria e usinas termel\u00e9tricas a g\u00e1s e biomassa no Estado e constru\u00eddo bases para os projetos de energia solar e e\u00f3lica\u00a0<em>offshore<\/em>.<\/p>\n<p style=\"text-align: justify;\">Como Senador da Rep\u00fablica pelo Rio Grande do Norte entre 2019 e 2023, dentre outros cargos relevantes, foi membro do col\u00e9gio de l\u00edderes, e L\u00edder no Senado e no Congresso Nacional. Foi Presidente da Frente Parlamentar de Recursos Naturais e Energia e do Grupo Parlamentar Brasil \u2013 Pa\u00edses \u00c1rabes. Foi membro de diversas comiss\u00f5es do Senado Federal, como a Comiss\u00e3o de Assuntos Econ\u00f4micos, a Comiss\u00e3o de Servi\u00e7os e Infraestrutura e a Comiss\u00e3o de Ci\u00eancia e Tecnologia. Jean Paul Prates foi tamb\u00e9m autor de importantes marcos legais envolvendo a transi\u00e7\u00e3o energ\u00e9tica e pr\u00e1ticas sustent\u00e1veis, tais como a lei que regulamenta as atividades de captura e armazenamento de carbono e a lei da energia offshore. Al\u00e9m disso, atuou como relator do Marco Legal das Ferrovias, das novas leis sobre a produ\u00e7\u00e3o de biog\u00e1s em aterros sanit\u00e1rios e a nova lei de mobilidade urbana sustent\u00e1vel.<\/p>\n<p style=\"text-align: justify;\">Foi recentemente reconhecido como um dos tr\u00eas mais influentes no setor de energia renov\u00e1vel no Brasil, e uma das 50 personalidades mais importantes do setor energ\u00e9tico mundial, pelas duas principais revistas internacionais especializadas em energia \u2013 Recharge (europeia) e Windpower (americana). Tamb\u00e9m foi eleito um dos 25 mais influentes da ind\u00fastria e\u00f3lica mundial pela revista Windpower.<\/p>\n<p>Fonte: Ag\u00eancia Petrobras de Not\u00edcias<\/p>\n<div class=\"container-tags-post\" style=\"text-align: justify;\"><\/div>\n","protected":false},"excerpt":{"rendered":"<p>Na \u00faltima quinta-feira(26\/01) o nome do Senador eleito pelo estado do Rio Grande do Norte, Jean Paul Terra Prates foi oficializado pelo Conselho de Administra\u00e7\u00e3o da PETROBRAS para o cargo de Presidente da companhia, este \u00faltimo com mandato at\u00e9 13\/04\/2023, mesmo prazo dos demais integrantes da Diretoria Executiva da Petrobras. O Sr. Jean Paul Terra [&hellip;]<\/p>\n","protected":false},"author":1,"featured_media":13368,"comment_status":"open","ping_status":"open","sticky":false,"template":"","format":"standard","meta":{"_uag_custom_page_level_css":"","footnotes":""},"categories":[33],"tags":[24805,24806,24803,24804,8859],"class_list":["post-20872","post","type-post","status-publish","format-standard","has-post-thumbnail","hentry","category-mercado","tag-energiaooffshore","tag-petrobrasempregos","tag-precosdoscombustiveis","tag-refinariasdevolta","tag-petrobras"],"blocksy_meta":[],"spectra_blocks_featured_image_url":{"thumbnail":{"url":"https:\/\/construcaocivil.siriusmarketingedesign.com.br\/wp-content\/uploads\/2020\/03\/AAB-Petrobras-OK-1-150x150.jpg","width":150,"height":150},"medium":{"url":"https:\/\/construcaocivil.siriusmarketingedesign.com.br\/wp-content\/uploads\/2020\/03\/AAB-Petrobras-OK-1-300x119.jpg","width":300,"height":119},"medium_large":{"url":"https:\/\/construcaocivil.siriusmarketingedesign.com.br\/wp-content\/uploads\/2020\/03\/AAB-Petrobras-OK-1.jpg","width":526,"height":209},"large":{"url":"https:\/\/construcaocivil.siriusmarketingedesign.com.br\/wp-content\/uploads\/2020\/03\/AAB-Petrobras-OK-1.jpg","width":526,"height":209},"full":{"url":"https:\/\/construcaocivil.siriusmarketingedesign.com.br\/wp-content\/uploads\/2020\/03\/AAB-Petrobras-OK-1.jpg","width":526,"height":209}},"spectra_blocks_author_info":{"display_name":"Jornal da Constru\u00e7\u00e3o Civil","avatar_url":"https:\/\/secure.gravatar.com\/avatar\/973c9774fd44ddaceb026973c4962faa70fc512bc4c9da68e8ebb40fecee6540?s=96&d=mm&r=g","author_link":"https:\/\/construcaocivil.siriusmarketingedesign.com.br\/?author=1","description":"Desde de 2013, levando muitas informa\u00e7\u00f5es, lan\u00e7amentos e produtos de qualidade para toda cadeia produtiva da constru\u00e7\u00e3o. O Futuro da constru\u00e7\u00e3o passa por aqui,"},"uagb_featured_image_src":{"full":["https:\/\/construcaocivil.siriusmarketingedesign.com.br\/wp-content\/uploads\/2020\/03\/AAB-Petrobras-OK-1.jpg",526,209,false],"thumbnail":["https:\/\/construcaocivil.siriusmarketingedesign.com.br\/wp-content\/uploads\/2020\/03\/AAB-Petrobras-OK-1-150x150.jpg",150,150,true],"medium":["https:\/\/construcaocivil.siriusmarketingedesign.com.br\/wp-content\/uploads\/2020\/03\/AAB-Petrobras-OK-1-300x119.jpg",300,119,true],"medium_large":["https:\/\/construcaocivil.siriusmarketingedesign.com.br\/wp-content\/uploads\/2020\/03\/AAB-Petrobras-OK-1.jpg",526,209,false],"large":["https:\/\/construcaocivil.siriusmarketingedesign.com.br\/wp-content\/uploads\/2020\/03\/AAB-Petrobras-OK-1.jpg",526,209,false],"1536x1536":["https:\/\/construcaocivil.siriusmarketingedesign.com.br\/wp-content\/uploads\/2020\/03\/AAB-Petrobras-OK-1.jpg",526,209,false],"2048x2048":["https:\/\/construcaocivil.siriusmarketingedesign.com.br\/wp-content\/uploads\/2020\/03\/AAB-Petrobras-OK-1.jpg",526,209,false]},"uagb_author_info":{"display_name":"Jornal da Constru\u00e7\u00e3o Civil","author_link":"https:\/\/construcaocivil.siriusmarketingedesign.com.br\/?author=1"},"uagb_comment_info":0,"uagb_excerpt":"Na \u00faltima quinta-feira(26\/01) o nome do Senador eleito pelo estado do Rio Grande do Norte, Jean Paul Terra Prates foi oficializado pelo Conselho de Administra\u00e7\u00e3o da PETROBRAS para o cargo de Presidente da companhia, este \u00faltimo com mandato at\u00e9 13\/04\/2023, mesmo prazo dos demais integrantes da Diretoria Executiva da Petrobras. O Sr. Jean Paul Terra&hellip;","_links":{"self":[{"href":"https:\/\/construcaocivil.siriusmarketingedesign.com.br\/index.php?rest_route=\/wp\/v2\/posts\/20872","targetHints":{"allow":["GET"]}}],"collection":[{"href":"https:\/\/construcaocivil.siriusmarketingedesign.com.br\/index.php?rest_route=\/wp\/v2\/posts"}],"about":[{"href":"https:\/\/construcaocivil.siriusmarketingedesign.com.br\/index.php?rest_route=\/wp\/v2\/types\/post"}],"author":[{"embeddable":true,"href":"https:\/\/construcaocivil.siriusmarketingedesign.com.br\/index.php?rest_route=\/wp\/v2\/users\/1"}],"replies":[{"embeddable":true,"href":"https:\/\/construcaocivil.siriusmarketingedesign.com.br\/index.php?rest_route=%2Fwp%2Fv2%2Fcomments&post=20872"}],"version-history":[{"count":0,"href":"https:\/\/construcaocivil.siriusmarketingedesign.com.br\/index.php?rest_route=\/wp\/v2\/posts\/20872\/revisions"}],"wp:featuredmedia":[{"embeddable":true,"href":"https:\/\/construcaocivil.siriusmarketingedesign.com.br\/index.php?rest_route=\/wp\/v2\/media\/13368"}],"wp:attachment":[{"href":"https:\/\/construcaocivil.siriusmarketingedesign.com.br\/index.php?rest_route=%2Fwp%2Fv2%2Fmedia&parent=20872"}],"wp:term":[{"taxonomy":"category","embeddable":true,"href":"https:\/\/construcaocivil.siriusmarketingedesign.com.br\/index.php?rest_route=%2Fwp%2Fv2%2Fcategories&post=20872"},{"taxonomy":"post_tag","embeddable":true,"href":"https:\/\/construcaocivil.siriusmarketingedesign.com.br\/index.php?rest_route=%2Fwp%2Fv2%2Ftags&post=20872"}],"curies":[{"name":"wp","href":"https:\/\/api.w.org\/{rel}","templated":true}]}}