{"id":2088,"date":"2016-06-13T17:25:21","date_gmt":"2016-06-13T17:25:21","guid":{"rendered":"http:\/\/www.jornaldaconstrucaocivil.com.br\/?p=2088"},"modified":"2016-06-13T17:25:21","modified_gmt":"2016-06-13T17:25:21","slug":"publico-sente-na-pele-o-aquecimento-global-em-nova-acao-da-fundacao-grupo-boticario","status":"publish","type":"post","link":"https:\/\/construcaocivil.siriusmarketingedesign.com.br\/?p=2088","title":{"rendered":"P\u00fablico sente na pele o aquecimento global em nova a\u00e7\u00e3o da Funda\u00e7\u00e3o Grupo Botic\u00e1rio"},"content":{"rendered":"<p><strong>Alertar as pessoas sobre a mudan\u00e7a clim\u00e1tica do nosso planeta de maneira criativa e inusitada. <\/strong><\/p>\n<p><a href=\"http:\/\/www.jornaldaconstrucaocivil.com.br\/wp-content\/uploads\/2016\/06\/FUNDA\u00c7\u00c3O.png\"><img loading=\"lazy\" decoding=\"async\" class=\"alignleft wp-image-2089\" src=\"http:\/\/www.jornaldaconstrucaocivil.com.br\/wp-content\/uploads\/2016\/06\/FUNDA\u00c7\u00c3O-300x146.png\" alt=\"FUNDA\u00c7\u00c3O\" width=\"275\" height=\"134\" \/><\/a><\/p>\n<p><span style=\"color: #000000;\">Essa \u00e9 a ideia principal da nova a\u00e7\u00e3o de conscientiza\u00e7\u00e3o para a Semana do Meio Ambiente, lan\u00e7ada pela Funda\u00e7\u00e3o Grupo Botic\u00e1rio de Prote\u00e7\u00e3o \u00e0 Natureza. Em uma sess\u00e3o de cinema especial, os convidados puderam sentir na pele um dos impactos que a mudan\u00e7a clim\u00e1tica est\u00e1 causando. Al\u00e9m da a\u00e7\u00e3o<\/span><span style=\"color: #0000ff;\"> off-line<\/span>, <span style=\"color: #000000;\">realizada em Curitiba (PR), um<\/span><span style=\"color: #0000ff;\"> hot site<\/span><span style=\"color: #000000;\"> com dicas de como contribuir para a redu\u00e7\u00e3o do aquecimento global, principal causa da mudan\u00e7a clim\u00e1tica, foi desenvolvido. A campanha \u00e9 assinada pela ag\u00eancia curitibana Candy Shop.<\/span><\/p>\n<p>Confira o v\u00eddeo da a\u00e7\u00e3o\u00a0<a href=\"https:\/\/workflow.comunique-se.com.br\/LinkOpen.aspx?mid=c086c472-d882-456d-853a-7c9ea9711fe1&amp;lid=2ZuiK8LgDdqPQtI7Wi6nwQ==\" target=\"_blank\">aqui.<\/a><\/p>\n<p><span style=\"color: #800000;\">Fonte: Assessoria de Imprensa Funda\u00e7\u00e3o Grupo Botic\u00e1rio\u00a0<\/span><\/p>\n","protected":false},"excerpt":{"rendered":"<p>Alertar as pessoas sobre a mudan\u00e7a clim\u00e1tica do nosso planeta de maneira criativa e inusitada. Essa \u00e9 a ideia principal da nova a\u00e7\u00e3o de conscientiza\u00e7\u00e3o para a Semana do Meio Ambiente, lan\u00e7ada pela Funda\u00e7\u00e3o Grupo Botic\u00e1rio de Prote\u00e7\u00e3o \u00e0 Natureza. Em uma sess\u00e3o de cinema especial, os convidados puderam sentir na pele um dos impactos [&hellip;]<\/p>\n","protected":false},"author":1,"featured_media":2089,"comment_status":"open","ping_status":"open","sticky":false,"template":"","format":"standard","meta":{"_uag_custom_page_level_css":"","footnotes":""},"categories":[37],"tags":[829,1746,1807,3270,5273,7438,8984,9798,11470],"class_list":["post-2088","post","type-post","status-publish","format-standard","has-post-thumbnail","hentry","category-sustentabilidade","tag-aquecimento-global","tag-campanha","tag-candy-shop","tag-curitibapr","tag-fundacao-grupo-boticario","tag-meio-ambiente","tag-planeta-terra","tag-protecao-a-natureza","tag-sustentabilidade"],"blocksy_meta":[],"spectra_blocks_featured_image_url":[],"spectra_blocks_author_info":{"display_name":"Jornal da Constru\u00e7\u00e3o Civil","avatar_url":"https:\/\/secure.gravatar.com\/avatar\/973c9774fd44ddaceb026973c4962faa70fc512bc4c9da68e8ebb40fecee6540?s=96&d=mm&r=g","author_link":"https:\/\/construcaocivil.siriusmarketingedesign.com.br\/?author=1","description":"Desde de 2013, levando muitas informa\u00e7\u00f5es, lan\u00e7amentos e produtos de qualidade para toda cadeia produtiva da constru\u00e7\u00e3o. O Futuro da constru\u00e7\u00e3o passa por aqui,"},"uagb_featured_image_src":{"full":false,"thumbnail":false,"medium":false,"medium_large":false,"large":false,"1536x1536":false,"2048x2048":false},"uagb_author_info":{"display_name":"Jornal da Constru\u00e7\u00e3o Civil","author_link":"https:\/\/construcaocivil.siriusmarketingedesign.com.br\/?author=1"},"uagb_comment_info":0,"uagb_excerpt":"Alertar as pessoas sobre a mudan\u00e7a clim\u00e1tica do nosso planeta de maneira criativa e inusitada. Essa \u00e9 a ideia principal da nova a\u00e7\u00e3o de conscientiza\u00e7\u00e3o para a Semana do Meio Ambiente, lan\u00e7ada pela Funda\u00e7\u00e3o Grupo Botic\u00e1rio de Prote\u00e7\u00e3o \u00e0 Natureza. Em uma sess\u00e3o de cinema especial, os convidados puderam sentir na pele um dos impactos&hellip;","_links":{"self":[{"href":"https:\/\/construcaocivil.siriusmarketingedesign.com.br\/index.php?rest_route=\/wp\/v2\/posts\/2088","targetHints":{"allow":["GET"]}}],"collection":[{"href":"https:\/\/construcaocivil.siriusmarketingedesign.com.br\/index.php?rest_route=\/wp\/v2\/posts"}],"about":[{"href":"https:\/\/construcaocivil.siriusmarketingedesign.com.br\/index.php?rest_route=\/wp\/v2\/types\/post"}],"author":[{"embeddable":true,"href":"https:\/\/construcaocivil.siriusmarketingedesign.com.br\/index.php?rest_route=\/wp\/v2\/users\/1"}],"replies":[{"embeddable":true,"href":"https:\/\/construcaocivil.siriusmarketingedesign.com.br\/index.php?rest_route=%2Fwp%2Fv2%2Fcomments&post=2088"}],"version-history":[{"count":0,"href":"https:\/\/construcaocivil.siriusmarketingedesign.com.br\/index.php?rest_route=\/wp\/v2\/posts\/2088\/revisions"}],"wp:attachment":[{"href":"https:\/\/construcaocivil.siriusmarketingedesign.com.br\/index.php?rest_route=%2Fwp%2Fv2%2Fmedia&parent=2088"}],"wp:term":[{"taxonomy":"category","embeddable":true,"href":"https:\/\/construcaocivil.siriusmarketingedesign.com.br\/index.php?rest_route=%2Fwp%2Fv2%2Fcategories&post=2088"},{"taxonomy":"post_tag","embeddable":true,"href":"https:\/\/construcaocivil.siriusmarketingedesign.com.br\/index.php?rest_route=%2Fwp%2Fv2%2Ftags&post=2088"}],"curies":[{"name":"wp","href":"https:\/\/api.w.org\/{rel}","templated":true}]}}