{"id":20909,"date":"2023-01-31T00:36:42","date_gmt":"2023-01-31T03:36:42","guid":{"rendered":"https:\/\/www.jornaldaconstrucaocivil.com.br\/?p=20909"},"modified":"2023-01-31T00:36:42","modified_gmt":"2023-01-31T03:36:42","slug":"abrainc-divulga-22a-pesquisa-mensal-sobre-acidentes-de-trabalho-nas-obras","status":"publish","type":"post","link":"https:\/\/construcaocivil.siriusmarketingedesign.com.br\/?p=20909","title":{"rendered":"ABRAINC divulga 22\u00aa pesquisa mensal sobre acidentes de trabalho nas obras"},"content":{"rendered":"<p class=\"ql-align-justify\">A ABRAINC realizou entre os dias 23 e 26 de janeiro de 2023, a\u00a0<strong>22\u00aa Pesquisa Acidentes de Trabalho nas Obras<\/strong>, para dar visibilidade aos n\u00fameros espec\u00edficos do setor da Incorpora\u00e7\u00e3o Imobili\u00e1ria. Nesta edi\u00e7\u00e3o foram colhidas 20 respostas, com dados referentes a dezembro de 2022.<\/p>\n<p class=\"ql-align-justify\"><img loading=\"lazy\" decoding=\"async\" class=\"size-medium wp-image-20910 alignleft\" src=\"https:\/\/www.jornaldaconstrucaocivil.com.br\/wp-content\/uploads\/2023\/01\/ABRAINC-divulga-22-pesquisa-mensal-sobre-acidente182841-212x300.jpeg\" alt=\"\" width=\"212\" height=\"300\" srcset=\"https:\/\/construcaocivil.siriusmarketingedesign.com.br\/wp-content\/uploads\/2023\/01\/ABRAINC-divulga-22-pesquisa-mensal-sobre-acidente182841-212x300.jpeg 212w, https:\/\/construcaocivil.siriusmarketingedesign.com.br\/wp-content\/uploads\/2023\/01\/ABRAINC-divulga-22-pesquisa-mensal-sobre-acidente182841-724x1024.jpeg 724w, https:\/\/construcaocivil.siriusmarketingedesign.com.br\/wp-content\/uploads\/2023\/01\/ABRAINC-divulga-22-pesquisa-mensal-sobre-acidente182841-768x1086.jpeg 768w, https:\/\/construcaocivil.siriusmarketingedesign.com.br\/wp-content\/uploads\/2023\/01\/ABRAINC-divulga-22-pesquisa-mensal-sobre-acidente182841.jpeg 905w\" sizes=\"auto, (max-width: 212px) 100vw, 212px\" \/>O levantamento \u00e9 ferramenta de gest\u00e3o, veiculado mensalmente, que possibilitar\u00e1 manter positivos os \u00edndices de sustentabilidade social do setor junto aos colaboradores, sindicatos e governo.<\/p>\n<p>Para acessar o estudo completo o link <span style=\"text-decoration: underline;\"><span style=\"color: #0000ff; text-decoration: underline;\">https:\/\/abrainc.org.br\/noticias<\/span><\/span><\/p>\n<p>Fonte: Boletim ABRAINC<\/p>\n<p>&nbsp;<\/p>\n","protected":false},"excerpt":{"rendered":"<p>A ABRAINC realizou entre os dias 23 e 26 de janeiro de 2023, a\u00a022\u00aa Pesquisa Acidentes de Trabalho nas Obras, para dar visibilidade aos n\u00fameros espec\u00edficos do setor da Incorpora\u00e7\u00e3o Imobili\u00e1ria. Nesta edi\u00e7\u00e3o foram colhidas 20 respostas, com dados referentes a dezembro de 2022. O levantamento \u00e9 ferramenta de gest\u00e3o, veiculado mensalmente, que possibilitar\u00e1 manter [&hellip;]<\/p>\n","protected":false},"author":1,"featured_media":20911,"comment_status":"open","ping_status":"open","sticky":false,"template":"","format":"standard","meta":{"_uag_custom_page_level_css":"","footnotes":""},"categories":[27],"tags":[24846,24847,19531,380,1672],"class_list":["post-20909","post","type-post","status-publish","format-standard","has-post-thumbnail","hentry","category-acontece","tag-episnaobra","tag-saudedotrabalhador","tag-abrainc","tag-acidente-de-trabalho","tag-caged"],"blocksy_meta":[],"spectra_blocks_featured_image_url":{"thumbnail":{"url":"https:\/\/construcaocivil.siriusmarketingedesign.com.br\/wp-content\/uploads\/2023\/01\/IMG_20220921_114520_3-150x150.jpg","width":150,"height":150},"medium":{"url":"https:\/\/construcaocivil.siriusmarketingedesign.com.br\/wp-content\/uploads\/2023\/01\/IMG_20220921_114520_3-300x246.jpg","width":300,"height":246},"medium_large":{"url":"https:\/\/construcaocivil.siriusmarketingedesign.com.br\/wp-content\/uploads\/2023\/01\/IMG_20220921_114520_3-768x630.jpg","width":768,"height":630},"large":{"url":"https:\/\/construcaocivil.siriusmarketingedesign.com.br\/wp-content\/uploads\/2023\/01\/IMG_20220921_114520_3-1024x840.jpg","width":1024,"height":840},"full":{"url":"https:\/\/construcaocivil.siriusmarketingedesign.com.br\/wp-content\/uploads\/2023\/01\/IMG_20220921_114520_3-scaled.jpg","width":2560,"height":2099}},"spectra_blocks_author_info":{"display_name":"Jornal da Constru\u00e7\u00e3o Civil","avatar_url":"https:\/\/secure.gravatar.com\/avatar\/973c9774fd44ddaceb026973c4962faa70fc512bc4c9da68e8ebb40fecee6540?s=96&d=mm&r=g","author_link":"https:\/\/construcaocivil.siriusmarketingedesign.com.br\/?author=1","description":"Desde de 2013, levando muitas informa\u00e7\u00f5es, lan\u00e7amentos e produtos de qualidade para toda cadeia produtiva da constru\u00e7\u00e3o. O Futuro da constru\u00e7\u00e3o passa por aqui,"},"uagb_featured_image_src":{"full":["https:\/\/construcaocivil.siriusmarketingedesign.com.br\/wp-content\/uploads\/2023\/01\/IMG_20220921_114520_3-scaled.jpg",2560,2099,false],"thumbnail":["https:\/\/construcaocivil.siriusmarketingedesign.com.br\/wp-content\/uploads\/2023\/01\/IMG_20220921_114520_3-150x150.jpg",150,150,true],"medium":["https:\/\/construcaocivil.siriusmarketingedesign.com.br\/wp-content\/uploads\/2023\/01\/IMG_20220921_114520_3-300x246.jpg",300,246,true],"medium_large":["https:\/\/construcaocivil.siriusmarketingedesign.com.br\/wp-content\/uploads\/2023\/01\/IMG_20220921_114520_3-768x630.jpg",768,630,true],"large":["https:\/\/construcaocivil.siriusmarketingedesign.com.br\/wp-content\/uploads\/2023\/01\/IMG_20220921_114520_3-1024x840.jpg",1024,840,true],"1536x1536":["https:\/\/construcaocivil.siriusmarketingedesign.com.br\/wp-content\/uploads\/2023\/01\/IMG_20220921_114520_3-1536x1259.jpg",1536,1259,true],"2048x2048":["https:\/\/construcaocivil.siriusmarketingedesign.com.br\/wp-content\/uploads\/2023\/01\/IMG_20220921_114520_3-2048x1679.jpg",2048,1679,true]},"uagb_author_info":{"display_name":"Jornal da Constru\u00e7\u00e3o Civil","author_link":"https:\/\/construcaocivil.siriusmarketingedesign.com.br\/?author=1"},"uagb_comment_info":0,"uagb_excerpt":"A ABRAINC realizou entre os dias 23 e 26 de janeiro de 2023, a\u00a022\u00aa Pesquisa Acidentes de Trabalho nas Obras, para dar visibilidade aos n\u00fameros espec\u00edficos do setor da Incorpora\u00e7\u00e3o Imobili\u00e1ria. Nesta edi\u00e7\u00e3o foram colhidas 20 respostas, com dados referentes a dezembro de 2022. O levantamento \u00e9 ferramenta de gest\u00e3o, veiculado mensalmente, que possibilitar\u00e1 manter&hellip;","_links":{"self":[{"href":"https:\/\/construcaocivil.siriusmarketingedesign.com.br\/index.php?rest_route=\/wp\/v2\/posts\/20909","targetHints":{"allow":["GET"]}}],"collection":[{"href":"https:\/\/construcaocivil.siriusmarketingedesign.com.br\/index.php?rest_route=\/wp\/v2\/posts"}],"about":[{"href":"https:\/\/construcaocivil.siriusmarketingedesign.com.br\/index.php?rest_route=\/wp\/v2\/types\/post"}],"author":[{"embeddable":true,"href":"https:\/\/construcaocivil.siriusmarketingedesign.com.br\/index.php?rest_route=\/wp\/v2\/users\/1"}],"replies":[{"embeddable":true,"href":"https:\/\/construcaocivil.siriusmarketingedesign.com.br\/index.php?rest_route=%2Fwp%2Fv2%2Fcomments&post=20909"}],"version-history":[{"count":0,"href":"https:\/\/construcaocivil.siriusmarketingedesign.com.br\/index.php?rest_route=\/wp\/v2\/posts\/20909\/revisions"}],"wp:featuredmedia":[{"embeddable":true,"href":"https:\/\/construcaocivil.siriusmarketingedesign.com.br\/index.php?rest_route=\/wp\/v2\/media\/20911"}],"wp:attachment":[{"href":"https:\/\/construcaocivil.siriusmarketingedesign.com.br\/index.php?rest_route=%2Fwp%2Fv2%2Fmedia&parent=20909"}],"wp:term":[{"taxonomy":"category","embeddable":true,"href":"https:\/\/construcaocivil.siriusmarketingedesign.com.br\/index.php?rest_route=%2Fwp%2Fv2%2Fcategories&post=20909"},{"taxonomy":"post_tag","embeddable":true,"href":"https:\/\/construcaocivil.siriusmarketingedesign.com.br\/index.php?rest_route=%2Fwp%2Fv2%2Ftags&post=20909"}],"curies":[{"name":"wp","href":"https:\/\/api.w.org\/{rel}","templated":true}]}}