{"id":20916,"date":"2023-01-31T01:01:06","date_gmt":"2023-01-31T04:01:06","guid":{"rendered":"https:\/\/www.jornaldaconstrucaocivil.com.br\/?p=20916"},"modified":"2023-01-31T01:01:06","modified_gmt":"2023-01-31T04:01:06","slug":"gafisa-finaliza-integracao-de-aquisicoes-e-segue-plano-de-sucessao-na-lideranca-com-a-nomeacao-da-primeira-mulher-como-ceo-da-companhia","status":"publish","type":"post","link":"https:\/\/construcaocivil.siriusmarketingedesign.com.br\/?p=20916","title":{"rendered":"Gafisa finaliza integra\u00e7\u00e3o de aquisi\u00e7\u00f5es e segue plano de sucess\u00e3o na lideran\u00e7a com a nomea\u00e7\u00e3o da primeira mulher como CEO da Companhia"},"content":{"rendered":"<p style=\"text-align: justify;\">A Gafisa segue plano estrat\u00e9gico de 2023 com a finaliza\u00e7\u00e3o da integra\u00e7\u00e3o com a Bait Incorporadora, empresa adquirida em 2022. A captura de sinergias entre as duas empresas foi essencial para o r\u00e1pido cumprimento do plano de fus\u00e3o, previsto inicialmente para meados desse ano.\n<\/p>\n<p style=\"text-align: justify;\">Com essa etapa conclu\u00edda,\u00a0Henrique Blecher e Gustavo Nunes, executivos vindos da Bait Incorporadora, deixam a Companhia para realiza\u00e7\u00e3o de projetos pessoais. A decis\u00e3o foi em comum acordo e prevista.<\/p>\n<p style=\"text-align: justify;\">Para assumir o comando da Gafisa, Sheyla Resende foi nomeada como CEO. Ela ser\u00e1 a primeira mulher a ocupar esse cargo em 68 anos de hist\u00f3ria. A executiva est\u00e1 h\u00e1 14 anos na empresa, ocupando cargos de dire\u00e7\u00e3o nos \u00faltimos quatro anos.\n<\/p>\n<p style=\"text-align: justify;\">&#8220;As movimenta\u00e7\u00f5es e aquisi\u00e7\u00f5es realizadas nos \u00faltimos tr\u00eas anos est\u00e3o alinhadas ao posicionamento estrat\u00e9gico da Companhia em focar em produtos com alto valor agregado, em regi\u00f5es nobres, nas cidades de S\u00e3o Paulo e Rio de Janeiro.\u00a0As duas sedes da Gafisa atuar\u00e3o com unicidade na sua gest\u00e3o e cultura organizacional, mantendo a vis\u00e3o financeira de gera\u00e7\u00e3o de caixa&#8221;, conclui Sheyla.\n<\/p>\n<p style=\"text-align: justify;\">A nomea\u00e7\u00e3o demonstra a cultura da Gafisa com o olhar para desenvolvimento de lideran\u00e7as e talentos femininos. &#8220;O setor ainda tem muitos passos pela frente para superar a disparidade de g\u00eanero. Sinto-me honrada na representa\u00e7\u00e3o feminina neste movimento que refor\u00e7a nossa Pol\u00edtica ESG, no que se refere \u00e0 equidade de g\u00eanero, em conson\u00e2ncia com os Objetivos de Desenvolvimento Sustent\u00e1veis (ODSs) definidos pela ONU.&#8221;, detalha a nova CEO da Gafisa.\n<\/p>\n<p style=\"text-align: justify;\">Al\u00e9m da nomea\u00e7\u00e3o de Sheyla Resende, haver\u00e1 um Comit\u00ea de Gest\u00e3o, multidisciplinar, que contar\u00e1 com mais tr\u00eas membros, composto por\u00a0um\u00a0novo Diretor Financeiro (CFO) &#8212; a ser anunciado nos pr\u00f3ximos dias e outros dois atuais diretores da empresa.\n<\/p>\n<p style=\"text-align: justify;\"><strong>Luis Fernando Ortiz<\/strong>, colaborador da Gafisa h\u00e1 12 anos, quatro destes como Diretor de Incorpora\u00e7\u00e3o, assume o cargo de Vice-presidente de Neg\u00f3cios e passa a gerir, al\u00e9m da Incorpora\u00e7\u00e3o, Marketing, Comercial e Novos Neg\u00f3cios, as \u00e1reas de Jornada do Cliente (CX).\n<\/p>\n<p style=\"text-align: justify;\"><strong>Renata Yamada<\/strong>, que atua na Gafisa desde a reestrutura\u00e7\u00e3o iniciada 2019, passa a ocupar o cargo de Vice-presidente de Gest\u00e3o &amp; Jur\u00eddico, \u00e1reas com grande sinergia e voca\u00e7\u00e3o de governan\u00e7a, pilar fundamental tanto na hist\u00f3ria, como no futuro da Companhia.<\/p>\n<p style=\"text-align: justify;\">&#8220;Este comit\u00ea tem como principal atribui\u00e7\u00e3o deliberar sobre as decis\u00f5es estrat\u00e9gicas da Companhia. Uma empresa com a nossa dimens\u00e3o, demanda uma combina\u00e7\u00e3o de experi\u00eancias na condu\u00e7\u00e3o de seus neg\u00f3cios, que est\u00e1 refletida nesta forma\u00e7\u00e3o&#8221; &#8212; ressalta Sheyla Resende.<\/p>\n<p style=\"text-align: justify;\"><strong>Perfil do CEO da Gafisa<\/strong><br \/>\n<strong>Sheyla Resende<\/strong>\u00a0&#8211;\u00a0Engenheira Civil, formada pela\u00a0Universidade Federal de Juiz de Fora\u00a0(UFJF), com\u00a014 anos de experi\u00eancia em Constru\u00e7\u00e3o Civil. A executiva ingressou na Gafisa, onde atuou como trainee, engenheira, gestora de Obras e gerente de Gest\u00e3o e Qualidade. Em 2019, tornou-se diretora de Gest\u00e3o e RH, sendo promovida em abril de 2021 \u00e0 Vice-Presidente de Gest\u00e3o e RH da Gafisa, respons\u00e1vel pela coordena\u00e7\u00e3o do Comit\u00ea de Gest\u00e3o e pelas \u00e1reas Administrativa, Comunica\u00e7\u00e3o Corporativa, Gest\u00e3o, Processos e Qualidade, Jur\u00eddico e Recursos Humanos. Sua atua\u00e7\u00e3o no\u00a0<i>turnaround\u00a0<\/i>da Gafisa foi essencial para que a empresa se reestabelecesse e tivesse novamente protagonismo.<\/p>\n","protected":false},"excerpt":{"rendered":"<p>A Gafisa segue plano estrat\u00e9gico de 2023 com a finaliza\u00e7\u00e3o da integra\u00e7\u00e3o com a Bait Incorporadora, empresa adquirida em 2022. A captura de sinergias entre as duas empresas foi essencial para o r\u00e1pido cumprimento do plano de fus\u00e3o, previsto inicialmente para meados desse ano. Com essa etapa conclu\u00edda,\u00a0Henrique Blecher e Gustavo Nunes, executivos vindos da [&hellip;]<\/p>\n","protected":false},"author":1,"featured_media":20918,"comment_status":"open","ping_status":"open","sticky":false,"template":"","format":"standard","meta":{"_uag_custom_page_level_css":"","footnotes":""},"categories":[33],"tags":[24853,24852,4139,5326],"class_list":["post-20916","post","type-post","status-publish","format-standard","has-post-thumbnail","hentry","category-mercado","tag-edificacoesmodernas","tag-mulheresnaconstrucao","tag-empreendimentos-imobiliarios","tag-gafisa"],"blocksy_meta":[],"spectra_blocks_featured_image_url":{"thumbnail":{"url":"https:\/\/construcaocivil.siriusmarketingedesign.com.br\/wp-content\/uploads\/2023\/01\/handler-5-150x150.jpg","width":150,"height":150},"medium":{"url":"https:\/\/construcaocivil.siriusmarketingedesign.com.br\/wp-content\/uploads\/2023\/01\/handler-5-273x300.jpg","width":273,"height":300},"medium_large":{"url":"https:\/\/construcaocivil.siriusmarketingedesign.com.br\/wp-content\/uploads\/2023\/01\/handler-5-768x843.jpg","width":768,"height":843},"large":{"url":"https:\/\/construcaocivil.siriusmarketingedesign.com.br\/wp-content\/uploads\/2023\/01\/handler-5.jpg","width":800,"height":878},"full":{"url":"https:\/\/construcaocivil.siriusmarketingedesign.com.br\/wp-content\/uploads\/2023\/01\/handler-5.jpg","width":800,"height":878}},"spectra_blocks_author_info":{"display_name":"Jornal da Constru\u00e7\u00e3o Civil","avatar_url":"https:\/\/secure.gravatar.com\/avatar\/973c9774fd44ddaceb026973c4962faa70fc512bc4c9da68e8ebb40fecee6540?s=96&d=mm&r=g","author_link":"https:\/\/construcaocivil.siriusmarketingedesign.com.br\/?author=1","description":"Desde de 2013, levando muitas informa\u00e7\u00f5es, lan\u00e7amentos e produtos de qualidade para toda cadeia produtiva da constru\u00e7\u00e3o. O Futuro da constru\u00e7\u00e3o passa por aqui,"},"uagb_featured_image_src":{"full":["https:\/\/construcaocivil.siriusmarketingedesign.com.br\/wp-content\/uploads\/2023\/01\/handler-5.jpg",800,878,false],"thumbnail":["https:\/\/construcaocivil.siriusmarketingedesign.com.br\/wp-content\/uploads\/2023\/01\/handler-5-150x150.jpg",150,150,true],"medium":["https:\/\/construcaocivil.siriusmarketingedesign.com.br\/wp-content\/uploads\/2023\/01\/handler-5-273x300.jpg",273,300,true],"medium_large":["https:\/\/construcaocivil.siriusmarketingedesign.com.br\/wp-content\/uploads\/2023\/01\/handler-5-768x843.jpg",768,843,true],"large":["https:\/\/construcaocivil.siriusmarketingedesign.com.br\/wp-content\/uploads\/2023\/01\/handler-5.jpg",800,878,false],"1536x1536":["https:\/\/construcaocivil.siriusmarketingedesign.com.br\/wp-content\/uploads\/2023\/01\/handler-5.jpg",800,878,false],"2048x2048":["https:\/\/construcaocivil.siriusmarketingedesign.com.br\/wp-content\/uploads\/2023\/01\/handler-5.jpg",800,878,false]},"uagb_author_info":{"display_name":"Jornal da Constru\u00e7\u00e3o Civil","author_link":"https:\/\/construcaocivil.siriusmarketingedesign.com.br\/?author=1"},"uagb_comment_info":0,"uagb_excerpt":"A Gafisa segue plano estrat\u00e9gico de 2023 com a finaliza\u00e7\u00e3o da integra\u00e7\u00e3o com a Bait Incorporadora, empresa adquirida em 2022. A captura de sinergias entre as duas empresas foi essencial para o r\u00e1pido cumprimento do plano de fus\u00e3o, previsto inicialmente para meados desse ano. Com essa etapa conclu\u00edda,\u00a0Henrique Blecher e Gustavo Nunes, executivos vindos da&hellip;","_links":{"self":[{"href":"https:\/\/construcaocivil.siriusmarketingedesign.com.br\/index.php?rest_route=\/wp\/v2\/posts\/20916","targetHints":{"allow":["GET"]}}],"collection":[{"href":"https:\/\/construcaocivil.siriusmarketingedesign.com.br\/index.php?rest_route=\/wp\/v2\/posts"}],"about":[{"href":"https:\/\/construcaocivil.siriusmarketingedesign.com.br\/index.php?rest_route=\/wp\/v2\/types\/post"}],"author":[{"embeddable":true,"href":"https:\/\/construcaocivil.siriusmarketingedesign.com.br\/index.php?rest_route=\/wp\/v2\/users\/1"}],"replies":[{"embeddable":true,"href":"https:\/\/construcaocivil.siriusmarketingedesign.com.br\/index.php?rest_route=%2Fwp%2Fv2%2Fcomments&post=20916"}],"version-history":[{"count":0,"href":"https:\/\/construcaocivil.siriusmarketingedesign.com.br\/index.php?rest_route=\/wp\/v2\/posts\/20916\/revisions"}],"wp:featuredmedia":[{"embeddable":true,"href":"https:\/\/construcaocivil.siriusmarketingedesign.com.br\/index.php?rest_route=\/wp\/v2\/media\/20918"}],"wp:attachment":[{"href":"https:\/\/construcaocivil.siriusmarketingedesign.com.br\/index.php?rest_route=%2Fwp%2Fv2%2Fmedia&parent=20916"}],"wp:term":[{"taxonomy":"category","embeddable":true,"href":"https:\/\/construcaocivil.siriusmarketingedesign.com.br\/index.php?rest_route=%2Fwp%2Fv2%2Fcategories&post=20916"},{"taxonomy":"post_tag","embeddable":true,"href":"https:\/\/construcaocivil.siriusmarketingedesign.com.br\/index.php?rest_route=%2Fwp%2Fv2%2Ftags&post=20916"}],"curies":[{"name":"wp","href":"https:\/\/api.w.org\/{rel}","templated":true}]}}