{"id":20923,"date":"2023-01-31T13:41:56","date_gmt":"2023-01-31T16:41:56","guid":{"rendered":"https:\/\/www.jornaldaconstrucaocivil.com.br\/?p=20923"},"modified":"2023-01-31T14:34:36","modified_gmt":"2023-01-31T17:34:36","slug":"brasil-e-alemanha-seguem-firme-nas-parcerias-democracia-brasileira-foi-capaz-de-resistir-diz-chanceler-alemao","status":"publish","type":"post","link":"https:\/\/construcaocivil.siriusmarketingedesign.com.br\/?p=20923","title":{"rendered":"Brasil e Alemanha seguem firmes nas parcerias: &#8220;Democracia brasileira foi capaz de resistir&#8221;, diz chanceler alem\u00e3o"},"content":{"rendered":"<div class=\"post-item alt-font\">\n<div class=\"post-item-wrap\">\n<p><em>Ag\u00eancia Brasil<\/em><\/p>\n<p style=\"text-align: justify;\">Em visita ao Brasil, o chanceler alem\u00e3o Olaf Scholz se encontrou nesta segunda-feira (30) com o presidente Luiz In\u00e1cio Lula da Silva, em Bras\u00edlia, e comentou sobre ataques golpistas ocorridos h\u00e1 tr\u00eas semanas na capital federal.\u00a0<img decoding=\"async\" src=\"https:\/\/agenciabrasil.ebc.com.br\/ebc.png?id=1507099&amp;o=node\" \/><img decoding=\"async\" src=\"https:\/\/agenciabrasil.ebc.com.br\/ebc.gif?id=1507099&amp;o=node\" \/><\/p>\n<p style=\"text-align: justify;\">&#8220;Gostaria de expressar e reafirmar ao presidente Lula, e a todos os brasileiras e brasileiras, que podem contar com total solidariedade da Rep\u00fablica Federal da Alemanha. Os democratas devem cerrar fileiras diante de um ataque de tal maneira ultrajante. A democracia brasileira \u00e9 forte e foi capaz de resistir a esse ataque, o que \u00e9 impressionante e serve de modelo&#8221;, enfatizou Scholz em coletiva de imprensa, ap\u00f3s reuni\u00e3o privada com Lula.<\/p>\n<p style=\"text-align: justify;\">Um pouco antes, ele citou a emo\u00e7\u00e3o de ver de perto o Pal\u00e1cio do Planalto, invadido por extremistas h\u00e1 algumas semanas. &#8220;Esse encontro me deixa muito emocionado porque as imagens da invas\u00e3o do Congresso, do Pal\u00e1cio presidencial e do Supremo Tribunal Federal, h\u00e1 tr\u00eas semanas, ainda est\u00e3o muito presentes na minha e na nossa mem\u00f3ria. E ainda podemos ver os resqu\u00edcios dessa destrui\u00e7\u00e3o, um sinal para defendermos a democracia&#8221;. Os dois l\u00edderes se reuniram a s\u00f3s por cerca de uma hora, seguido de um encontro de trabalho com ministros dos dois pa\u00edses.<\/p>\n<p style=\"text-align: justify;\">A defesa da democracia tamb\u00e9m esteve\u00a0em destaque no comunicado\u00a0<a href=\"https:\/\/www.gov.br\/mre\/pt-br\/canais_atendimento\/imprensa\/notas-a-imprensa\/comunicado-conjunto-visita-ao-brasil-do-chanceler-federal-da-alemanha-olaf-scholz-brasilia-30-de-janeiro-de-2023\" target=\"_blank\" rel=\"noopener\">bilateral distribu\u00eddo pelo Pal\u00e1cio do Planalto<\/a>, ap\u00f3s o encontro. Um novo encontro entre Lula e Scholz est\u00e1 previsto para setembro, desta vez na Alemanha. O chanceler da Alemanha tamb\u00e9m festejou a retomada do di\u00e1logo multilateral do Brasil. &#8220;Estamos muito felizes pelo\u00a0Brasil estar de volta \u00e0 cena mundial e como lideran\u00e7a na Am\u00e9rica Latina. Voc\u00eas fizeram falta, Lula&#8221;.<\/p>\n<p style=\"text-align: justify;\">Sobre a agenda bilateral, o chanceler alem\u00e3o citou o desejo de colabora\u00e7\u00e3o especialmente na \u00e1rea ambiental e de mudan\u00e7as clim\u00e1ticas, incluindo prote\u00e7\u00e3o da Floresta Amaz\u00f4nica, amplia\u00e7\u00e3o de energias renov\u00e1veis e transforma\u00e7\u00f5es econ\u00f4micas justas, al\u00e9m do avan\u00e7o do acordo comercial entre\u00a0<a href=\"https:\/\/agenciabrasil.ebc.com.br\/politica\/noticia\/2023-01\/lula-defende-mudancas-em-acordo-entre-uniao-europeia-e-mercosul\" target=\"_blank\" rel=\"noopener\">Mercosul e Uni\u00e3o Europeia<\/a>. &#8220;Tema central da nossa coopera\u00e7\u00e3o ser\u00e1 o futuro do nosso suprimento energ\u00e9tico. O Brasil, ator importante para fazer avan\u00e7ar a agenda verde, voc\u00eas t\u00eam experci\u00eancia com energias renov\u00e1veis e hidrog\u00eanio verde&#8221;, citou.<\/p>\n<p style=\"text-align: justify;\">Mais cedo, o governo dos dois pa\u00edses fecharam um acordo de investimento de\u00a0<a href=\"https:\/\/agenciabrasil.ebc.com.br\/internacional\/noticia\/2023-01\/alemanha-anuncia-doacao-de-200-milhoes-de-euros-para-acoes-ambientais\" target=\"_blank\" rel=\"noopener\">200 milh\u00f5es de euros<\/a>, por parte da Alemanha, para medidas de prote\u00e7\u00e3o ambiental no Brasil. A parceria foi anunciada ministra do Meio Ambiente, Marina Silva, e a ministra da Coopera\u00e7\u00e3o da Alemanha, Svenja Schulze.<\/p>\n<\/div>\n<p class=\"alt-font font-italic my-2 small text-info\" style=\"text-align: justify;\"><span style=\"color: #993300;\"><em>Edi\u00e7\u00e3o: Aline Leal<\/em><\/span><\/p>\n<\/div>\n","protected":false},"excerpt":{"rendered":"<p>Ag\u00eancia Brasil Em visita ao Brasil, o chanceler alem\u00e3o Olaf Scholz se encontrou nesta segunda-feira (30) com o presidente Luiz In\u00e1cio Lula da Silva, em Bras\u00edlia, e comentou sobre ataques golpistas ocorridos h\u00e1 tr\u00eas semanas na capital federal.\u00a0 &#8220;Gostaria de expressar e reafirmar ao presidente Lula, e a todos os brasileiras e brasileiras, que podem [&hellip;]<\/p>\n","protected":false},"author":1,"featured_media":20924,"comment_status":"open","ping_status":"open","sticky":false,"template":"","format":"standard","meta":{"_uag_custom_page_level_css":"","footnotes":""},"categories":[33],"tags":[24856,24723,24854,24857,24855,24757,24780,24858],"class_list":["post-20923","post","type-post","status-publish","format-standard","has-post-thumbnail","hentry","category-mercado","tag-acordoue-mercosul","tag-construcaocivil","tag-economiaverde","tag-energiasrenovaveis","tag-lula-olafscholz","tag-servicosdeengenharia","tag-tecnologia4-0","tag-ucrania-russia"],"blocksy_meta":[],"spectra_blocks_featured_image_url":{"thumbnail":{"url":"https:\/\/construcaocivil.siriusmarketingedesign.com.br\/wp-content\/uploads\/2023\/01\/2023-01-30t222716z_1_lynxmpej0t0v1_rtroptp_4_brazil-germany-150x150.jpg","width":150,"height":150},"medium":{"url":"https:\/\/construcaocivil.siriusmarketingedesign.com.br\/wp-content\/uploads\/2023\/01\/2023-01-30t222716z_1_lynxmpej0t0v1_rtroptp_4_brazil-germany-300x179.jpg","width":300,"height":179},"medium_large":{"url":"https:\/\/construcaocivil.siriusmarketingedesign.com.br\/wp-content\/uploads\/2023\/01\/2023-01-30t222716z_1_lynxmpej0t0v1_rtroptp_4_brazil-germany-768x459.jpg","width":768,"height":459},"large":{"url":"https:\/\/construcaocivil.siriusmarketingedesign.com.br\/wp-content\/uploads\/2023\/01\/2023-01-30t222716z_1_lynxmpej0t0v1_rtroptp_4_brazil-germany-1024x613.jpg","width":1024,"height":613},"full":{"url":"https:\/\/construcaocivil.siriusmarketingedesign.com.br\/wp-content\/uploads\/2023\/01\/2023-01-30t222716z_1_lynxmpej0t0v1_rtroptp_4_brazil-germany.jpg","width":1170,"height":700}},"spectra_blocks_author_info":{"display_name":"Jornal da Constru\u00e7\u00e3o Civil","avatar_url":"https:\/\/secure.gravatar.com\/avatar\/973c9774fd44ddaceb026973c4962faa70fc512bc4c9da68e8ebb40fecee6540?s=96&d=mm&r=g","author_link":"https:\/\/construcaocivil.siriusmarketingedesign.com.br\/?author=1","description":"Desde de 2013, levando muitas informa\u00e7\u00f5es, lan\u00e7amentos e produtos de qualidade para toda cadeia produtiva da constru\u00e7\u00e3o. O Futuro da constru\u00e7\u00e3o passa por aqui,"},"uagb_featured_image_src":{"full":["https:\/\/construcaocivil.siriusmarketingedesign.com.br\/wp-content\/uploads\/2023\/01\/2023-01-30t222716z_1_lynxmpej0t0v1_rtroptp_4_brazil-germany.jpg",1170,700,false],"thumbnail":["https:\/\/construcaocivil.siriusmarketingedesign.com.br\/wp-content\/uploads\/2023\/01\/2023-01-30t222716z_1_lynxmpej0t0v1_rtroptp_4_brazil-germany-150x150.jpg",150,150,true],"medium":["https:\/\/construcaocivil.siriusmarketingedesign.com.br\/wp-content\/uploads\/2023\/01\/2023-01-30t222716z_1_lynxmpej0t0v1_rtroptp_4_brazil-germany-300x179.jpg",300,179,true],"medium_large":["https:\/\/construcaocivil.siriusmarketingedesign.com.br\/wp-content\/uploads\/2023\/01\/2023-01-30t222716z_1_lynxmpej0t0v1_rtroptp_4_brazil-germany-768x459.jpg",768,459,true],"large":["https:\/\/construcaocivil.siriusmarketingedesign.com.br\/wp-content\/uploads\/2023\/01\/2023-01-30t222716z_1_lynxmpej0t0v1_rtroptp_4_brazil-germany-1024x613.jpg",1024,613,true],"1536x1536":["https:\/\/construcaocivil.siriusmarketingedesign.com.br\/wp-content\/uploads\/2023\/01\/2023-01-30t222716z_1_lynxmpej0t0v1_rtroptp_4_brazil-germany.jpg",1170,700,false],"2048x2048":["https:\/\/construcaocivil.siriusmarketingedesign.com.br\/wp-content\/uploads\/2023\/01\/2023-01-30t222716z_1_lynxmpej0t0v1_rtroptp_4_brazil-germany.jpg",1170,700,false]},"uagb_author_info":{"display_name":"Jornal da Constru\u00e7\u00e3o Civil","author_link":"https:\/\/construcaocivil.siriusmarketingedesign.com.br\/?author=1"},"uagb_comment_info":0,"uagb_excerpt":"Ag\u00eancia Brasil Em visita ao Brasil, o chanceler alem\u00e3o Olaf Scholz se encontrou nesta segunda-feira (30) com o presidente Luiz In\u00e1cio Lula da Silva, em Bras\u00edlia, e comentou sobre ataques golpistas ocorridos h\u00e1 tr\u00eas semanas na capital federal.\u00a0 &#8220;Gostaria de expressar e reafirmar ao presidente Lula, e a todos os brasileiras e brasileiras, que podem&hellip;","_links":{"self":[{"href":"https:\/\/construcaocivil.siriusmarketingedesign.com.br\/index.php?rest_route=\/wp\/v2\/posts\/20923","targetHints":{"allow":["GET"]}}],"collection":[{"href":"https:\/\/construcaocivil.siriusmarketingedesign.com.br\/index.php?rest_route=\/wp\/v2\/posts"}],"about":[{"href":"https:\/\/construcaocivil.siriusmarketingedesign.com.br\/index.php?rest_route=\/wp\/v2\/types\/post"}],"author":[{"embeddable":true,"href":"https:\/\/construcaocivil.siriusmarketingedesign.com.br\/index.php?rest_route=\/wp\/v2\/users\/1"}],"replies":[{"embeddable":true,"href":"https:\/\/construcaocivil.siriusmarketingedesign.com.br\/index.php?rest_route=%2Fwp%2Fv2%2Fcomments&post=20923"}],"version-history":[{"count":0,"href":"https:\/\/construcaocivil.siriusmarketingedesign.com.br\/index.php?rest_route=\/wp\/v2\/posts\/20923\/revisions"}],"wp:featuredmedia":[{"embeddable":true,"href":"https:\/\/construcaocivil.siriusmarketingedesign.com.br\/index.php?rest_route=\/wp\/v2\/media\/20924"}],"wp:attachment":[{"href":"https:\/\/construcaocivil.siriusmarketingedesign.com.br\/index.php?rest_route=%2Fwp%2Fv2%2Fmedia&parent=20923"}],"wp:term":[{"taxonomy":"category","embeddable":true,"href":"https:\/\/construcaocivil.siriusmarketingedesign.com.br\/index.php?rest_route=%2Fwp%2Fv2%2Fcategories&post=20923"},{"taxonomy":"post_tag","embeddable":true,"href":"https:\/\/construcaocivil.siriusmarketingedesign.com.br\/index.php?rest_route=%2Fwp%2Fv2%2Ftags&post=20923"}],"curies":[{"name":"wp","href":"https:\/\/api.w.org\/{rel}","templated":true}]}}