{"id":20968,"date":"2023-02-06T18:28:25","date_gmt":"2023-02-06T21:28:25","guid":{"rendered":"https:\/\/www.jornaldaconstrucaocivil.com.br\/?p=20968"},"modified":"2023-02-07T21:45:56","modified_gmt":"2023-02-08T00:45:56","slug":"bla-bla-bla-bla-posse-no-bndes","status":"publish","type":"post","link":"https:\/\/construcaocivil.siriusmarketingedesign.com.br\/?p=20968","title":{"rendered":"Bl\u00e1! Bl\u00e1! Bl\u00e1! Bl\u00e1 ! Posse no BNDES"},"content":{"rendered":"<p style=\"text-align: justify;\">O presidente Lu\u00eds In\u00e1cio Lula da Silva esteve na manh\u00e3 de hoje (06), na cidade do Rio para prestigiar a posse do Aloizio Mercadante, empossado como novo presidente do Banco Nacional de Desenvolvimento e Social, o popular BNDES.<\/p>\n<p style=\"text-align: justify;\">Ap\u00f3s, a fala do Aloizio Mercadante, muito emocionado, o ent\u00e3o presidente do BNDES exaltou que ter\u00e1 um banco mais democr\u00e1tico e inclusivo na sua gest\u00e3o. Entretanto, essa a\u00e7\u00e3o de inclus\u00e3o do BNDES vai atender a quem? Os mais de 65 milh\u00f5es de brasileiros vivendo de sub- empregos ou popular &#8220;bicos&#8221;. O que se v\u00ea \u00e9 muito t\u00e9cnico, diretor, presidente e ministro. Quero saber quem ir\u00e1 tocar o piano?<\/p>\n<p style=\"text-align: justify;\">Numa crise p\u00f3s pandemia, recess\u00e3o e golpe de 2016, o Brasil precisa de praticidade e rapidez nas a\u00e7\u00f5es para atender as necessidades da popula\u00e7\u00e3o: Emprego, Sa\u00fade, Habita\u00e7\u00e3o e Educa\u00e7\u00e3o.<\/p>\n<p style=\"text-align: justify;\">De enf\u00e1tico na posse do Mercadante e na posse de hoje, s\u00f3 tivemos a dura fala do LULA em rela\u00e7\u00e3o ao esc\u00e1rnio praticado pelo Banco Central, dirigido pelo astronauta, Campos Neto, que com a &#8220;cabe\u00e7a no mundo da Lua&#8221;, deixou os juros acima de 13% nada normal.<\/p>\n<p style=\"text-align: justify;\">LULA: <span style=\"color: #993300;\"><strong><em>&#8221; N\u00e3o existe nenhuma justificativa para a SELIC(13%) se manter no atual patamar. \u00c9 uma vergonha<\/em><\/strong><\/span>&#8220;, disse o presidente.<\/p>\n<p style=\"text-align: justify;\">Outra piada, a Secretaria de Comunica\u00e7\u00e3o do Governo Federal, a famigerada SECOM, comanda pelo &#8220;supostamente&#8221; coerente Paulo Pimenta, mant\u00e9m uma pol\u00edtica de trabalho de 1920, \u00e9 isso mesmo, uma forma de trabalho atrasada, monopolista e pouco eficiente. S\u00f3 falta a SECOM chamar os racistas Assis Chateaubriand, Roquete Pinto e Monteiro Lobato para formarem o time. Desde de 2010, diversos BLOGS e PORTAIS prestam um servi\u00e7o de informa\u00e7\u00e3o e utilidade p\u00fablica eficiente e, at\u00e9 agora, o governo prioriza que o prendeu. \u00c9 no m\u00ednimo pat\u00e9tico. Onde est\u00e1 a tal: &#8220;vamos fazer diferente&#8221;?\u00a0 Est\u00e1 tudo mais do mesmo.<\/p>\n<p style=\"text-align: justify;\">\n","protected":false},"excerpt":{"rendered":"<p>O presidente Lu\u00eds In\u00e1cio Lula da Silva esteve na manh\u00e3 de hoje (06), na cidade do Rio para prestigiar a posse do Aloizio Mercadante, empossado como novo presidente do Banco Nacional de Desenvolvimento e Social, o popular BNDES. Ap\u00f3s, a fala do Aloizio Mercadante, muito emocionado, o ent\u00e3o presidente do BNDES exaltou que ter\u00e1 um [&hellip;]<\/p>\n","protected":false},"author":1,"featured_media":20971,"comment_status":"open","ping_status":"open","sticky":false,"template":"","format":"standard","meta":{"_uag_custom_page_level_css":"","footnotes":""},"categories":[33],"tags":[24902,24901,24903,24757],"class_list":["post-20968","post","type-post","status-publish","format-standard","has-post-thumbnail","hentry","category-mercado","tag-bndesinoperante","tag-energiaverde","tag-jurosbaixo","tag-servicosdeengenharia"],"blocksy_meta":[],"spectra_blocks_featured_image_url":{"thumbnail":{"url":"https:\/\/construcaocivil.siriusmarketingedesign.com.br\/wp-content\/uploads\/2023\/02\/BRASIL-2023-FPS-150x150.jpg","width":150,"height":150},"medium":{"url":"https:\/\/construcaocivil.siriusmarketingedesign.com.br\/wp-content\/uploads\/2023\/02\/BRASIL-2023-FPS-300x225.jpg","width":300,"height":225},"medium_large":{"url":"https:\/\/construcaocivil.siriusmarketingedesign.com.br\/wp-content\/uploads\/2023\/02\/BRASIL-2023-FPS-768x576.jpg","width":768,"height":576},"large":{"url":"https:\/\/construcaocivil.siriusmarketingedesign.com.br\/wp-content\/uploads\/2023\/02\/BRASIL-2023-FPS.jpg","width":1024,"height":768},"full":{"url":"https:\/\/construcaocivil.siriusmarketingedesign.com.br\/wp-content\/uploads\/2023\/02\/BRASIL-2023-FPS.jpg","width":1024,"height":768}},"spectra_blocks_author_info":{"display_name":"Jornal da Constru\u00e7\u00e3o Civil","avatar_url":"https:\/\/secure.gravatar.com\/avatar\/973c9774fd44ddaceb026973c4962faa70fc512bc4c9da68e8ebb40fecee6540?s=96&d=mm&r=g","author_link":"https:\/\/construcaocivil.siriusmarketingedesign.com.br\/?author=1","description":"Desde de 2013, levando muitas informa\u00e7\u00f5es, lan\u00e7amentos e produtos de qualidade para toda cadeia produtiva da constru\u00e7\u00e3o. O Futuro da constru\u00e7\u00e3o passa por aqui,"},"uagb_featured_image_src":{"full":["https:\/\/construcaocivil.siriusmarketingedesign.com.br\/wp-content\/uploads\/2023\/02\/BRASIL-2023-FPS.jpg",1024,768,false],"thumbnail":["https:\/\/construcaocivil.siriusmarketingedesign.com.br\/wp-content\/uploads\/2023\/02\/BRASIL-2023-FPS-150x150.jpg",150,150,true],"medium":["https:\/\/construcaocivil.siriusmarketingedesign.com.br\/wp-content\/uploads\/2023\/02\/BRASIL-2023-FPS-300x225.jpg",300,225,true],"medium_large":["https:\/\/construcaocivil.siriusmarketingedesign.com.br\/wp-content\/uploads\/2023\/02\/BRASIL-2023-FPS-768x576.jpg",768,576,true],"large":["https:\/\/construcaocivil.siriusmarketingedesign.com.br\/wp-content\/uploads\/2023\/02\/BRASIL-2023-FPS.jpg",1024,768,false],"1536x1536":["https:\/\/construcaocivil.siriusmarketingedesign.com.br\/wp-content\/uploads\/2023\/02\/BRASIL-2023-FPS.jpg",1024,768,false],"2048x2048":["https:\/\/construcaocivil.siriusmarketingedesign.com.br\/wp-content\/uploads\/2023\/02\/BRASIL-2023-FPS.jpg",1024,768,false]},"uagb_author_info":{"display_name":"Jornal da Constru\u00e7\u00e3o Civil","author_link":"https:\/\/construcaocivil.siriusmarketingedesign.com.br\/?author=1"},"uagb_comment_info":0,"uagb_excerpt":"O presidente Lu\u00eds In\u00e1cio Lula da Silva esteve na manh\u00e3 de hoje (06), na cidade do Rio para prestigiar a posse do Aloizio Mercadante, empossado como novo presidente do Banco Nacional de Desenvolvimento e Social, o popular BNDES. Ap\u00f3s, a fala do Aloizio Mercadante, muito emocionado, o ent\u00e3o presidente do BNDES exaltou que ter\u00e1 um&hellip;","_links":{"self":[{"href":"https:\/\/construcaocivil.siriusmarketingedesign.com.br\/index.php?rest_route=\/wp\/v2\/posts\/20968","targetHints":{"allow":["GET"]}}],"collection":[{"href":"https:\/\/construcaocivil.siriusmarketingedesign.com.br\/index.php?rest_route=\/wp\/v2\/posts"}],"about":[{"href":"https:\/\/construcaocivil.siriusmarketingedesign.com.br\/index.php?rest_route=\/wp\/v2\/types\/post"}],"author":[{"embeddable":true,"href":"https:\/\/construcaocivil.siriusmarketingedesign.com.br\/index.php?rest_route=\/wp\/v2\/users\/1"}],"replies":[{"embeddable":true,"href":"https:\/\/construcaocivil.siriusmarketingedesign.com.br\/index.php?rest_route=%2Fwp%2Fv2%2Fcomments&post=20968"}],"version-history":[{"count":0,"href":"https:\/\/construcaocivil.siriusmarketingedesign.com.br\/index.php?rest_route=\/wp\/v2\/posts\/20968\/revisions"}],"wp:featuredmedia":[{"embeddable":true,"href":"https:\/\/construcaocivil.siriusmarketingedesign.com.br\/index.php?rest_route=\/wp\/v2\/media\/20971"}],"wp:attachment":[{"href":"https:\/\/construcaocivil.siriusmarketingedesign.com.br\/index.php?rest_route=%2Fwp%2Fv2%2Fmedia&parent=20968"}],"wp:term":[{"taxonomy":"category","embeddable":true,"href":"https:\/\/construcaocivil.siriusmarketingedesign.com.br\/index.php?rest_route=%2Fwp%2Fv2%2Fcategories&post=20968"},{"taxonomy":"post_tag","embeddable":true,"href":"https:\/\/construcaocivil.siriusmarketingedesign.com.br\/index.php?rest_route=%2Fwp%2Fv2%2Ftags&post=20968"}],"curies":[{"name":"wp","href":"https:\/\/api.w.org\/{rel}","templated":true}]}}