{"id":21009,"date":"2023-02-08T00:34:56","date_gmt":"2023-02-08T03:34:56","guid":{"rendered":"https:\/\/www.jornaldaconstrucaocivil.com.br\/?p=21009"},"modified":"2023-02-08T00:38:42","modified_gmt":"2023-02-08T03:38:42","slug":"de-juros-altos-ao-garimpo-ilegal-faz-gilmar-mendes-acionar-o-banco-central","status":"publish","type":"post","link":"https:\/\/construcaocivil.siriusmarketingedesign.com.br\/?p=21009","title":{"rendered":"De juros altos ao garimpo ilegal, faz Gilmar Mendes intimar o Banco Central"},"content":{"rendered":"<p style=\"text-align: justify;\">O ministro do STF, Gilmar Mendes, atendendo a uma a\u00e7\u00e3o do Partido Verde, intimou o Banco Central e a Ag\u00eancia Nacional de Minera\u00e7\u00e3o a prestarem depoimento sobre a situa\u00e7\u00e3o do garimpo ilegal na Amaz\u00f4nia.<\/p>\n<p style=\"text-align: justify;\">O PV entrou com uma A\u00e7\u00e3o Direta de Inconstitucionalidade no Supremo Tribunal Federal, com pedido de medida cautelar, contra a lei federal 12.844\/2013, que reduz a responsabilidade das Distribuidoras de Valores Mobili\u00e1rios, ao possibilitar que elas comprem ouro com base no princ\u00edpio da boa-f\u00e9, com informa\u00e7\u00f5es prestadas apenas pelos vendedores.<\/p>\n<p style=\"text-align: justify;\">Gilmar Mendes decretou prazo de tr\u00eas dias para que \u00f3rg\u00e3os respondam a intima\u00e7\u00e3o e prestem informa\u00e7\u00e3o sobre a situa\u00e7\u00e3o.<\/p>\n<p style=\"text-align: justify;\">Segundo a A\u00e7\u00e3o, as DTVMs est\u00e3o autorizadas a comprar o ouro com base unicamente nas informa\u00e7\u00f5es prestadas pelos vendedores como os garimpeiros ilegais que atuam na Amaz\u00f4nia, eximindo-as de aprimorar seus mecanismos de controle e monitoramento. Ao desobrigar as DTVMs de buscar informa\u00e7\u00f5es sobre o que ocorre nos locais de extra\u00e7\u00e3o de ouro na Amaz\u00f4nia, a norma permite que todo o ouro ilegal oriundo da Amaz\u00f4nia seja escoado como se fosse legal.<\/p>\n<p style=\"text-align: justify;\">Para o PV, o garimpo ilegal viola a Constitui\u00e7\u00e3o Federal de 1988 por transgredir o direito a um meio ambiente ecologicamente equilibrado para as presentes e futuras gera\u00e7\u00f5es; o direito a sa\u00fade; ao direito dos povos ind\u00edgenas \u00e0 sua organiza\u00e7\u00e3o social, costumes, l\u00ednguas, cren\u00e7as e tradi\u00e7\u00f5es, e \u00e0s terras que tradicionalmente ocupam e a ordem econ\u00f4mica, que deve observar a defesa do meio ambiente e do consumidor.<\/p>\n<p style=\"text-align: justify;\">A ADI foi apresentada pela secret\u00e1ria de Assuntos Jur\u00eddicos do PV, Vera Motta e assinada pelo presidente nacional, Jos\u00e9 Luiz Penna.<\/p>\n","protected":false},"excerpt":{"rendered":"<p>O ministro do STF, Gilmar Mendes, atendendo a uma a\u00e7\u00e3o do Partido Verde, intimou o Banco Central e a Ag\u00eancia Nacional de Minera\u00e7\u00e3o a prestarem depoimento sobre a situa\u00e7\u00e3o do garimpo ilegal na Amaz\u00f4nia. O PV entrou com uma A\u00e7\u00e3o Direta de Inconstitucionalidade no Supremo Tribunal Federal, com pedido de medida cautelar, contra a lei [&hellip;]<\/p>\n","protected":false},"author":1,"featured_media":21010,"comment_status":"open","ping_status":"open","sticky":false,"template":"","format":"standard","meta":{"_uag_custom_page_level_css":"","footnotes":""},"categories":[37],"tags":[24922,24923,24925,24924,11414],"class_list":["post-21009","post","type-post","status-publish","format-standard","has-post-thumbnail","hentry","category-sustentabilidade","tag-bancocentraljursoaltos","tag-bccriseeconomica","tag-garimpoilegaldeouro","tag-partidoverde","tag-stf"],"blocksy_meta":[],"spectra_blocks_featured_image_url":{"thumbnail":{"url":"https:\/\/construcaocivil.siriusmarketingedesign.com.br\/wp-content\/uploads\/2023\/02\/unnamed-18-150x150.jpg","width":150,"height":150},"medium":{"url":"https:\/\/construcaocivil.siriusmarketingedesign.com.br\/wp-content\/uploads\/2023\/02\/unnamed-18-300x169.jpg","width":300,"height":169},"medium_large":{"url":"https:\/\/construcaocivil.siriusmarketingedesign.com.br\/wp-content\/uploads\/2023\/02\/unnamed-18-768x432.jpg","width":768,"height":432},"large":{"url":"https:\/\/construcaocivil.siriusmarketingedesign.com.br\/wp-content\/uploads\/2023\/02\/unnamed-18-1024x576.jpg","width":1024,"height":576},"full":{"url":"https:\/\/construcaocivil.siriusmarketingedesign.com.br\/wp-content\/uploads\/2023\/02\/unnamed-18.jpg","width":1600,"height":900}},"spectra_blocks_author_info":{"display_name":"Jornal da Constru\u00e7\u00e3o Civil","avatar_url":"https:\/\/secure.gravatar.com\/avatar\/973c9774fd44ddaceb026973c4962faa70fc512bc4c9da68e8ebb40fecee6540?s=96&d=mm&r=g","author_link":"https:\/\/construcaocivil.siriusmarketingedesign.com.br\/?author=1","description":"Desde de 2013, levando muitas informa\u00e7\u00f5es, lan\u00e7amentos e produtos de qualidade para toda cadeia produtiva da constru\u00e7\u00e3o. O Futuro da constru\u00e7\u00e3o passa por aqui,"},"uagb_featured_image_src":{"full":["https:\/\/construcaocivil.siriusmarketingedesign.com.br\/wp-content\/uploads\/2023\/02\/unnamed-18.jpg",1600,900,false],"thumbnail":["https:\/\/construcaocivil.siriusmarketingedesign.com.br\/wp-content\/uploads\/2023\/02\/unnamed-18-150x150.jpg",150,150,true],"medium":["https:\/\/construcaocivil.siriusmarketingedesign.com.br\/wp-content\/uploads\/2023\/02\/unnamed-18-300x169.jpg",300,169,true],"medium_large":["https:\/\/construcaocivil.siriusmarketingedesign.com.br\/wp-content\/uploads\/2023\/02\/unnamed-18-768x432.jpg",768,432,true],"large":["https:\/\/construcaocivil.siriusmarketingedesign.com.br\/wp-content\/uploads\/2023\/02\/unnamed-18-1024x576.jpg",1024,576,true],"1536x1536":["https:\/\/construcaocivil.siriusmarketingedesign.com.br\/wp-content\/uploads\/2023\/02\/unnamed-18-1536x864.jpg",1536,864,true],"2048x2048":["https:\/\/construcaocivil.siriusmarketingedesign.com.br\/wp-content\/uploads\/2023\/02\/unnamed-18.jpg",1600,900,false]},"uagb_author_info":{"display_name":"Jornal da Constru\u00e7\u00e3o Civil","author_link":"https:\/\/construcaocivil.siriusmarketingedesign.com.br\/?author=1"},"uagb_comment_info":0,"uagb_excerpt":"O ministro do STF, Gilmar Mendes, atendendo a uma a\u00e7\u00e3o do Partido Verde, intimou o Banco Central e a Ag\u00eancia Nacional de Minera\u00e7\u00e3o a prestarem depoimento sobre a situa\u00e7\u00e3o do garimpo ilegal na Amaz\u00f4nia. O PV entrou com uma A\u00e7\u00e3o Direta de Inconstitucionalidade no Supremo Tribunal Federal, com pedido de medida cautelar, contra a lei&hellip;","_links":{"self":[{"href":"https:\/\/construcaocivil.siriusmarketingedesign.com.br\/index.php?rest_route=\/wp\/v2\/posts\/21009","targetHints":{"allow":["GET"]}}],"collection":[{"href":"https:\/\/construcaocivil.siriusmarketingedesign.com.br\/index.php?rest_route=\/wp\/v2\/posts"}],"about":[{"href":"https:\/\/construcaocivil.siriusmarketingedesign.com.br\/index.php?rest_route=\/wp\/v2\/types\/post"}],"author":[{"embeddable":true,"href":"https:\/\/construcaocivil.siriusmarketingedesign.com.br\/index.php?rest_route=\/wp\/v2\/users\/1"}],"replies":[{"embeddable":true,"href":"https:\/\/construcaocivil.siriusmarketingedesign.com.br\/index.php?rest_route=%2Fwp%2Fv2%2Fcomments&post=21009"}],"version-history":[{"count":0,"href":"https:\/\/construcaocivil.siriusmarketingedesign.com.br\/index.php?rest_route=\/wp\/v2\/posts\/21009\/revisions"}],"wp:featuredmedia":[{"embeddable":true,"href":"https:\/\/construcaocivil.siriusmarketingedesign.com.br\/index.php?rest_route=\/wp\/v2\/media\/21010"}],"wp:attachment":[{"href":"https:\/\/construcaocivil.siriusmarketingedesign.com.br\/index.php?rest_route=%2Fwp%2Fv2%2Fmedia&parent=21009"}],"wp:term":[{"taxonomy":"category","embeddable":true,"href":"https:\/\/construcaocivil.siriusmarketingedesign.com.br\/index.php?rest_route=%2Fwp%2Fv2%2Fcategories&post=21009"},{"taxonomy":"post_tag","embeddable":true,"href":"https:\/\/construcaocivil.siriusmarketingedesign.com.br\/index.php?rest_route=%2Fwp%2Fv2%2Ftags&post=21009"}],"curies":[{"name":"wp","href":"https:\/\/api.w.org\/{rel}","templated":true}]}}