{"id":21014,"date":"2023-02-08T01:01:08","date_gmt":"2023-02-08T04:01:08","guid":{"rendered":"https:\/\/www.jornaldaconstrucaocivil.com.br\/?p=21014"},"modified":"2023-02-08T01:01:08","modified_gmt":"2023-02-08T04:01:08","slug":"petroleo-e-gas-jean-paul-prates-presidente-da-petrobras-e-o-governador-claudio-castro-se-reunem-no-rio-de-janeiro","status":"publish","type":"post","link":"https:\/\/construcaocivil.siriusmarketingedesign.com.br\/?p=21014","title":{"rendered":"Petr\u00f3leo e G\u00e1s: Jean Paul Prates, presidente da PETROBRAS e o governador Claudio Castro se re\u00fanem no Rio de Janeiro"},"content":{"rendered":"<p style=\"text-align: justify;\">O presidente da Petrobras, Jean Paul Prates, se reuniu com o governador do estado do Rio de Janeiro, Cl\u00e1udio Castro, na tarde desta ter\u00e7a-feira (07\/02), no Pal\u00e1cio Laranjeiras, na capital fluminense. No encontro, foram apresentadas propostas relacionadas a acordos e projetos entre a companhia e o governo estadual.<\/p>\n<p style=\"text-align: justify;\">&#8220;Recebemos algumas propostas que iremos analisar. Fiz quest\u00e3o de encontrar o governador Cl\u00e1udio Castro nessa fase inicial de gest\u00e3o para j\u00e1 iniciarmos esse di\u00e1logo, que considero importante tanto para a Petrobras, como para o estado do Rio de Janeiro&#8221;, afirmou Prates.<\/p>\n<p style=\"text-align: justify;\">Tamb\u00e9m participaram da reuni\u00e3o o secret\u00e1rio estadual de Fazenda do Rio de Janeiro, Leonardo Lobo, o subsecret\u00e1rio de Rela\u00e7\u00f5es Institucionais, Adilson Faria e o Procurador-Geral do Estado,\u00a0Bruno Dubeux.<\/p>\n<p style=\"text-align: justify;\">\u00a0Al\u00e9m de sua sede no Rio, a Petrobras conta no estado com outros ativos estrat\u00e9gicos como os campos de petr\u00f3leo nas bacias de Campos e Santos, a Refinaria Duque de Caxias (REDUC), o GasLub, em constru\u00e7\u00e3o, dentre outras unidades.<\/p>\n<p>Fonte: Ag\u00eancia Petrobras<\/p>\n","protected":false},"excerpt":{"rendered":"<p>O presidente da Petrobras, Jean Paul Prates, se reuniu com o governador do estado do Rio de Janeiro, Cl\u00e1udio Castro, na tarde desta ter\u00e7a-feira (07\/02), no Pal\u00e1cio Laranjeiras, na capital fluminense. No encontro, foram apresentadas propostas relacionadas a acordos e projetos entre a companhia e o governo estadual. &#8220;Recebemos algumas propostas que iremos analisar. Fiz [&hellip;]<\/p>\n","protected":false},"author":1,"featured_media":21015,"comment_status":"open","ping_status":"open","sticky":false,"template":"","format":"standard","meta":{"_uag_custom_page_level_css":"","footnotes":""},"categories":[33],"tags":[24927,24928,24806,24929,2529,24926,24320],"class_list":["post-21014","post","type-post","status-publish","format-standard","has-post-thumbnail","hentry","category-mercado","tag-claudiocastro","tag-gaslub","tag-petrobrasempregos","tag-reduc","tag-comperj","tag-oil-gas-empregos","tag-oportunidades-e-negocios"],"blocksy_meta":[],"spectra_blocks_featured_image_url":{"thumbnail":{"url":"https:\/\/construcaocivil.siriusmarketingedesign.com.br\/wp-content\/uploads\/2023\/02\/reuniao_jean_paul_prates_claudio_castro_2.jpg__1920x0_q85_crop_subsampling-2-150x150.jpg","width":150,"height":150},"medium":{"url":"https:\/\/construcaocivil.siriusmarketingedesign.com.br\/wp-content\/uploads\/2023\/02\/reuniao_jean_paul_prates_claudio_castro_2.jpg__1920x0_q85_crop_subsampling-2-300x200.jpg","width":300,"height":200},"medium_large":{"url":"https:\/\/construcaocivil.siriusmarketingedesign.com.br\/wp-content\/uploads\/2023\/02\/reuniao_jean_paul_prates_claudio_castro_2.jpg__1920x0_q85_crop_subsampling-2-768x512.jpg","width":768,"height":512},"large":{"url":"https:\/\/construcaocivil.siriusmarketingedesign.com.br\/wp-content\/uploads\/2023\/02\/reuniao_jean_paul_prates_claudio_castro_2.jpg__1920x0_q85_crop_subsampling-2-1024x683.jpg","width":1024,"height":683},"full":{"url":"https:\/\/construcaocivil.siriusmarketingedesign.com.br\/wp-content\/uploads\/2023\/02\/reuniao_jean_paul_prates_claudio_castro_2.jpg__1920x0_q85_crop_subsampling-2.jpg","width":1920,"height":1280}},"spectra_blocks_author_info":{"display_name":"Jornal da Constru\u00e7\u00e3o Civil","avatar_url":"https:\/\/secure.gravatar.com\/avatar\/973c9774fd44ddaceb026973c4962faa70fc512bc4c9da68e8ebb40fecee6540?s=96&d=mm&r=g","author_link":"https:\/\/construcaocivil.siriusmarketingedesign.com.br\/?author=1","description":"Desde de 2013, levando muitas informa\u00e7\u00f5es, lan\u00e7amentos e produtos de qualidade para toda cadeia produtiva da constru\u00e7\u00e3o. O Futuro da constru\u00e7\u00e3o passa por aqui,"},"uagb_featured_image_src":{"full":["https:\/\/construcaocivil.siriusmarketingedesign.com.br\/wp-content\/uploads\/2023\/02\/reuniao_jean_paul_prates_claudio_castro_2.jpg__1920x0_q85_crop_subsampling-2.jpg",1920,1280,false],"thumbnail":["https:\/\/construcaocivil.siriusmarketingedesign.com.br\/wp-content\/uploads\/2023\/02\/reuniao_jean_paul_prates_claudio_castro_2.jpg__1920x0_q85_crop_subsampling-2-150x150.jpg",150,150,true],"medium":["https:\/\/construcaocivil.siriusmarketingedesign.com.br\/wp-content\/uploads\/2023\/02\/reuniao_jean_paul_prates_claudio_castro_2.jpg__1920x0_q85_crop_subsampling-2-300x200.jpg",300,200,true],"medium_large":["https:\/\/construcaocivil.siriusmarketingedesign.com.br\/wp-content\/uploads\/2023\/02\/reuniao_jean_paul_prates_claudio_castro_2.jpg__1920x0_q85_crop_subsampling-2-768x512.jpg",768,512,true],"large":["https:\/\/construcaocivil.siriusmarketingedesign.com.br\/wp-content\/uploads\/2023\/02\/reuniao_jean_paul_prates_claudio_castro_2.jpg__1920x0_q85_crop_subsampling-2-1024x683.jpg",1024,683,true],"1536x1536":["https:\/\/construcaocivil.siriusmarketingedesign.com.br\/wp-content\/uploads\/2023\/02\/reuniao_jean_paul_prates_claudio_castro_2.jpg__1920x0_q85_crop_subsampling-2-1536x1024.jpg",1536,1024,true],"2048x2048":["https:\/\/construcaocivil.siriusmarketingedesign.com.br\/wp-content\/uploads\/2023\/02\/reuniao_jean_paul_prates_claudio_castro_2.jpg__1920x0_q85_crop_subsampling-2.jpg",1920,1280,false]},"uagb_author_info":{"display_name":"Jornal da Constru\u00e7\u00e3o Civil","author_link":"https:\/\/construcaocivil.siriusmarketingedesign.com.br\/?author=1"},"uagb_comment_info":0,"uagb_excerpt":"O presidente da Petrobras, Jean Paul Prates, se reuniu com o governador do estado do Rio de Janeiro, Cl\u00e1udio Castro, na tarde desta ter\u00e7a-feira (07\/02), no Pal\u00e1cio Laranjeiras, na capital fluminense. No encontro, foram apresentadas propostas relacionadas a acordos e projetos entre a companhia e o governo estadual. &#8220;Recebemos algumas propostas que iremos analisar. Fiz&hellip;","_links":{"self":[{"href":"https:\/\/construcaocivil.siriusmarketingedesign.com.br\/index.php?rest_route=\/wp\/v2\/posts\/21014","targetHints":{"allow":["GET"]}}],"collection":[{"href":"https:\/\/construcaocivil.siriusmarketingedesign.com.br\/index.php?rest_route=\/wp\/v2\/posts"}],"about":[{"href":"https:\/\/construcaocivil.siriusmarketingedesign.com.br\/index.php?rest_route=\/wp\/v2\/types\/post"}],"author":[{"embeddable":true,"href":"https:\/\/construcaocivil.siriusmarketingedesign.com.br\/index.php?rest_route=\/wp\/v2\/users\/1"}],"replies":[{"embeddable":true,"href":"https:\/\/construcaocivil.siriusmarketingedesign.com.br\/index.php?rest_route=%2Fwp%2Fv2%2Fcomments&post=21014"}],"version-history":[{"count":0,"href":"https:\/\/construcaocivil.siriusmarketingedesign.com.br\/index.php?rest_route=\/wp\/v2\/posts\/21014\/revisions"}],"wp:featuredmedia":[{"embeddable":true,"href":"https:\/\/construcaocivil.siriusmarketingedesign.com.br\/index.php?rest_route=\/wp\/v2\/media\/21015"}],"wp:attachment":[{"href":"https:\/\/construcaocivil.siriusmarketingedesign.com.br\/index.php?rest_route=%2Fwp%2Fv2%2Fmedia&parent=21014"}],"wp:term":[{"taxonomy":"category","embeddable":true,"href":"https:\/\/construcaocivil.siriusmarketingedesign.com.br\/index.php?rest_route=%2Fwp%2Fv2%2Fcategories&post=21014"},{"taxonomy":"post_tag","embeddable":true,"href":"https:\/\/construcaocivil.siriusmarketingedesign.com.br\/index.php?rest_route=%2Fwp%2Fv2%2Ftags&post=21014"}],"curies":[{"name":"wp","href":"https:\/\/api.w.org\/{rel}","templated":true}]}}