{"id":2102,"date":"2016-06-14T17:41:07","date_gmt":"2016-06-14T17:41:07","guid":{"rendered":"http:\/\/www.jornaldaconstrucaocivil.com.br\/?p=2102"},"modified":"2016-06-14T17:41:07","modified_gmt":"2016-06-14T17:41:07","slug":"confira-calendario-de-julho-e-agosto-para-curso-de-refrigeracao-aplicada-da-danfoss","status":"publish","type":"post","link":"https:\/\/construcaocivil.siriusmarketingedesign.com.br\/?p=2102","title":{"rendered":"Confira calend\u00e1rio de julho e agosto para curso de refrigera\u00e7\u00e3o aplicada da Danfoss"},"content":{"rendered":"<p><strong><span style=\"color: #000000;\">Gratuita, iniciativa acontece na Danfoss, em Osasco, e no SENAI Vila Cana\u00e3, em Goi\u00e2nia<\/span><\/strong><\/p>\n<p><span style=\"color: #000000;\">L\u00edder global no fornecimento de tecnologias que atendem \u00e0 crescente demanda da cadeia produtiva de alimentos, efici\u00eancia energ\u00e9tica, solu\u00e7\u00f5es favor\u00e1veis ao clima e infraestrutura moderna, a Danfoss divulga as datas de julho e agosto das pr\u00f3ximas turmas do curso de Refrigera\u00e7\u00e3o Aplicada, realizado no pr\u00f3prio laborat\u00f3rio da empresa.<\/span><\/p>\n<p><span style=\"color: #000000;\">O laborat\u00f3rio da Danfoss em Osasco (SP) receber\u00e1 o curso de 18 a 22 de julho e de 22 a 26 de agosto, das 8h \u00e0s 17h. O SENAI Vila Cana\u00e3 (GO) sedia o curso de 22 a 26 de agosto, tamb\u00e9m das 8h \u00e0s 17h. Com dura\u00e7\u00e3o de 40 horas, o curso tem o objetivo de promover conhecimento te\u00f3rico e pr\u00e1tico sobre a \u00e1rea de refrigera\u00e7\u00e3o aplicada, formando, reciclando e certificando profissionais.<\/span><\/p>\n<p><span style=\"color: #000000;\">Os alunos recebem da Danfoss todo o material para participar do curso, como apostilas, jalecos, r\u00e9guas de press\u00e3o e temperatura, cat\u00e1logos, canetas e bloco de anota\u00e7\u00e3o. Ao final da iniciativa, os participantes recebem diploma fornecido pela empresa e estar\u00e3o habilitados para prestar melhores servi\u00e7os de instala\u00e7\u00e3o e sele\u00e7\u00e3o de componentes a instala\u00e7\u00f5es de refrigera\u00e7\u00e3o.<\/span><\/p>\n<p><span style=\"color: #000000;\">O curso \u00e9 gratuito e os interessados devem se inscrever pelo e-mail <span style=\"color: #0000ff;\">treinamentora@danfoss.com<\/span>.<\/span><\/p>\n<p><strong><span style=\"color: #000000;\">Servi\u00e7o<\/span><\/strong><\/p>\n<p><span style=\"color: #000000;\">Curso de Refrigera\u00e7\u00e3o Aplicada<\/span><\/p>\n<p><span style=\"color: #000000;\">Danfoss \u2013 SP<\/span><\/p>\n<p><span style=\"color: #000000;\">Rua Am\u00e9rico Vesp\u00facio, 85 &#8211; Osasco<\/span><\/p>\n<p><span style=\"color: #000000;\">De 18 a 22 de julho e de 22 a 26 de agosto, das 8h \u00e0s 17h<\/span><\/p>\n<p><strong><span style=\"color: #000000;\">Senai Vila Cana\u00e3 \u2013 GO<\/span><\/strong><\/p>\n<p><span style=\"color: #000000;\">Rua Professor L\u00e1zaro Costa, 348, Vila Cana\u00e3 \u2013 Goi\u00e2nia<\/span><\/p>\n<p><span style=\"color: #000000;\">De 22 a 26 de agosto, das 8h \u00e0s 17h<\/span><\/p>\n<p><span style=\"color: #000000;\">Informa\u00e7\u00f5es e inscri\u00e7\u00f5es:<span style=\"color: #0000ff;\"> treinamentora@danfoss.com<\/span>.\u00a0<\/span><\/p>\n<p><i><span style=\"color: #000000;\">Saiba mais sobre n\u00f3s em<\/span> <span style=\"color: #0000ff;\"><i><a style=\"color: #0000ff;\" href=\"http:\/\/www.danfoss.com.br\/\" target=\"_blank\">www.danfoss.com.br<\/a>.<\/i>\u00a0<\/span><\/i><\/p>\n","protected":false},"excerpt":{"rendered":"<p>Gratuita, iniciativa acontece na Danfoss, em Osasco, e no SENAI Vila Cana\u00e3, em Goi\u00e2nia L\u00edder global no fornecimento de tecnologias que atendem \u00e0 crescente demanda da cadeia produtiva de alimentos, efici\u00eancia energ\u00e9tica, solu\u00e7\u00f5es favor\u00e1veis ao clima e infraestrutura moderna, a Danfoss divulga as datas de julho e agosto das pr\u00f3ximas turmas do curso de Refrigera\u00e7\u00e3o [&hellip;]<\/p>\n","protected":false},"author":1,"featured_media":0,"comment_status":"open","ping_status":"open","sticky":false,"template":"","format":"quote","meta":{"_uag_custom_page_level_css":"","footnotes":""},"categories":[27],"tags":[3283,3291,3350,3965,5177,5515,8533,10668,10874],"class_list":["post-2102","post","type-post","status-publish","format-quote","hentry","category-acontece","tag-curso-de-refrigeracao","tag-curso-gratuito","tag-danfoss","tag-educacao","tag-formacao-profissional","tag-goias","tag-osascosp","tag-sao-paulo","tag-senai-goiania","post_format-post-format-quote"],"blocksy_meta":[],"spectra_blocks_featured_image_url":null,"spectra_blocks_author_info":{"display_name":"Jornal da Constru\u00e7\u00e3o Civil","avatar_url":"https:\/\/secure.gravatar.com\/avatar\/973c9774fd44ddaceb026973c4962faa70fc512bc4c9da68e8ebb40fecee6540?s=96&d=mm&r=g","author_link":"https:\/\/construcaocivil.siriusmarketingedesign.com.br\/?author=1","description":"Desde de 2013, levando muitas informa\u00e7\u00f5es, lan\u00e7amentos e produtos de qualidade para toda cadeia produtiva da constru\u00e7\u00e3o. O Futuro da constru\u00e7\u00e3o passa por aqui,"},"uagb_featured_image_src":{"full":false,"thumbnail":false,"medium":false,"medium_large":false,"large":false,"1536x1536":false,"2048x2048":false},"uagb_author_info":{"display_name":"Jornal da Constru\u00e7\u00e3o Civil","author_link":"https:\/\/construcaocivil.siriusmarketingedesign.com.br\/?author=1"},"uagb_comment_info":0,"uagb_excerpt":"Gratuita, iniciativa acontece na Danfoss, em Osasco, e no SENAI Vila Cana\u00e3, em Goi\u00e2nia L\u00edder global no fornecimento de tecnologias que atendem \u00e0 crescente demanda da cadeia produtiva de alimentos, efici\u00eancia energ\u00e9tica, solu\u00e7\u00f5es favor\u00e1veis ao clima e infraestrutura moderna, a Danfoss divulga as datas de julho e agosto das pr\u00f3ximas turmas do curso de Refrigera\u00e7\u00e3o&hellip;","_links":{"self":[{"href":"https:\/\/construcaocivil.siriusmarketingedesign.com.br\/index.php?rest_route=\/wp\/v2\/posts\/2102","targetHints":{"allow":["GET"]}}],"collection":[{"href":"https:\/\/construcaocivil.siriusmarketingedesign.com.br\/index.php?rest_route=\/wp\/v2\/posts"}],"about":[{"href":"https:\/\/construcaocivil.siriusmarketingedesign.com.br\/index.php?rest_route=\/wp\/v2\/types\/post"}],"author":[{"embeddable":true,"href":"https:\/\/construcaocivil.siriusmarketingedesign.com.br\/index.php?rest_route=\/wp\/v2\/users\/1"}],"replies":[{"embeddable":true,"href":"https:\/\/construcaocivil.siriusmarketingedesign.com.br\/index.php?rest_route=%2Fwp%2Fv2%2Fcomments&post=2102"}],"version-history":[{"count":0,"href":"https:\/\/construcaocivil.siriusmarketingedesign.com.br\/index.php?rest_route=\/wp\/v2\/posts\/2102\/revisions"}],"wp:attachment":[{"href":"https:\/\/construcaocivil.siriusmarketingedesign.com.br\/index.php?rest_route=%2Fwp%2Fv2%2Fmedia&parent=2102"}],"wp:term":[{"taxonomy":"category","embeddable":true,"href":"https:\/\/construcaocivil.siriusmarketingedesign.com.br\/index.php?rest_route=%2Fwp%2Fv2%2Fcategories&post=2102"},{"taxonomy":"post_tag","embeddable":true,"href":"https:\/\/construcaocivil.siriusmarketingedesign.com.br\/index.php?rest_route=%2Fwp%2Fv2%2Ftags&post=2102"}],"curies":[{"name":"wp","href":"https:\/\/api.w.org\/{rel}","templated":true}]}}