{"id":21020,"date":"2023-02-08T20:30:49","date_gmt":"2023-02-08T23:30:49","guid":{"rendered":"https:\/\/www.jornaldaconstrucaocivil.com.br\/?p=21020"},"modified":"2023-02-08T20:30:49","modified_gmt":"2023-02-08T23:30:49","slug":"mme-instala-placas-solares-na-terra-indigena-yanomami","status":"publish","type":"post","link":"https:\/\/construcaocivil.siriusmarketingedesign.com.br\/?p=21020","title":{"rendered":"MME instala placas solares na Terra Ind\u00edgena Yanomami"},"content":{"rendered":"<p>O Minist\u00e9rio de Minas e Energia (MME) deu in\u00edcio, neste final de semana, \u00e0 etapa final de instala\u00e7\u00e3o de placas solares com bateria para refor\u00e7ar o fornecimento de energia el\u00e9trica na Terra Ind\u00edgena Yanomami, em Roraima. No \u00faltimo s\u00e1bado (04\/02), os equipamentos foram instalados nos polos ind\u00edgenas de Walo Pali e Palimiu. As placas para os polos de Serra da Estrutura, Auaris, Surucucu e Xexena ser\u00e3o instaladas nesta semana, ap\u00f3s a conclus\u00e3o do transporte.<\/p>\n<figure id=\"attachment_21023\" aria-describedby=\"caption-attachment-21023\" style=\"width: 300px\" class=\"wp-caption alignleft\"><img loading=\"lazy\" decoding=\"async\" class=\"size-medium wp-image-21023\" src=\"https:\/\/www.jornaldaconstrucaocivil.com.br\/wp-content\/uploads\/2023\/02\/1c4c108e-35db-490a-aa29-b38d68d4195b-300x126.png\" alt=\"\" width=\"300\" height=\"126\" srcset=\"https:\/\/construcaocivil.siriusmarketingedesign.com.br\/wp-content\/uploads\/2023\/02\/1c4c108e-35db-490a-aa29-b38d68d4195b-300x126.png 300w, https:\/\/construcaocivil.siriusmarketingedesign.com.br\/wp-content\/uploads\/2023\/02\/1c4c108e-35db-490a-aa29-b38d68d4195b.png 768w\" sizes=\"auto, (max-width: 300px) 100vw, 300px\" \/><figcaption id=\"caption-attachment-21023\" class=\"wp-caption-text\">Energia Solar em Terra Ind\u00edgena Yanomami<br \/>. Divulga\u00e7\u00e3o<\/figcaption><\/figure>\n<p>\u201cTrata-se de um refor\u00e7o de extrema relev\u00e2ncia para melhorar as condi\u00e7\u00f5es de fornecimento de energia el\u00e9trica ao povo Yanomami, que vive situa\u00e7\u00e3o de calamidade e que precisa de uma solu\u00e7\u00e3o emergencial\u201d, declarou o ministro de Minas e Energia, Alexandre Silveira.<\/p>\n<p>As a\u00e7\u00f5es, segundo o ministro, seguem diretriz estabelecida pelo presidente Lu\u00eds In\u00e1cio Lula da Silva, ap\u00f3s tomar conhecimento da trag\u00e9dia humanit\u00e1ria que se abate sobre o povo ind\u00edgena Yanomami. A solicita\u00e7\u00e3o de apoio foi feita pelo Minist\u00e9rio da Sa\u00fade e pela Funda\u00e7\u00e3o Nacional dos Povos Ind\u00edgenas (Funai). As instala\u00e7\u00f5es est\u00e3o sendo operacionalizadas dentro do Programa Mais Luz para a Amaz\u00f4nia por meio da Eletrobras e da distribuidora Roraima Energia.<\/p>\n<p>O sistema de gera\u00e7\u00e3o de energia solar \u00e9 o equipamento ideal para atender localidades isoladas. O equipamento inclui baterias, que garantem o fornecimento de energia el\u00e9trica diretamente \u00e0 unidade consumidora, sem necessidade de conex\u00e3o \u00e0 rede el\u00e9trica.<\/p>\n<p>Fonte: MME<\/p>\n","protected":false},"excerpt":{"rendered":"<p>O Minist\u00e9rio de Minas e Energia (MME) deu in\u00edcio, neste final de semana, \u00e0 etapa final de instala\u00e7\u00e3o de placas solares com bateria para refor\u00e7ar o fornecimento de energia el\u00e9trica na Terra Ind\u00edgena Yanomami, em Roraima. No \u00faltimo s\u00e1bado (04\/02), os equipamentos foram instalados nos polos ind\u00edgenas de Walo Pali e Palimiu. As placas para [&hellip;]<\/p>\n","protected":false},"author":1,"featured_media":21024,"comment_status":"open","ping_status":"open","sticky":false,"template":"","format":"standard","meta":{"_uag_custom_page_level_css":"","footnotes":""},"categories":[29],"tags":[24935,24936,24934,7767,9183,10501],"class_list":["post-21020","post","type-post","status-publish","format-standard","has-post-thumbnail","hentry","category-energia","tag-energiasolarfotovoltaica","tag-luzparatodos","tag-terr-indigenasyanomami","tag-mme","tag-povos-indigenas","tag-roraima"],"blocksy_meta":[],"spectra_blocks_featured_image_url":{"thumbnail":{"url":"https:\/\/construcaocivil.siriusmarketingedesign.com.br\/wp-content\/uploads\/2023\/02\/yanomami-150x150.png","width":150,"height":150},"medium":{"url":"https:\/\/construcaocivil.siriusmarketingedesign.com.br\/wp-content\/uploads\/2023\/02\/yanomami-300x126.png","width":300,"height":126},"medium_large":{"url":"https:\/\/construcaocivil.siriusmarketingedesign.com.br\/wp-content\/uploads\/2023\/02\/yanomami-768x323.png","width":768,"height":323},"large":{"url":"https:\/\/construcaocivil.siriusmarketingedesign.com.br\/wp-content\/uploads\/2023\/02\/yanomami-1024x431.png","width":1024,"height":431},"full":{"url":"https:\/\/construcaocivil.siriusmarketingedesign.com.br\/wp-content\/uploads\/2023\/02\/yanomami.png","width":1902,"height":800}},"spectra_blocks_author_info":{"display_name":"Jornal da Constru\u00e7\u00e3o Civil","avatar_url":"https:\/\/secure.gravatar.com\/avatar\/973c9774fd44ddaceb026973c4962faa70fc512bc4c9da68e8ebb40fecee6540?s=96&d=mm&r=g","author_link":"https:\/\/construcaocivil.siriusmarketingedesign.com.br\/?author=1","description":"Desde de 2013, levando muitas informa\u00e7\u00f5es, lan\u00e7amentos e produtos de qualidade para toda cadeia produtiva da constru\u00e7\u00e3o. O Futuro da constru\u00e7\u00e3o passa por aqui,"},"uagb_featured_image_src":{"full":["https:\/\/construcaocivil.siriusmarketingedesign.com.br\/wp-content\/uploads\/2023\/02\/yanomami.png",1902,800,false],"thumbnail":["https:\/\/construcaocivil.siriusmarketingedesign.com.br\/wp-content\/uploads\/2023\/02\/yanomami-150x150.png",150,150,true],"medium":["https:\/\/construcaocivil.siriusmarketingedesign.com.br\/wp-content\/uploads\/2023\/02\/yanomami-300x126.png",300,126,true],"medium_large":["https:\/\/construcaocivil.siriusmarketingedesign.com.br\/wp-content\/uploads\/2023\/02\/yanomami-768x323.png",768,323,true],"large":["https:\/\/construcaocivil.siriusmarketingedesign.com.br\/wp-content\/uploads\/2023\/02\/yanomami-1024x431.png",1024,431,true],"1536x1536":["https:\/\/construcaocivil.siriusmarketingedesign.com.br\/wp-content\/uploads\/2023\/02\/yanomami-1536x646.png",1536,646,true],"2048x2048":["https:\/\/construcaocivil.siriusmarketingedesign.com.br\/wp-content\/uploads\/2023\/02\/yanomami.png",1902,800,false]},"uagb_author_info":{"display_name":"Jornal da Constru\u00e7\u00e3o Civil","author_link":"https:\/\/construcaocivil.siriusmarketingedesign.com.br\/?author=1"},"uagb_comment_info":0,"uagb_excerpt":"O Minist\u00e9rio de Minas e Energia (MME) deu in\u00edcio, neste final de semana, \u00e0 etapa final de instala\u00e7\u00e3o de placas solares com bateria para refor\u00e7ar o fornecimento de energia el\u00e9trica na Terra Ind\u00edgena Yanomami, em Roraima. No \u00faltimo s\u00e1bado (04\/02), os equipamentos foram instalados nos polos ind\u00edgenas de Walo Pali e Palimiu. As placas para&hellip;","_links":{"self":[{"href":"https:\/\/construcaocivil.siriusmarketingedesign.com.br\/index.php?rest_route=\/wp\/v2\/posts\/21020","targetHints":{"allow":["GET"]}}],"collection":[{"href":"https:\/\/construcaocivil.siriusmarketingedesign.com.br\/index.php?rest_route=\/wp\/v2\/posts"}],"about":[{"href":"https:\/\/construcaocivil.siriusmarketingedesign.com.br\/index.php?rest_route=\/wp\/v2\/types\/post"}],"author":[{"embeddable":true,"href":"https:\/\/construcaocivil.siriusmarketingedesign.com.br\/index.php?rest_route=\/wp\/v2\/users\/1"}],"replies":[{"embeddable":true,"href":"https:\/\/construcaocivil.siriusmarketingedesign.com.br\/index.php?rest_route=%2Fwp%2Fv2%2Fcomments&post=21020"}],"version-history":[{"count":0,"href":"https:\/\/construcaocivil.siriusmarketingedesign.com.br\/index.php?rest_route=\/wp\/v2\/posts\/21020\/revisions"}],"wp:featuredmedia":[{"embeddable":true,"href":"https:\/\/construcaocivil.siriusmarketingedesign.com.br\/index.php?rest_route=\/wp\/v2\/media\/21024"}],"wp:attachment":[{"href":"https:\/\/construcaocivil.siriusmarketingedesign.com.br\/index.php?rest_route=%2Fwp%2Fv2%2Fmedia&parent=21020"}],"wp:term":[{"taxonomy":"category","embeddable":true,"href":"https:\/\/construcaocivil.siriusmarketingedesign.com.br\/index.php?rest_route=%2Fwp%2Fv2%2Fcategories&post=21020"},{"taxonomy":"post_tag","embeddable":true,"href":"https:\/\/construcaocivil.siriusmarketingedesign.com.br\/index.php?rest_route=%2Fwp%2Fv2%2Ftags&post=21020"}],"curies":[{"name":"wp","href":"https:\/\/api.w.org\/{rel}","templated":true}]}}