{"id":21040,"date":"2023-02-10T11:59:01","date_gmt":"2023-02-10T14:59:01","guid":{"rendered":"https:\/\/www.jornaldaconstrucaocivil.com.br\/?p=21040"},"modified":"2023-02-10T11:59:01","modified_gmt":"2023-02-10T14:59:01","slug":"indice-abramat-confirma-queda-no-faturamento-em-2022-e-previsao-de-leve-crescimento-para-este-ano","status":"publish","type":"post","link":"https:\/\/construcaocivil.siriusmarketingedesign.com.br\/?p=21040","title":{"rendered":"\u00cdndice ABRAMAT confirma queda no faturamento em 2022 e previs\u00e3o de leve crescimento para este ano"},"content":{"rendered":"<div>\n<p style=\"text-align: justify;\"><strong>S\u00e3o Paulo, 10 de fevereiro de 2022 \u2013\u00a0<\/strong>A ABRAMAT (Associa\u00e7\u00e3o Brasileira da Ind\u00fastria de Materiais de Constru\u00e7\u00e3o) divulga nessa sexta-feira, 10, a nova edi\u00e7\u00e3o da sua pesquisa \u00cdndice, elaborada pela FGV com dados do IBGE, apresentando os dados de faturamento do setor. O estudo indica que em janeiro de 2023 o faturamento deflacionado das ind\u00fastrias de materiais em compara\u00e7\u00e3o com o mesmo m\u00eas de 2022 foi 3,9% menor no per\u00edodo. J\u00e1 em compara\u00e7\u00e3o com dezembro de 2022 houve aumento de 1,4%.<\/p>\n<p style=\"text-align: justify;\">A nova edi\u00e7\u00e3o da pesquisa tamb\u00e9m aponta os dados consolidados de dezembro de 2022. No per\u00edodo, a ind\u00fastria de materiais de constru\u00e7\u00e3o teve faturamento 7,0% menor que o observado em dezembro de 2021. O resultado revisado de 2022 indica queda de 6,9% em compara\u00e7\u00e3o com 2021.<\/p>\n<p style=\"text-align: justify;\">Para 2023, a previs\u00e3o da ABRAMAT \u00e9 de crescimento de 2,0% no faturamento total deflacionado dos materiais de constru\u00e7\u00e3o em rela\u00e7\u00e3o a 2022.\u00a0<em>\u201cAcreditamos que o faturamento em 2023 deve apresentar recupera\u00e7\u00e3o, e buscaremos sustentabilidade nesse crescimento. Seguimos confiantes no setor, inclusive em rela\u00e7\u00e3o ao ciclo de obras do setor imobili\u00e1rio, retomada das obras de infraestrutura e o refor\u00e7o anunciado do programa Minha Casa Minha Vida<\/em>\u201d, comenta Rodrigo Navarro, presidente da ABRAMAT.<\/p>\n<p style=\"text-align: justify;\"><img loading=\"lazy\" decoding=\"async\" class=\"aligncenter\" src=\"https:\/\/files.pressmanager.net\/clientes\/15f32fe476838233e59e4f7028ec5f34\/imagens\/2023\/02\/09\/a0658b0e9b1c19e2c92d440353339172_medium.jpg\" width=\"300\" height=\"234\" \/><\/p>\n<p>Fonte: ABRAMAT<\/p>\n<\/div>\n<div style=\"text-align: justify;\"><\/div>\n","protected":false},"excerpt":{"rendered":"<p>S\u00e3o Paulo, 10 de fevereiro de 2022 \u2013\u00a0A ABRAMAT (Associa\u00e7\u00e3o Brasileira da Ind\u00fastria de Materiais de Constru\u00e7\u00e3o) divulga nessa sexta-feira, 10, a nova edi\u00e7\u00e3o da sua pesquisa \u00cdndice, elaborada pela FGV com dados do IBGE, apresentando os dados de faturamento do setor. O estudo indica que em janeiro de 2023 o faturamento deflacionado das ind\u00fastrias [&hellip;]<\/p>\n","protected":false},"author":1,"featured_media":21042,"comment_status":"open","ping_status":"open","sticky":false,"template":"","format":"standard","meta":{"_uag_custom_page_level_css":"","footnotes":""},"categories":[12591],"tags":[24947,24949,24835,24948,24945,24946,340],"class_list":["post-21040","post","type-post","status-publish","format-standard","has-post-thumbnail","hentry","category-produtos","tag-creditoejurosbaixo","tag-economiafraca","tag-feicon2023","tag-fornecedoresdematerialconstrucao","tag-jurosaltosnao","tag-varejodematerialdeconstrucao","tag-abramat"],"blocksy_meta":[],"spectra_blocks_featured_image_url":{"thumbnail":{"url":"https:\/\/construcaocivil.siriusmarketingedesign.com.br\/wp-content\/uploads\/2023\/02\/IMG_20220503_165046_3-150x150.jpg","width":150,"height":150},"medium":{"url":"https:\/\/construcaocivil.siriusmarketingedesign.com.br\/wp-content\/uploads\/2023\/02\/IMG_20220503_165046_3-300x216.jpg","width":300,"height":216},"medium_large":{"url":"https:\/\/construcaocivil.siriusmarketingedesign.com.br\/wp-content\/uploads\/2023\/02\/IMG_20220503_165046_3-768x554.jpg","width":768,"height":554},"large":{"url":"https:\/\/construcaocivil.siriusmarketingedesign.com.br\/wp-content\/uploads\/2023\/02\/IMG_20220503_165046_3-1024x739.jpg","width":1024,"height":739},"full":{"url":"https:\/\/construcaocivil.siriusmarketingedesign.com.br\/wp-content\/uploads\/2023\/02\/IMG_20220503_165046_3-scaled.jpg","width":2560,"height":1847}},"spectra_blocks_author_info":{"display_name":"Jornal da Constru\u00e7\u00e3o Civil","avatar_url":"https:\/\/secure.gravatar.com\/avatar\/973c9774fd44ddaceb026973c4962faa70fc512bc4c9da68e8ebb40fecee6540?s=96&d=mm&r=g","author_link":"https:\/\/construcaocivil.siriusmarketingedesign.com.br\/?author=1","description":"Desde de 2013, levando muitas informa\u00e7\u00f5es, lan\u00e7amentos e produtos de qualidade para toda cadeia produtiva da constru\u00e7\u00e3o. O Futuro da constru\u00e7\u00e3o passa por aqui,"},"uagb_featured_image_src":{"full":["https:\/\/construcaocivil.siriusmarketingedesign.com.br\/wp-content\/uploads\/2023\/02\/IMG_20220503_165046_3-scaled.jpg",2560,1847,false],"thumbnail":["https:\/\/construcaocivil.siriusmarketingedesign.com.br\/wp-content\/uploads\/2023\/02\/IMG_20220503_165046_3-150x150.jpg",150,150,true],"medium":["https:\/\/construcaocivil.siriusmarketingedesign.com.br\/wp-content\/uploads\/2023\/02\/IMG_20220503_165046_3-300x216.jpg",300,216,true],"medium_large":["https:\/\/construcaocivil.siriusmarketingedesign.com.br\/wp-content\/uploads\/2023\/02\/IMG_20220503_165046_3-768x554.jpg",768,554,true],"large":["https:\/\/construcaocivil.siriusmarketingedesign.com.br\/wp-content\/uploads\/2023\/02\/IMG_20220503_165046_3-1024x739.jpg",1024,739,true],"1536x1536":["https:\/\/construcaocivil.siriusmarketingedesign.com.br\/wp-content\/uploads\/2023\/02\/IMG_20220503_165046_3-1536x1108.jpg",1536,1108,true],"2048x2048":["https:\/\/construcaocivil.siriusmarketingedesign.com.br\/wp-content\/uploads\/2023\/02\/IMG_20220503_165046_3-2048x1478.jpg",2048,1478,true]},"uagb_author_info":{"display_name":"Jornal da Constru\u00e7\u00e3o Civil","author_link":"https:\/\/construcaocivil.siriusmarketingedesign.com.br\/?author=1"},"uagb_comment_info":0,"uagb_excerpt":"S\u00e3o Paulo, 10 de fevereiro de 2022 \u2013\u00a0A ABRAMAT (Associa\u00e7\u00e3o Brasileira da Ind\u00fastria de Materiais de Constru\u00e7\u00e3o) divulga nessa sexta-feira, 10, a nova edi\u00e7\u00e3o da sua pesquisa \u00cdndice, elaborada pela FGV com dados do IBGE, apresentando os dados de faturamento do setor. O estudo indica que em janeiro de 2023 o faturamento deflacionado das ind\u00fastrias&hellip;","_links":{"self":[{"href":"https:\/\/construcaocivil.siriusmarketingedesign.com.br\/index.php?rest_route=\/wp\/v2\/posts\/21040","targetHints":{"allow":["GET"]}}],"collection":[{"href":"https:\/\/construcaocivil.siriusmarketingedesign.com.br\/index.php?rest_route=\/wp\/v2\/posts"}],"about":[{"href":"https:\/\/construcaocivil.siriusmarketingedesign.com.br\/index.php?rest_route=\/wp\/v2\/types\/post"}],"author":[{"embeddable":true,"href":"https:\/\/construcaocivil.siriusmarketingedesign.com.br\/index.php?rest_route=\/wp\/v2\/users\/1"}],"replies":[{"embeddable":true,"href":"https:\/\/construcaocivil.siriusmarketingedesign.com.br\/index.php?rest_route=%2Fwp%2Fv2%2Fcomments&post=21040"}],"version-history":[{"count":0,"href":"https:\/\/construcaocivil.siriusmarketingedesign.com.br\/index.php?rest_route=\/wp\/v2\/posts\/21040\/revisions"}],"wp:featuredmedia":[{"embeddable":true,"href":"https:\/\/construcaocivil.siriusmarketingedesign.com.br\/index.php?rest_route=\/wp\/v2\/media\/21042"}],"wp:attachment":[{"href":"https:\/\/construcaocivil.siriusmarketingedesign.com.br\/index.php?rest_route=%2Fwp%2Fv2%2Fmedia&parent=21040"}],"wp:term":[{"taxonomy":"category","embeddable":true,"href":"https:\/\/construcaocivil.siriusmarketingedesign.com.br\/index.php?rest_route=%2Fwp%2Fv2%2Fcategories&post=21040"},{"taxonomy":"post_tag","embeddable":true,"href":"https:\/\/construcaocivil.siriusmarketingedesign.com.br\/index.php?rest_route=%2Fwp%2Fv2%2Ftags&post=21040"}],"curies":[{"name":"wp","href":"https:\/\/api.w.org\/{rel}","templated":true}]}}