{"id":21057,"date":"2023-02-12T12:04:46","date_gmt":"2023-02-12T15:04:46","guid":{"rendered":"https:\/\/www.jornaldaconstrucaocivil.com.br\/?p=21057"},"modified":"2023-02-12T12:04:46","modified_gmt":"2023-02-12T15:04:46","slug":"literatura-secretario-da-juventude-do-rio-participa-de-projeto-de-contacao-de-historias","status":"publish","type":"post","link":"https:\/\/construcaocivil.siriusmarketingedesign.com.br\/?p=21057","title":{"rendered":"Literatura: Secret\u00e1rio da Juventude do Rio participa de projeto de conta\u00e7\u00e3o de hist\u00f3rias"},"content":{"rendered":"<p style=\"text-align: justify;\">O <em><strong><span style=\"color: #0000ff;\">\u201cFala Juventude\u201d<\/span> <\/strong><\/em>\u00e9 um projeto de empregabilidade que acontece nas comunidades cariocas, onde o Secret\u00e1rio da Juventude, Salvino Oliveira, faz quest\u00e3o de todas as semanas dar aula de contra\u00e7\u00e3o de hist\u00f3rias. O projeto\u00a0\u00e9 um dos bra\u00e7os do \u201cEmpregaJuv\u201d, e \u00e9 composto por cinco oficinas, uma a cada dia da semana, com o objetivo de capacitar o jovem para entrar no mercado de trabalho. E, nesse s\u00e1bado (11\/02), aconteceu na Comunidade C\u00e9sar Maia, no Recreio dos Bandeirantes.<\/p>\n<p style=\"text-align: justify;\">Dentro desse projeto, h\u00e1 aulas de fotografia, opera\u00e7\u00e3o de drone, formaliza\u00e7\u00e3o de neg\u00f3cios, comunica\u00e7\u00e3o comunit\u00e1ria e conta\u00e7\u00e3o de hist\u00f3rias, sendo essa \u00faltima apresentada pelo Secret\u00e1rio.<\/p>\n<p style=\"text-align: justify;\">\u00a0\u201cEu como ex-professor de pr\u00e9-vestibular comunit\u00e1rio e por gostar tanto de construir narrativas, decidi dar essa aula para os jovens das comunidades. Gosto de ter contato com eles, porque, afinal, s\u00e3o o nosso futuro\u201d, conta Salvino.<\/p>\n<p style=\"text-align: justify;\">Al\u00e9m de tudo, os jovens que participam do projeto tamb\u00e9m recebem uma bolsa no valor de R$ 234,25 pela participa\u00e7\u00e3o durante a semana.<\/p>\n<p style=\"text-align: justify;\">&#8220;Como morador da Cidade de Deus, entendo o quanto iniciativas como essa fazem, e muito, a diferen\u00e7a para os jovens de periferia&#8221;, explica o Secret\u00e1rio.<\/p>\n<p style=\"text-align: justify;\">\n","protected":false},"excerpt":{"rendered":"<p>O \u201cFala Juventude\u201d \u00e9 um projeto de empregabilidade que acontece nas comunidades cariocas, onde o Secret\u00e1rio da Juventude, Salvino Oliveira, faz quest\u00e3o de todas as semanas dar aula de contra\u00e7\u00e3o de hist\u00f3rias. O projeto\u00a0\u00e9 um dos bra\u00e7os do \u201cEmpregaJuv\u201d, e \u00e9 composto por cinco oficinas, uma a cada dia da semana, com o objetivo de [&hellip;]<\/p>\n","protected":false},"author":1,"featured_media":21058,"comment_status":"open","ping_status":"open","sticky":false,"template":"","format":"standard","meta":{"_uag_custom_page_level_css":"","footnotes":""},"categories":[27],"tags":[24960,24958,24959,24957,24909,24961],"class_list":["post-21057","post","type-post","status-publish","format-standard","has-post-thumbnail","hentry","category-acontece","tag-empregoseducacao","tag-falajuventude","tag-juventudenegra","tag-literaturanascounidades","tag-riodejaneiro","tag-zonaoeste-rj"],"blocksy_meta":[],"spectra_blocks_featured_image_url":{"thumbnail":{"url":"https:\/\/construcaocivil.siriusmarketingedesign.com.br\/wp-content\/uploads\/2023\/02\/unnamed-19-150x150.jpg","width":150,"height":150},"medium":{"url":"https:\/\/construcaocivil.siriusmarketingedesign.com.br\/wp-content\/uploads\/2023\/02\/unnamed-19-300x225.jpg","width":300,"height":225},"medium_large":{"url":"https:\/\/construcaocivil.siriusmarketingedesign.com.br\/wp-content\/uploads\/2023\/02\/unnamed-19-768x576.jpg","width":768,"height":576},"large":{"url":"https:\/\/construcaocivil.siriusmarketingedesign.com.br\/wp-content\/uploads\/2023\/02\/unnamed-19.jpg","width":1024,"height":768},"full":{"url":"https:\/\/construcaocivil.siriusmarketingedesign.com.br\/wp-content\/uploads\/2023\/02\/unnamed-19.jpg","width":1024,"height":768}},"spectra_blocks_author_info":{"display_name":"Jornal da Constru\u00e7\u00e3o Civil","avatar_url":"https:\/\/secure.gravatar.com\/avatar\/973c9774fd44ddaceb026973c4962faa70fc512bc4c9da68e8ebb40fecee6540?s=96&d=mm&r=g","author_link":"https:\/\/construcaocivil.siriusmarketingedesign.com.br\/?author=1","description":"Desde de 2013, levando muitas informa\u00e7\u00f5es, lan\u00e7amentos e produtos de qualidade para toda cadeia produtiva da constru\u00e7\u00e3o. O Futuro da constru\u00e7\u00e3o passa por aqui,"},"uagb_featured_image_src":{"full":["https:\/\/construcaocivil.siriusmarketingedesign.com.br\/wp-content\/uploads\/2023\/02\/unnamed-19.jpg",1024,768,false],"thumbnail":["https:\/\/construcaocivil.siriusmarketingedesign.com.br\/wp-content\/uploads\/2023\/02\/unnamed-19-150x150.jpg",150,150,true],"medium":["https:\/\/construcaocivil.siriusmarketingedesign.com.br\/wp-content\/uploads\/2023\/02\/unnamed-19-300x225.jpg",300,225,true],"medium_large":["https:\/\/construcaocivil.siriusmarketingedesign.com.br\/wp-content\/uploads\/2023\/02\/unnamed-19-768x576.jpg",768,576,true],"large":["https:\/\/construcaocivil.siriusmarketingedesign.com.br\/wp-content\/uploads\/2023\/02\/unnamed-19.jpg",1024,768,false],"1536x1536":["https:\/\/construcaocivil.siriusmarketingedesign.com.br\/wp-content\/uploads\/2023\/02\/unnamed-19.jpg",1024,768,false],"2048x2048":["https:\/\/construcaocivil.siriusmarketingedesign.com.br\/wp-content\/uploads\/2023\/02\/unnamed-19.jpg",1024,768,false]},"uagb_author_info":{"display_name":"Jornal da Constru\u00e7\u00e3o Civil","author_link":"https:\/\/construcaocivil.siriusmarketingedesign.com.br\/?author=1"},"uagb_comment_info":0,"uagb_excerpt":"O \u201cFala Juventude\u201d \u00e9 um projeto de empregabilidade que acontece nas comunidades cariocas, onde o Secret\u00e1rio da Juventude, Salvino Oliveira, faz quest\u00e3o de todas as semanas dar aula de contra\u00e7\u00e3o de hist\u00f3rias. O projeto\u00a0\u00e9 um dos bra\u00e7os do \u201cEmpregaJuv\u201d, e \u00e9 composto por cinco oficinas, uma a cada dia da semana, com o objetivo de&hellip;","_links":{"self":[{"href":"https:\/\/construcaocivil.siriusmarketingedesign.com.br\/index.php?rest_route=\/wp\/v2\/posts\/21057","targetHints":{"allow":["GET"]}}],"collection":[{"href":"https:\/\/construcaocivil.siriusmarketingedesign.com.br\/index.php?rest_route=\/wp\/v2\/posts"}],"about":[{"href":"https:\/\/construcaocivil.siriusmarketingedesign.com.br\/index.php?rest_route=\/wp\/v2\/types\/post"}],"author":[{"embeddable":true,"href":"https:\/\/construcaocivil.siriusmarketingedesign.com.br\/index.php?rest_route=\/wp\/v2\/users\/1"}],"replies":[{"embeddable":true,"href":"https:\/\/construcaocivil.siriusmarketingedesign.com.br\/index.php?rest_route=%2Fwp%2Fv2%2Fcomments&post=21057"}],"version-history":[{"count":0,"href":"https:\/\/construcaocivil.siriusmarketingedesign.com.br\/index.php?rest_route=\/wp\/v2\/posts\/21057\/revisions"}],"wp:featuredmedia":[{"embeddable":true,"href":"https:\/\/construcaocivil.siriusmarketingedesign.com.br\/index.php?rest_route=\/wp\/v2\/media\/21058"}],"wp:attachment":[{"href":"https:\/\/construcaocivil.siriusmarketingedesign.com.br\/index.php?rest_route=%2Fwp%2Fv2%2Fmedia&parent=21057"}],"wp:term":[{"taxonomy":"category","embeddable":true,"href":"https:\/\/construcaocivil.siriusmarketingedesign.com.br\/index.php?rest_route=%2Fwp%2Fv2%2Fcategories&post=21057"},{"taxonomy":"post_tag","embeddable":true,"href":"https:\/\/construcaocivil.siriusmarketingedesign.com.br\/index.php?rest_route=%2Fwp%2Fv2%2Ftags&post=21057"}],"curies":[{"name":"wp","href":"https:\/\/api.w.org\/{rel}","templated":true}]}}