{"id":2106,"date":"2016-06-14T18:45:36","date_gmt":"2016-06-14T18:45:36","guid":{"rendered":"http:\/\/www.jornaldaconstrucaocivil.com.br\/?p=2106"},"modified":"2016-06-14T18:45:36","modified_gmt":"2016-06-14T18:45:36","slug":"vulkan-aposta-em-inovacao-tecnologica-para-fortalecer-mercadologicamente-sua-marca-na-america-latina","status":"publish","type":"post","link":"https:\/\/construcaocivil.siriusmarketingedesign.com.br\/?p=2106","title":{"rendered":"Vulkan aposta em inova\u00e7\u00e3o tecnol\u00f3gica para fortalecer mercadologicamente sua marca na Am\u00e9rica Latina"},"content":{"rendered":"<p><span style=\"color: #800080;\">Por Pablo Marlon\u00a0<\/span><\/p>\n<p><strong><span style=\"color: #000000;\">Instalada em um modern\u00edssimo parque industrial, na cidade de Itatiba, em S\u00e3o Paulo, a Vulkan, empresa multinacional alem\u00e3, com experi\u00eancia de 125 anos de funda\u00e7\u00e3o e 40 anos de Brasil, mostrou for\u00e7a e expertise para enfrentar desafios dentro do mercado que atua e driblar o momento delicado que o Brasil atravessa participando da FEIRA MEC\u00c2NICA 2016, com tr\u00eas novos produtos.<\/span><\/strong><\/p>\n<p><strong><span style=\"color: #000000;\">Para nos contar um pouco dessa gigante da mec\u00e2nica mundial, o Jornal da Constru\u00e7\u00e3o Civil, conversou com a diretora de Marketing da companhia,\u00a0Elis\u00e2ngela\u00a0Melo que falou dos projetos em andamento\u00a0e das v\u00e1rias \u00e1reas de atua\u00e7\u00e3o da empresa.<\/span><\/strong><\/p>\n<figure id=\"attachment_2107\" aria-describedby=\"caption-attachment-2107\" style=\"width: 300px\" class=\"wp-caption alignleft\"><a href=\"http:\/\/www.jornaldaconstrucaocivil.com.br\/wp-content\/uploads\/2016\/06\/Elis-Diretora-de-Marketing-Vulkan.jpg\"><img loading=\"lazy\" decoding=\"async\" class=\"wp-image-2107 size-medium\" src=\"http:\/\/www.jornaldaconstrucaocivil.com.br\/wp-content\/uploads\/2016\/06\/Elis-Diretora-de-Marketing-Vulkan-300x277.jpg\" alt=\"Elis - Diretora de Marketing Vulkan\" width=\"300\" height=\"277\" \/><\/a><figcaption id=\"caption-attachment-2107\" class=\"wp-caption-text\"><span style=\"color: #ff0000;\">Elis\u00e2ngela Melo, diretora de Marketing da Vulkan.<\/span><\/figcaption><\/figure>\n<p><span style=\"color: #0000ff;\"><strong>JCC<\/strong> \u2013 Conte um pouco da hist\u00f3ria da Vulkan no Brasil?<\/span><\/p>\n<p><span style=\"color: #000000;\"><strong>Elis\u00e2ngela Melo<\/strong> \u2013 O Grupo VULKAN existe h\u00e1 125 anos. A matriz est\u00e1 localizada em Herne, Alemanha.\u00a0 No Brasil j\u00e1 estamos presentes h\u00e1 40 anos, mas a empresa tamb\u00e9m tem presen\u00e7a global em mais de 50 pa\u00edses, com 5 f\u00e1bricas internacionais, 20 subsidi\u00e1rias e demais escrit\u00f3rios de representa\u00e7\u00e3o.\u00a0 A empresa possui 3 divis\u00f5es de neg\u00f3cios: a VULKAN Couplings especializada em componentes para propuls\u00e3o naval e gera\u00e7\u00e3o de energia estacion\u00e1ria, \u00e9 o neg\u00f3cio original da empresa, a VULKAN Drive Tech que nasceu no Brasil e hoje j\u00e1 fornece para todas as demais unidades do grupo componentes como acoplamentos para motores el\u00e9tricos, freios industriais, contra recuos e outros, que s\u00e3o aplicados em diversos setores como minera\u00e7\u00e3o, siderurgia, petr\u00f3leo e g\u00e1s, energias renov\u00e1veis, papel e celulose, sucroalcooleiro e outros e a VULKAN Lokring, que possui um patenteado sistema de conex\u00e3o de tubos que substitui o servi\u00e7o de solda, aplicado em tubula\u00e7\u00f5es de refrigera\u00e7\u00e3o e ar condicionado.<\/span><\/p>\n<p><span style=\"color: #0000ff;\"><strong>JCC<\/strong> \u2013 Apesar da crise, todas as grandes empresas multinacionais que est\u00e3o no Brasil, t\u00eam investindo fortemente em suas estrat\u00e9gias comerciais, com novas plantas, readequando o setor de log\u00edstica e o quadro de profissionais. Como a Vulkan est\u00e1 trabalhando nesse momento?<\/span><\/p>\n<p><span style=\"color: #000000;\"><strong>Elis\u00e2ngela Melo<\/strong> \u2013 A VULKAN se antecipou um pouco e j\u00e1 readequou seu quadro de profissionais no ano passado e vem investindo fortemente na estrat\u00e9gia de aumento das exporta\u00e7\u00f5es para a Am\u00e9rica Latina, para isso j\u00e1 deu grandes passos como a abertura no in\u00edcio do ano de 2 novas filiais, uma na Col\u00f4mbia e outra no M\u00e9xico.<\/span><\/p>\n<p><span style=\"color: #0000ff;\"><strong>JCC<\/strong> \u2013 Ao longo desse tempo a empresa j\u00e1 tinha passado por momentos como esse, na economia brasileira?<\/span><\/p>\n<p><span style=\"color: #000000;\"><strong>Elis\u00e2ngela Melo<\/strong> \u2013 Sim, a empresa j\u00e1 passou por situa\u00e7\u00e3o semelhante e inclusive foi em uma dessas crises, quando houve o desaquecimento do setor naval h\u00e1 mais de 30 anos atr\u00e1s, que a empresa se reinventou e passou a desenvolver produtos para setores industriais e n\u00e3o mais somente para o setor naval, para assim manter sua estrutura no Brasil.<\/span><\/p>\n<p><span style=\"color: #0000ff;\"><strong>JCC<\/strong> \u2013 Participar da Feira MEC\u00c2NICA 2016 refor\u00e7a o potencial de mercadol\u00f3gico da empresa no Brasil e de toda Am\u00e9rica Latina?<\/span><\/p>\n<p><span style=\"color: #000000;\"><strong>Elis\u00e2ngela Melo<\/strong> \u2013 Sim, a Feira da MEC\u00c2NICA \u00e9 a mais tradicional feira do setor e mostramos nessa oportunidade que mesmo em meio a crise a VULKAN n\u00e3o deixou de investir em Inova\u00e7\u00e3o e Desenvolvimento,\u00a0 produtos esses que atender\u00e3o tanto o mercado nacional quanto a Am\u00e9rica Latina e outros pa\u00edses do mundo.\u00a0 Atualmente nossas inova\u00e7\u00f5es s\u00e3o desenvolvidas sempre com o cuidado de atender as exig\u00eancias, padr\u00f5es e certificados internacionais.<\/span><\/p>\n<p><span style=\"color: #0000ff;\"><strong>JCC<\/strong> \u2013 A empresa apresentou tr\u00eas novos produtos na Mec\u00e2nica 2016, o que mercado pode esperar desses novos lan\u00e7amentos da Vulkan? Esses produtos atendem todos os mercados aonde a empresa atua?<\/span><\/p>\n<p><span style=\"color: #000000;\"><strong>Elis\u00e2ngela Melo<\/strong> \u2013 Um desses produtos \u00e9 a Unidade Hidr\u00e1ulica Compacta, atende justamente um requisito que todos no mercado nacional v\u00eam buscando devido a crise que estamos enfrentando, que \u00e9 a diminui\u00e7\u00e3o de custos, desenvolvemos um produto muito mais econ\u00f4mico e que segue atendendo todos os requisitos t\u00e9cnicos necess\u00e1rios. Os lan\u00e7amentos apresentados atendem diversos mercados onde a empresa atua, mas n\u00e3o todos.\u00a0 Podemos citar entre os que est\u00e3o contemplados com essas novidades os setores de movimenta\u00e7\u00e3o de carga como portos, minera\u00e7\u00e3o, siderurgia e petr\u00f3leo e g\u00e1s. \u00a0<\/span><\/p>\n<p><span style=\"color: #0000ff;\"><strong>JCC<\/strong> \u2013 Hoje o setor industrial se fala muito em efici\u00eancia. Podemos dizer que esses novos produtos da Vulkan, atendem essa efici\u00eancia que o mercado pede: de qualidade, <strong>\u201cbaixo\u201d<\/strong> custo e integra\u00e7\u00e3o com o cliente?<\/span><\/p>\n<p><span style=\"color: #000000;\"><strong>Elis\u00e2ngela Melo<\/strong> \u2013 Sim, no quesito qualidade e integra\u00e7\u00e3o com o cliente todos atendem perfeitamente.\u00a0 No quesito baixo custo tivemos ganhos principalmente em 2 deles, a Unidade Hidr\u00e1ulica Compacta e o Acoplamento de L\u00e2minas Discflex.<\/span><\/p>\n<p><span style=\"color: #0000ff;\"><strong>JCC<\/strong> \u2013 A Vulkan tem atuado em outros setores no pa\u00eds? Energia E\u00f3lica? Tem algum projeto em andamento nesse setor?<\/span><\/p>\n<p><span style=\"color: #000000;\"><strong>Elis\u00e2ngela Melo<\/strong> \u2013 Temos atuado sim no setor de Energia E\u00f3lica, por\u00e9m, os projetos ainda est\u00e3o lentos, os \u00faltimos leil\u00f5es n\u00e3o contemplaram muitos projetos de e\u00f3lica, mas j\u00e1 fornecemos recentemente e continuamos na concorr\u00eancia para alguns novos projetos.\u00a0 Fornecemos para esse setor principalmente Freios Rotor e de Giro para as turbinas.<\/span><\/p>\n<p><span style=\"color: #0000ff;\"><strong>JCC<\/strong> \u2013 Deixe uma mensagem da Vulkan?<\/span><\/p>\n<p><span style=\"color: #000000;\"><strong>Elis\u00e2ngela Melo<\/strong> \u2013 Inova\u00e7\u00e3o e estrat\u00e9gias para aumento das exporta\u00e7\u00f5es \u00e9 a nossa contribui\u00e7\u00e3o como receita de como driblar essa crise econ\u00f4mica e pol\u00edtica pela qual estamos passando.<\/span><\/p>\n<p>Mais detalhes sobre a empresa acesse:<strong><span style=\"color: #0000ff;\">\u00a0http:\/\/www.vulkan.com\/<\/span><\/strong><\/p>\n","protected":false},"excerpt":{"rendered":"<p>Por Pablo Marlon\u00a0 Instalada em um modern\u00edssimo parque industrial, na cidade de Itatiba, em S\u00e3o Paulo, a Vulkan, empresa multinacional alem\u00e3, com experi\u00eancia de 125 anos de funda\u00e7\u00e3o e 40 anos de Brasil, mostrou for\u00e7a e expertise para enfrentar desafios dentro do mercado que atua e driblar o momento delicado que o Brasil atravessa participando [&hellip;]<\/p>\n","protected":false},"author":1,"featured_media":2107,"comment_status":"open","ping_status":"open","sticky":false,"template":"","format":"standard","meta":{"_uag_custom_page_level_css":"","footnotes":""},"categories":[27],"tags":[681,1535,2428,4082,4288,4941,5243,7214,7635,7680,7902,9153,10668,12484],"class_list":["post-2106","post","type-post","status-publish","format-standard","has-post-thumbnail","hentry","category-acontece","tag-america-latina","tag-brasil","tag-colombia","tag-elisangela-melo-diretora-de-marketing","tag-energia","tag-feira-mecanica-2016","tag-freios","tag-maquinas-e-equpamentos","tag-mexico","tag-mineracao","tag-motores","tag-portos","tag-sao-paulo","tag-vulkan"],"blocksy_meta":[],"spectra_blocks_featured_image_url":[],"spectra_blocks_author_info":{"display_name":"Jornal da Constru\u00e7\u00e3o Civil","avatar_url":"https:\/\/secure.gravatar.com\/avatar\/973c9774fd44ddaceb026973c4962faa70fc512bc4c9da68e8ebb40fecee6540?s=96&d=mm&r=g","author_link":"https:\/\/construcaocivil.siriusmarketingedesign.com.br\/?author=1","description":"Desde de 2013, levando muitas informa\u00e7\u00f5es, lan\u00e7amentos e produtos de qualidade para toda cadeia produtiva da constru\u00e7\u00e3o. O Futuro da constru\u00e7\u00e3o passa por aqui,"},"uagb_featured_image_src":{"full":false,"thumbnail":false,"medium":false,"medium_large":false,"large":false,"1536x1536":false,"2048x2048":false},"uagb_author_info":{"display_name":"Jornal da Constru\u00e7\u00e3o Civil","author_link":"https:\/\/construcaocivil.siriusmarketingedesign.com.br\/?author=1"},"uagb_comment_info":0,"uagb_excerpt":"Por Pablo Marlon\u00a0 Instalada em um modern\u00edssimo parque industrial, na cidade de Itatiba, em S\u00e3o Paulo, a Vulkan, empresa multinacional alem\u00e3, com experi\u00eancia de 125 anos de funda\u00e7\u00e3o e 40 anos de Brasil, mostrou for\u00e7a e expertise para enfrentar desafios dentro do mercado que atua e driblar o momento delicado que o Brasil atravessa participando&hellip;","_links":{"self":[{"href":"https:\/\/construcaocivil.siriusmarketingedesign.com.br\/index.php?rest_route=\/wp\/v2\/posts\/2106","targetHints":{"allow":["GET"]}}],"collection":[{"href":"https:\/\/construcaocivil.siriusmarketingedesign.com.br\/index.php?rest_route=\/wp\/v2\/posts"}],"about":[{"href":"https:\/\/construcaocivil.siriusmarketingedesign.com.br\/index.php?rest_route=\/wp\/v2\/types\/post"}],"author":[{"embeddable":true,"href":"https:\/\/construcaocivil.siriusmarketingedesign.com.br\/index.php?rest_route=\/wp\/v2\/users\/1"}],"replies":[{"embeddable":true,"href":"https:\/\/construcaocivil.siriusmarketingedesign.com.br\/index.php?rest_route=%2Fwp%2Fv2%2Fcomments&post=2106"}],"version-history":[{"count":0,"href":"https:\/\/construcaocivil.siriusmarketingedesign.com.br\/index.php?rest_route=\/wp\/v2\/posts\/2106\/revisions"}],"wp:attachment":[{"href":"https:\/\/construcaocivil.siriusmarketingedesign.com.br\/index.php?rest_route=%2Fwp%2Fv2%2Fmedia&parent=2106"}],"wp:term":[{"taxonomy":"category","embeddable":true,"href":"https:\/\/construcaocivil.siriusmarketingedesign.com.br\/index.php?rest_route=%2Fwp%2Fv2%2Fcategories&post=2106"},{"taxonomy":"post_tag","embeddable":true,"href":"https:\/\/construcaocivil.siriusmarketingedesign.com.br\/index.php?rest_route=%2Fwp%2Fv2%2Ftags&post=2106"}],"curies":[{"name":"wp","href":"https:\/\/api.w.org\/{rel}","templated":true}]}}