{"id":2114,"date":"2016-06-14T22:55:25","date_gmt":"2016-06-14T22:55:25","guid":{"rendered":"http:\/\/www.jornaldaconstrucaocivil.com.br\/?p=2114"},"modified":"2016-06-14T22:55:25","modified_gmt":"2016-06-14T22:55:25","slug":"inspira-mov-brasil-estreia-na-tv-cultura-com-depoimentos-inspiradores","status":"publish","type":"post","link":"https:\/\/construcaocivil.siriusmarketingedesign.com.br\/?p=2114","title":{"rendered":"Inspira.mov Brasil estreia na TV Cultura com depoimentos inspiradores"},"content":{"rendered":"<p><strong>S\u00e9rie de 13 epis\u00f3dios vai ao ar a partir de 15 de junho. No capitulo de estreia, fil\u00f3sofa Viviane Mos\u00e9 falar\u00e1 sobre suas inspira\u00e7\u00f5es.<\/strong><\/p>\n<p>S\u00e3o Paulo, junho de 2016 \u2013 <span style=\"color: #0000ff;\">O que te inspira?<\/span> De onde vem a inspira\u00e7\u00e3o que d\u00e1 origem a uma nova forma de trabalho, a um produto ou servi\u00e7o inovador, a uma mudan\u00e7a no estilo de vida? Ideias e comportamentos inspiradores s\u00e3o a mat\u00e9ria-prima da s\u00e9rie in\u00e9dita<span style=\"color: #0000ff;\"> Inspira.mov Brasil,<\/span> que estreia em 15 de junho na TV Cultura.<\/p>\n<p>Produzida pela GRIFA FILMES e com patroc\u00ednio da 3M do Brasil, a s\u00e9rie de 13 programas ir\u00e1 ao ar sempre \u00e0s quartas-feiras \u00e0 meia-noite, ap\u00f3s o programa Cultura Livre. Com meia hora de dura\u00e7\u00e3o, o Inspira.mov Brasil re\u00fane depoimentos de personalidades de diferentes \u00e1reas e seu programa inaugural ser\u00e1 com a fil\u00f3sofa Viviane Mos\u00e9.<\/p>\n<figure id=\"attachment_2115\" aria-describedby=\"caption-attachment-2115\" style=\"width: 300px\" class=\"wp-caption alignleft\"><a href=\"http:\/\/www.jornaldaconstrucaocivil.com.br\/wp-content\/uploads\/2016\/06\/TV-CULTURA.jpg\"><img loading=\"lazy\" decoding=\"async\" class=\"wp-image-2115 size-medium\" src=\"http:\/\/www.jornaldaconstrucaocivil.com.br\/wp-content\/uploads\/2016\/06\/TV-CULTURA-300x199.jpg\" alt=\"TV CULTURA\" width=\"300\" height=\"199\" \/><\/a><figcaption id=\"caption-attachment-2115\" class=\"wp-caption-text\"><span style=\"color: #ff0000;\">Viviane Mos\u00e9 a primeira convidada do Inspira.mov Brasil, que ter\u00e1 a presen\u00e7a de nomes como Facundo Guerra, Mauro Beting e Eduardo Lyra <span style=\"color: #0000ff;\">(Foto: Eliara Andrade\/GRIFA FILMES).<\/span><\/span><\/figcaption><\/figure>\n<p>Com dire\u00e7\u00e3o e roteiro assinados por Mara Mour\u00e3o (respons\u00e1vel tamb\u00e9m pelo document\u00e1rio \u201cQuem Se Importa?\u201d), a s\u00e9rie Inspira.mov Brasil foi gravada no teatro Franco Zampari, da TV Cultura, em S\u00e3o Paulo. Os depoimentos \u2013 intercalados com imagens dos convidados nos locais onde desenvolvem suas atividades de cria\u00e7\u00e3o \u2013 apresentam pensamentos inovadores fundamentais que norteiam as trajet\u00f3rias pessoal e profissional dos convidados. Al\u00e9m de Viviane Mos\u00e9, fazem parte da lista de participantes os empreendedores sociais Eduardo Lyra e Rodrigo Baggio, os jornalistas Paulo Lima e Mauro Beting, o radialista Edgard Piccoli (que tamb\u00e9m foi VJ da MTV Brasil), a cantora Negra Li, o m\u00fasico Ant\u00f4nio N\u00f3brega, empres\u00e1rio da noite Facundo Guerra, os artistas pl\u00e1sticos Elifas Andreato e Eduardo Srur, a sommeli\u00e8re de cervejas Cilene Saorin e a especialista em economia criativa Lala Deheinzelin.<\/p>\n<p><em>\u201cA s\u00e9rie Inspira.mov Brasil \u00e9 uma continua\u00e7\u00e3o natural do trabalho que venho desenvolvendo no sentido de usar a TV e o cinema como fonte de inspira\u00e7\u00e3o para a transforma\u00e7\u00e3o social\u201d<\/em>, afirma a diretora Mara Mour\u00e3o. Para o head de Marketing Corporativo da 3M do Brasil, Luiz Eduardo Serafim, o principal objetivo do Inspira.Mov \u00e9 disseminar conte\u00fados que estimulem a inova\u00e7\u00e3o por meio de hist\u00f3rias inspiradoras de talentos criativos em diversas \u00e1reas. \u201cMergulhamos no projeto porque sempre queremos inspirar as pessoas a transformar seu mundo, com olhar criativo, vontade de aprender e experimentar, afinal s\u00e3o estes valores que fazem a 3M uma das empresas mais inovadoras\u201d, afirma.<\/p>\n<p><span style=\"color: #003366;\">Ficha T\u00e9cnica &#8211; Inspira.mov Brasil<\/span><br \/>\n<span style=\"color: #003366;\">Produ\u00e7\u00e3o: GRIFA FILMES- 2016<\/span><br \/>\n<span style=\"color: #003366;\">Dire\u00e7\u00e3o e roteiro: Mara Mour\u00e3o<\/span><br \/>\n<span style=\"color: #003366;\">Produ\u00e7\u00e3o Executiva: Fernando Dias e Maur\u00edcio Dias<\/span><br \/>\n<span style=\"color: #003366;\">Dire\u00e7\u00e3o de Produ\u00e7\u00e3o: Tatiana Battaglia<\/span><br \/>\n<span style=\"color: #003366;\">Idealiza\u00e7\u00e3o: Luiz Eduardo Serafim<\/span><br \/>\n<span style=\"color: #003366;\">Gerenciamento de patroc\u00ednio: Fernando Signori<\/span><br \/>\n<span style=\"color: #003366;\">Coordena\u00e7\u00e3o de produ\u00e7\u00e3o: Isabel Oliva<\/span><br \/>\n<span style=\"color: #003366;\">Dire\u00e7\u00e3o de fotografia e montagem: Filipe Moraes<\/span><br \/>\n<span style=\"color: #003366;\">Finaliza\u00e7\u00e3o de som: Inputsom- Arte Sonora<\/span><br \/>\n<span style=\"color: #003366;\">Cen\u00e1rio e artes gr\u00e1ficas: Audiovisualismo<\/span><br \/>\n<span style=\"color: #003366;\">Produtor de arte: Luis Fernando Oliveira<\/span><br \/>\n<span style=\"color: #003366;\">Produtores: Kenya Zanatta e Leonardo Branco<\/span><\/p>\n<p><strong>Programas<\/strong><br \/>\n<span style=\"color: #800000;\">15 de junho \u2013 Viviane Mos\u00e9<\/span><br \/>\nRadicada no Rio de Janeiro, a fil\u00f3sofa capixaba Viviane Mos\u00e9 relembra sua origem simples em Vit\u00f3ria e a inf\u00e2ncia alegre que passou. \u201cNasci no sub\u00farbio e nunca me achei pobre. Eu me achava rica e achava a vida linda\u201d. Para ela, sua personalidade forte explica muitas de suas decis\u00f5es e sua trajet\u00f3ria. \u201cEu n\u00e3o sonho. Eu lido com as coisas na minha frente com muito \u00e2nimo e disposi\u00e7\u00e3o\u201d, reconhece. Viviane conta que atualmente est\u00e1 envolvida em pesquisas de gest\u00e3o. Diz que est\u00e1 colaborando no desenvolvimento de ferramentas, como aplicativos para internet, para ajudar a efetivar a participa\u00e7\u00e3o popular na busca de melhorias da administra\u00e7\u00e3o dos servi\u00e7os p\u00fablicos e tamb\u00e9m privados. <em>\u201cMudar o Brasil d\u00e1 mais trabalho do que levantar um cartaz\u201d<\/em>, afirma sobre as manifesta\u00e7\u00f5es populares a partir de 2013.<\/p>\n<p><span style=\"color: #800000;\">22 de junho \u2013 Eduardo Lyra<\/span><br \/>\nEmpreendedor social, jornalista, autor do livro Jovens Falc\u00f5es, um dos roteiristas do filme Na Quebrada e fundador do Instituto Gerando Falc\u00f5es. Foi escolhido pela Revista Forbes, um dos 30 jovens mais influentes do Brasil com menos de 30 anos.<\/p>\n<p><span style=\"color: #800000;\">29 de junho \u2013 Antonio N\u00f3brega<\/span><br \/>\nM\u00fasico, dan\u00e7arino, ator e produtor cultural pernambucano. Antonio N\u00f3brega come\u00e7ou sua carreira na d\u00e9cada de 60 e, em 1971, foi convidado por Ariano Suassuna para integrar o Quinteto Armorial. No programa, conta como nasceu seu interesse por todo tipo de manifesta\u00e7\u00e3o popular do Nordeste, e como sua pesquisa sobre o tema inspira seu trabalho \u00e0 frente do Instituto Brincante.<\/p>\n<p><span style=\"color: #800000;\">6 de julho \u2013 Paulo Lima<\/span><br \/>\nH\u00e1 mais de 30 anos, o jornalista Paulo Lima fundou a revista Trip, uma f\u00f3rmula inovadora no mercado editorial brasileiro. Hoje ele comanda a Trip Editora, onde sua equipe produz tamb\u00e9m publica\u00e7\u00f5es customizadas, programas de r\u00e1dio e reportagens em v\u00eddeo. No programa, Paulo conta as experi\u00eancias de vida que mais o inspiraram \u2013 como o surfe e as viagens pelo mundo \u2013 para criar a identidade que caracteriza at\u00e9 hoje seus projetos.<\/p>\n<p><span style=\"color: #800000;\">13 de julho \u2013 Negra Li<\/span><br \/>\nCantora, compositora, rapper e atriz. Tornou-se conhecida a partir da d\u00e9cada de 90 com o grupo RZO (ou Rapaziada da Zona Oeste). Desde ent\u00e3o, aventurou-se por outros g\u00eaneros musicais, encarnou Maria Madalena no musical Jesus Cristo Superstar e estrelou no cinema e na TV. Neste programa, ela conta quais foram as influ\u00eancias que moldaram sua vida pessoal e sua carreira, e que at\u00e9 hoje a inspiram.<\/p>\n<p><span style=\"color: #800000;\">20 de julho \u2013 Elifas Andreato<\/span><br \/>\nArtista pl\u00e1stico com mais de 40 anos de carreira, ele \u00e9 especialmente reconhecido como ilustrador de in\u00fameras capas de discos nos anos 70. Elifas Andreato relembra sua origem humilde, a experi\u00eancia como oper\u00e1rio e a descoberta do desenho e da pintura, decisiva para o rumo que daria \u00e0 sua vida.<\/p>\n<p><span style=\"color: #800000;\">27 de julho \u2013 Rodrigo Baggio<\/span><br \/>\nEmpreendedor social. Est\u00e1 \u00e0 frente do Comit\u00ea de Democratiza\u00e7\u00e3o da Inform\u00e1tica, ONG cuja miss\u00e3o \u00e9 transformar vidas e fortalecer comunidades de baixa renda por meio da utiliza\u00e7\u00e3o de tecnologias da informa\u00e7\u00e3o e da comunica\u00e7\u00e3o.<\/p>\n<p>3 de agosto \u2013 <span style=\"color: #800000;\">Lala Deheinzelin<\/span><br \/>\nEspecialista em economia criativa, idealizadora do movimento Crie Futuros, atriz e core\u00f3grafa. Foi uma das fundadoras do N\u00facleo de Estudos do Futuro da PUC, parte do Millenium Project das Na\u00e7\u00f5es Unidas.<\/p>\n<p><span style=\"color: #800000;\">10 de agosto \u2013 Facundo Guerra<\/span><br \/>\nEmpres\u00e1rio da noite, nascido na Argentina, trabalhou por alguns anos como executivo no mundo corporativo e cursou doutorado em ci\u00eancia pol\u00edtica. Com o fim da bolha da Internet, perdeu o emprego e foi obrigado a se reinventar. Atualmente, em S\u00e3o Paulo, comanda, com sucesso, alguns bares, restaurantes e clubes de m\u00fasica. Cada local se diferencia pela aten\u00e7\u00e3o aos aspectos culturais e sociais, revitalizando pontos significativos do centro da cidade.<\/p>\n<p><span style=\"color: #800000;\">17 de agosto \u2013 Eduardo Srur<\/span><br \/>\nArtista pl\u00e1stico que se destaca por interven\u00e7\u00f5es urbanas que utilizam o espa\u00e7o p\u00fablico para chamar a aten\u00e7\u00e3o para quest\u00f5es ambientais e o cotidiano nas metr\u00f3poles. Com o bom humor que permeia suas obras, Eduardo Srur indica neste programa as fontes de inspira\u00e7\u00e3o para sua arte.<\/p>\n<p><span style=\"color: #800000;\">24 de agosto \u2013 Cilene Saorin<\/span><br \/>\nUma das poucas mulheres no mundo sommeli\u00e8re de cervejas, com gradua\u00e7\u00e3o na Espanha e na Alemanha, Cilene abriu caminho em profiss\u00f5es tradicionalmente consideradas masculinas. Integra o time da Associa\u00e7\u00e3o Brasileira dos Profissionais em Cerveja e Malte desde 1999. Al\u00e9m de consultorias, tamb\u00e9m ministra cursos dentro e fora do pa\u00eds. Neste programa, ela explica o que a levou a se apaixonar pela cultura da cerveja, e porque a bebida deveria ser t\u00e3o valorizada quanto o vinho.<\/p>\n<p><span style=\"color: #800000;\">31 de agosto \u2013 Mauro Beting<\/span><br \/>\nJornalista que atua em m\u00eddia impressa, internet, r\u00e1dio e televis\u00e3o. Escreveu 15 livros e dirigiu tr\u00eas document\u00e1rios para cinema e TV. Foi curador do Museu da CBF e um dos curadores do Museu Pel\u00e9. A paix\u00e3o pelo futebol e pelo jornalismo esportivo \u00e9 o tema principal de sua participa\u00e7\u00e3o.<\/p>\n<p><span style=\"color: #800000;\">7 de setembro \u2013 Edgard Piccoli<\/span><br \/>\nRadialista e m\u00fasico formado em Publicidade e Propaganda, Edgard ficou conhecido do grande p\u00fablico como vj da MTV. Em seus programas Garagem do Edgard (MTV) e Circo do Edgard (Multishow), ele entrevistava e tocava com grandes nomes da m\u00fasica brasileira. Atualmente, ele apresenta o Morning Show na r\u00e1dio Jovem Pan e produz o programa de m\u00fasica e entrevistas Sala de Som. Nesta s\u00e9rie, ele conta os momentos decisivos de sua trajet\u00f3ria no mundo da comunica\u00e7\u00e3o.<\/p>\n<p>Esta e outras not\u00edcias sobre a 3M e suas marcas est\u00e3o dispon\u00edveis em nossa Sala de Imprensa: <span style=\"color: #0000ff;\">http:\/\/news.3m.com\/pt-br.<\/span><\/p>\n<p>Cadastre-se para receber em seu e-mail nossos alertas de releases e outras divulga\u00e7\u00f5es.<\/p>\n<p>Conhe\u00e7a nossas solu\u00e7\u00f5es criativas no site<span style=\"color: #0000ff;\"> <a style=\"color: #0000ff;\" href=\"http:\/\/www.3m.com.br\/\" target=\"_blank\">www.3M.com.br<\/a>.<\/span><\/p>\n<p>Sobre a GRIFA FILMES \u2013 20 anos acesse em:\u00a0<span style=\"color: #0000ff;\">http:\/\/www.grifafilmes.com\/ e\u00a0http:\/\/www.facebook.com\/PRODUTORAGRIFAFILMES<\/span><\/p>\n<p><span style=\"color: #003300;\">Fonte: Assessoria de Imprensa 3M do Brasil\u00a0<\/span><\/p>\n","protected":false},"excerpt":{"rendered":"<p>S\u00e9rie de 13 epis\u00f3dios vai ao ar a partir de 15 de junho. No capitulo de estreia, fil\u00f3sofa Viviane Mos\u00e9 falar\u00e1 sobre suas inspira\u00e7\u00f5es. S\u00e3o Paulo, junho de 2016 \u2013 O que te inspira? De onde vem a inspira\u00e7\u00e3o que d\u00e1 origem a uma nova forma de trabalho, a um produto ou servi\u00e7o inovador, a [&hellip;]<\/p>\n","protected":false},"author":1,"featured_media":2115,"comment_status":"open","ping_status":"open","sticky":false,"template":"","format":"standard","meta":{"_uag_custom_page_level_css":"","footnotes":""},"categories":[27],"tags":[181,756,2289,3265,3915,3960,3963,4078,4829,5644,6172,6675,7388,8084,8729,10479,12013,12451],"class_list":["post-2114","post","type-post","status-publish","format-standard","has-post-thumbnail","hentry","category-acontece","tag-3m-do-brasil","tag-antonio-nobrega","tag-cilene-saorin","tag-cultura-livre","tag-edgard-piccoli","tag-eduardo-lyra","tag-eduardo-srur","tag-elifas-andreato","tag-facundo-guerra","tag-grifa-filmes","tag-inspira-mov-brasil","tag-lala-deheinzelin","tag-mauro-beting","tag-negra-li","tag-paulo-lima","tag-rodrigo-baggio","tag-tv-cultura","tag-viviane-mose"],"blocksy_meta":[],"spectra_blocks_featured_image_url":[],"spectra_blocks_author_info":{"display_name":"Jornal da Constru\u00e7\u00e3o Civil","avatar_url":"https:\/\/secure.gravatar.com\/avatar\/973c9774fd44ddaceb026973c4962faa70fc512bc4c9da68e8ebb40fecee6540?s=96&d=mm&r=g","author_link":"https:\/\/construcaocivil.siriusmarketingedesign.com.br\/?author=1","description":"Desde de 2013, levando muitas informa\u00e7\u00f5es, lan\u00e7amentos e produtos de qualidade para toda cadeia produtiva da constru\u00e7\u00e3o. O Futuro da constru\u00e7\u00e3o passa por aqui,"},"uagb_featured_image_src":{"full":false,"thumbnail":false,"medium":false,"medium_large":false,"large":false,"1536x1536":false,"2048x2048":false},"uagb_author_info":{"display_name":"Jornal da Constru\u00e7\u00e3o Civil","author_link":"https:\/\/construcaocivil.siriusmarketingedesign.com.br\/?author=1"},"uagb_comment_info":0,"uagb_excerpt":"S\u00e9rie de 13 epis\u00f3dios vai ao ar a partir de 15 de junho. No capitulo de estreia, fil\u00f3sofa Viviane Mos\u00e9 falar\u00e1 sobre suas inspira\u00e7\u00f5es. S\u00e3o Paulo, junho de 2016 \u2013 O que te inspira? De onde vem a inspira\u00e7\u00e3o que d\u00e1 origem a uma nova forma de trabalho, a um produto ou servi\u00e7o inovador, a&hellip;","_links":{"self":[{"href":"https:\/\/construcaocivil.siriusmarketingedesign.com.br\/index.php?rest_route=\/wp\/v2\/posts\/2114","targetHints":{"allow":["GET"]}}],"collection":[{"href":"https:\/\/construcaocivil.siriusmarketingedesign.com.br\/index.php?rest_route=\/wp\/v2\/posts"}],"about":[{"href":"https:\/\/construcaocivil.siriusmarketingedesign.com.br\/index.php?rest_route=\/wp\/v2\/types\/post"}],"author":[{"embeddable":true,"href":"https:\/\/construcaocivil.siriusmarketingedesign.com.br\/index.php?rest_route=\/wp\/v2\/users\/1"}],"replies":[{"embeddable":true,"href":"https:\/\/construcaocivil.siriusmarketingedesign.com.br\/index.php?rest_route=%2Fwp%2Fv2%2Fcomments&post=2114"}],"version-history":[{"count":0,"href":"https:\/\/construcaocivil.siriusmarketingedesign.com.br\/index.php?rest_route=\/wp\/v2\/posts\/2114\/revisions"}],"wp:attachment":[{"href":"https:\/\/construcaocivil.siriusmarketingedesign.com.br\/index.php?rest_route=%2Fwp%2Fv2%2Fmedia&parent=2114"}],"wp:term":[{"taxonomy":"category","embeddable":true,"href":"https:\/\/construcaocivil.siriusmarketingedesign.com.br\/index.php?rest_route=%2Fwp%2Fv2%2Fcategories&post=2114"},{"taxonomy":"post_tag","embeddable":true,"href":"https:\/\/construcaocivil.siriusmarketingedesign.com.br\/index.php?rest_route=%2Fwp%2Fv2%2Ftags&post=2114"}],"curies":[{"name":"wp","href":"https:\/\/api.w.org\/{rel}","templated":true}]}}