{"id":2117,"date":"2016-06-14T23:16:21","date_gmt":"2016-06-14T23:16:21","guid":{"rendered":"http:\/\/www.jornaldaconstrucaocivil.com.br\/?p=2117"},"modified":"2016-06-14T23:16:21","modified_gmt":"2016-06-14T23:16:21","slug":"david-miranda-e-lancado-pre-candidato-a-vereador-pelo-psol-e-discurso-emocionado-de-glenn-greenwald-emociona","status":"publish","type":"post","link":"https:\/\/construcaocivil.siriusmarketingedesign.com.br\/?p=2117","title":{"rendered":"David Miranda \u00e9 lan\u00e7ado pr\u00e9 candidato a vereador pelo PSOL e discurso emocionado de Glenn Greenwald emociona"},"content":{"rendered":"<p><span style=\"color: #000000;\">O jornalista respons\u00e1vel pela campanha de asilo a Edward Snowden do Brasil e que, recentemente, travou um debate sobre a import\u00e2ncia do acesso a livre comunica\u00e7\u00e3o no Brasil,\u00a0\u00e9 lan\u00e7ado como pr\u00e9-candidato a vereador pelo PSOL no Rio de Janeiro e, em discurso emocionante, recebe homenagens e apoio de parlamentares e figuras p\u00fablicas do partido, de seu marido Glenn Greenwald e de sua m\u00e3e.<\/span><\/p>\n<figure id=\"attachment_2118\" aria-describedby=\"caption-attachment-2118\" style=\"width: 300px\" class=\"wp-caption alignleft\"><a href=\"http:\/\/www.jornaldaconstrucaocivil.com.br\/wp-content\/uploads\/2016\/06\/DAVID.jpg\"><img loading=\"lazy\" decoding=\"async\" class=\"wp-image-2118 size-medium\" src=\"http:\/\/www.jornaldaconstrucaocivil.com.br\/wp-content\/uploads\/2016\/06\/DAVID-300x200.jpg\" alt=\"DAVID\" width=\"300\" height=\"200\" \/><\/a><figcaption id=\"caption-attachment-2118\" class=\"wp-caption-text\"><span style=\"color: #ff0000;\">300 pessoas participaram do chamado Da Juventude para a Juventude. <span style=\"color: #0000ff;\">Foto: Casa da Juventude <\/span><\/span><\/figcaption><\/figure>\n<p><span style=\"color: #000000;\">O evento com cerca de 300 pessoas chamado de Da Juventude para a Juventude foi uma s\u00edntese da constru\u00e7\u00e3o de um programa feito pela e para a juventude por meio de debates itinerantes da cidade, al\u00e9m dos realizados na Casa da Juventude, espa\u00e7o localizado na Pedra do Sal, na Zona Portu\u00e1ria do Rio. <\/span><\/p>\n<p><span style=\"color: #000000;\">Durante sua fala ele afirma que \u201ca juventude \u00e9 a menos representada nos espa\u00e7os de decis\u00e3o, mas que nas ruas e nas redes temos visto que juntos podemos fazer a diferen\u00e7a\u201d.<\/span><\/p>\n<p><span style=\"color: #000000;\">Entre os muitos debates suscitados sobre o papel da juventude nos recentes processos pol\u00edticos, diversos representantes de movimentos sociais estiveram presentes. Desde os secundaristas que ocuparam escolas \u00e0s mulheres que tomaram recentemente as ruas da cidade. <\/span><\/p>\n<figure id=\"attachment_2119\" aria-describedby=\"caption-attachment-2119\" style=\"width: 300px\" class=\"wp-caption alignright\"><a href=\"http:\/\/www.jornaldaconstrucaocivil.com.br\/wp-content\/uploads\/2016\/06\/CHICO-ALENCAR.jpg\"><img loading=\"lazy\" decoding=\"async\" class=\"wp-image-2119 size-medium\" src=\"http:\/\/www.jornaldaconstrucaocivil.com.br\/wp-content\/uploads\/2016\/06\/CHICO-ALENCAR-300x200.jpg\" alt=\"CHICO ALENCAR\" width=\"300\" height=\"200\" \/><\/a><figcaption id=\"caption-attachment-2119\" class=\"wp-caption-text\"><span style=\"color: #ff0000;\">Freixo, Luciana Genro, Glenn, David, Chico e Marcela Lisboa. <span style=\"color: #000080;\">Foto: Casa da Juventude.<\/span><\/span><\/figcaption><\/figure>\n<p><span style=\"color: #000000;\">Gizele Martins, comunicadora da Mar\u00e9, disse que este \u00e9 o momento da popula\u00e7\u00e3o da favela usar do poder da comunica\u00e7\u00e3o. Esta nova cara da pol\u00edtica ficou expressa no graffite, no teatro e nos debates realizados ao longo do dia.<\/span><\/p>\n<p><span style=\"color: #000000;\">Entre os presentes, os tamb\u00e9m pr\u00e9 candidatos a prefeitura do Rio de Janeiro e de Porto Alegre, Luciana Genro e Marcelo Freixo, que relembrou a aus\u00eancia de uma hist\u00f3ria que retrate o ontem, mas que constr\u00f3i um Museu do Amanh\u00e3. Os deputados federais Chico Alencar e Jean Willys tamb\u00e9m prestaram apoio emocionante ao pr\u00e9 candidato LGBT do PSOL. O evento terminou com um show da cantora Luana Karoo.<\/span><\/p>\n<p><span style=\"color: #800080;\">Fonte: Casa da Juventude<\/span><\/p>\n","protected":false},"excerpt":{"rendered":"<p>O jornalista respons\u00e1vel pela campanha de asilo a Edward Snowden do Brasil e que, recentemente, travou um debate sobre a import\u00e2ncia do acesso a livre comunica\u00e7\u00e3o no Brasil,\u00a0\u00e9 lan\u00e7ado como pr\u00e9-candidato a vereador pelo PSOL no Rio de Janeiro e, em discurso emocionante, recebe homenagens e apoio de parlamentares e figuras p\u00fablicas do partido, de [&hellip;]<\/p>\n","protected":false},"author":1,"featured_media":2118,"comment_status":"open","ping_status":"open","sticky":false,"template":"","format":"standard","meta":{"_uag_custom_page_level_css":"","footnotes":""},"categories":[27],"tags":[1918,2209,3369,5502,7055,7244,7248,9149,10375,12577],"class_list":["post-2117","post","type-post","status-publish","format-standard","has-post-thumbnail","hentry","category-acontece","tag-casa-da-juventude","tag-chico-alencar","tag-david-miranda","tag-glenn-greenwald","tag-luciana-genro","tag-marcela-lisboa","tag-marcelo-freixo","tag-porto-maravilha","tag-rio-de-janeiro","tag-zona-portuaria"],"blocksy_meta":[],"spectra_blocks_featured_image_url":[],"spectra_blocks_author_info":{"display_name":"Jornal da Constru\u00e7\u00e3o Civil","avatar_url":"https:\/\/secure.gravatar.com\/avatar\/973c9774fd44ddaceb026973c4962faa70fc512bc4c9da68e8ebb40fecee6540?s=96&d=mm&r=g","author_link":"https:\/\/construcaocivil.siriusmarketingedesign.com.br\/?author=1","description":"Desde de 2013, levando muitas informa\u00e7\u00f5es, lan\u00e7amentos e produtos de qualidade para toda cadeia produtiva da constru\u00e7\u00e3o. O Futuro da constru\u00e7\u00e3o passa por aqui,"},"uagb_featured_image_src":{"full":false,"thumbnail":false,"medium":false,"medium_large":false,"large":false,"1536x1536":false,"2048x2048":false},"uagb_author_info":{"display_name":"Jornal da Constru\u00e7\u00e3o Civil","author_link":"https:\/\/construcaocivil.siriusmarketingedesign.com.br\/?author=1"},"uagb_comment_info":0,"uagb_excerpt":"O jornalista respons\u00e1vel pela campanha de asilo a Edward Snowden do Brasil e que, recentemente, travou um debate sobre a import\u00e2ncia do acesso a livre comunica\u00e7\u00e3o no Brasil,\u00a0\u00e9 lan\u00e7ado como pr\u00e9-candidato a vereador pelo PSOL no Rio de Janeiro e, em discurso emocionante, recebe homenagens e apoio de parlamentares e figuras p\u00fablicas do partido, de&hellip;","_links":{"self":[{"href":"https:\/\/construcaocivil.siriusmarketingedesign.com.br\/index.php?rest_route=\/wp\/v2\/posts\/2117","targetHints":{"allow":["GET"]}}],"collection":[{"href":"https:\/\/construcaocivil.siriusmarketingedesign.com.br\/index.php?rest_route=\/wp\/v2\/posts"}],"about":[{"href":"https:\/\/construcaocivil.siriusmarketingedesign.com.br\/index.php?rest_route=\/wp\/v2\/types\/post"}],"author":[{"embeddable":true,"href":"https:\/\/construcaocivil.siriusmarketingedesign.com.br\/index.php?rest_route=\/wp\/v2\/users\/1"}],"replies":[{"embeddable":true,"href":"https:\/\/construcaocivil.siriusmarketingedesign.com.br\/index.php?rest_route=%2Fwp%2Fv2%2Fcomments&post=2117"}],"version-history":[{"count":0,"href":"https:\/\/construcaocivil.siriusmarketingedesign.com.br\/index.php?rest_route=\/wp\/v2\/posts\/2117\/revisions"}],"wp:attachment":[{"href":"https:\/\/construcaocivil.siriusmarketingedesign.com.br\/index.php?rest_route=%2Fwp%2Fv2%2Fmedia&parent=2117"}],"wp:term":[{"taxonomy":"category","embeddable":true,"href":"https:\/\/construcaocivil.siriusmarketingedesign.com.br\/index.php?rest_route=%2Fwp%2Fv2%2Fcategories&post=2117"},{"taxonomy":"post_tag","embeddable":true,"href":"https:\/\/construcaocivil.siriusmarketingedesign.com.br\/index.php?rest_route=%2Fwp%2Fv2%2Ftags&post=2117"}],"curies":[{"name":"wp","href":"https:\/\/api.w.org\/{rel}","templated":true}]}}