{"id":21182,"date":"2023-02-19T15:17:35","date_gmt":"2023-02-19T18:17:35","guid":{"rendered":"https:\/\/www.jornaldaconstrucaocivil.com.br\/?p=21182"},"modified":"2023-02-19T15:17:35","modified_gmt":"2023-02-19T18:17:35","slug":"ita-folia-matine-infantil-traz-diversao-e-alegria-para-familias-de-itaborai","status":"publish","type":"post","link":"https:\/\/construcaocivil.siriusmarketingedesign.com.br\/?p=21182","title":{"rendered":"Ita Folia: Matin\u00ea Infantil traz divers\u00e3o e alegria para fam\u00edlias de Itabora\u00ed"},"content":{"rendered":"<div>Fantasias, divers\u00e3o e brincadeiras. Assim foi a abertura da matin\u00ea infantil, do Ita Folia, na Pra\u00e7a Marechal Floriano Peixoto, no Centro. Promovida pela Prefeitura de Itabora\u00ed, por meio da Secretaria Municipal de Turismo e Eventos, a programa\u00e7\u00e3o \u00e9 dedicada exclusivamente para a &#8216;crian\u00e7ada&#8217; e conta com muitas atra\u00e7\u00f5es gratuitas at\u00e9 ter\u00e7a-feira (21\/02), das 16h \u00e0s 22h.<\/p>\n<p>Os pequenos foli\u00f5es contaram com muita anima\u00e7\u00e3o, m\u00fasica, m\u00e1gica, brincadeiras, pintura, bola mania (bal\u00f5es personagens e objetos) e brinquedos infl\u00e1veis gratuitos, como tobog\u00e3, castelinho, basquete, escalada e pula pula. Al\u00e9m de DJ infantil, a Banda Furiosa agitou toda fam\u00edlia, com marchinhas de carnaval e muito samba. E claro, n\u00e3o poderia faltar os personagens para a galera tirar muitas fotos. Dentre eles, perna de pau, Minnie, Mickey, Pluto, Margarida e Pato Donald.<\/p>\n<figure id=\"attachment_21183\" aria-describedby=\"caption-attachment-21183\" style=\"width: 300px\" class=\"wp-caption alignleft\"><img loading=\"lazy\" decoding=\"async\" class=\"size-medium wp-image-21183\" src=\"https:\/\/www.jornaldaconstrucaocivil.com.br\/wp-content\/uploads\/2023\/02\/Ita-Folia-Matine-Infantil-traz-diversao-e-alegria-para-familias-de-Itaborai-4-300x169.jpg\" alt=\"\" width=\"300\" height=\"169\" srcset=\"https:\/\/construcaocivil.siriusmarketingedesign.com.br\/wp-content\/uploads\/2023\/02\/Ita-Folia-Matine-Infantil-traz-diversao-e-alegria-para-familias-de-Itaborai-4-300x169.jpg 300w, https:\/\/construcaocivil.siriusmarketingedesign.com.br\/wp-content\/uploads\/2023\/02\/Ita-Folia-Matine-Infantil-traz-diversao-e-alegria-para-familias-de-Itaborai-4-1024x576.jpg 1024w, https:\/\/construcaocivil.siriusmarketingedesign.com.br\/wp-content\/uploads\/2023\/02\/Ita-Folia-Matine-Infantil-traz-diversao-e-alegria-para-familias-de-Itaborai-4-768x432.jpg 768w, https:\/\/construcaocivil.siriusmarketingedesign.com.br\/wp-content\/uploads\/2023\/02\/Ita-Folia-Matine-Infantil-traz-diversao-e-alegria-para-familias-de-Itaborai-4-1536x864.jpg 1536w, https:\/\/construcaocivil.siriusmarketingedesign.com.br\/wp-content\/uploads\/2023\/02\/Ita-Folia-Matine-Infantil-traz-diversao-e-alegria-para-familias-de-Itaborai-4.jpg 1600w\" sizes=\"auto, (max-width: 300px) 100vw, 300px\" \/><figcaption id=\"caption-attachment-21183\" class=\"wp-caption-text\">Ita Folia Matin\u00ea Infantil traz divers\u00e3o e alegria para fam\u00edlias de Itabora\u00ed. Divulga\u00e7\u00e3o<\/figcaption><\/figure>\n<\/div>\n<div>&#8220;Preparamos uma programa\u00e7\u00e3o dedicada especialmente para a nossa crian\u00e7ada e para curtir com toda a fam\u00edlia. Esse foi s\u00f3 o primeiro dia, at\u00e9 o final do carnaval vamos ter muitas atra\u00e7\u00f5es legais para a crian\u00e7ada se divertir&#8221;, destacou Marcelo Delaroli.<\/p>\n<p>O casal Thaiany Dias e Ruan Pablo chegou cedo para aproveitar a programa\u00e7\u00e3o. Acompanhados dos filhos de 7 e 5 anos, fantasiados de pirata e fadinha, os moradores de Duques eram s\u00f3 elogios ao evento.<\/p>\n<p>&#8220;N\u00f3s vimos a programa\u00e7\u00e3o da Prefeitura nas redes sociais e viemos curtir. Adoramos por ter sido algo especialmente para as crian\u00e7as. Desde que nos tornamos pais, os festejos de carnaval para a gente tem que ser algo que possa incluir as crian\u00e7as, e aqui est\u00e1 tudo perfeito. Vamos vir todos os dias de carnaval, com certeza&#8221;, disse Thaiany.<\/p>\n<p>Para oferecer mais conforto e seguran\u00e7a aos foli\u00f5es, a Prefeitura de Itabora\u00ed preparou uma \u00e1rea coberta para a realiza\u00e7\u00e3o do evento, localizado na quadra da pra\u00e7a. E ainda, pulseira de identifica\u00e7\u00e3o para as crian\u00e7as, contendo nome e telefone do respons\u00e1vel, caso os menores se percam.<b><br \/>\n<\/b><\/div>\n<div><\/div>\n","protected":false},"excerpt":{"rendered":"<p>Fantasias, divers\u00e3o e brincadeiras. Assim foi a abertura da matin\u00ea infantil, do Ita Folia, na Pra\u00e7a Marechal Floriano Peixoto, no Centro. Promovida pela Prefeitura de Itabora\u00ed, por meio da Secretaria Municipal de Turismo e Eventos, a programa\u00e7\u00e3o \u00e9 dedicada exclusivamente para a &#8216;crian\u00e7ada&#8217; e conta com muitas atra\u00e7\u00f5es gratuitas at\u00e9 ter\u00e7a-feira (21\/02), das 16h \u00e0s [&hellip;]<\/p>\n","protected":false},"author":1,"featured_media":21185,"comment_status":"open","ping_status":"open","sticky":false,"template":"","format":"standard","meta":{"_uag_custom_page_level_css":"","footnotes":""},"categories":[27],"tags":[25026,25030,25027,25028,25029,6420],"class_list":["post-21182","post","type-post","status-publish","format-standard","has-post-thumbnail","hentry","category-acontece","tag-itafolia","tag-baileinfantil","tag-carnavalinfantil","tag-criancas-e-diversao","tag-monbloco","tag-itaborai"],"blocksy_meta":[],"spectra_blocks_featured_image_url":{"thumbnail":{"url":"https:\/\/construcaocivil.siriusmarketingedesign.com.br\/wp-content\/uploads\/2023\/02\/Ita-Folia-Matine-Infantil-traz-diversao-e-alegria-para-familias-de-Itaborai-3-150x150.jpg","width":150,"height":150},"medium":{"url":"https:\/\/construcaocivil.siriusmarketingedesign.com.br\/wp-content\/uploads\/2023\/02\/Ita-Folia-Matine-Infantil-traz-diversao-e-alegria-para-familias-de-Itaborai-3-300x200.jpg","width":300,"height":200},"medium_large":{"url":"https:\/\/construcaocivil.siriusmarketingedesign.com.br\/wp-content\/uploads\/2023\/02\/Ita-Folia-Matine-Infantil-traz-diversao-e-alegria-para-familias-de-Itaborai-3-768x512.jpg","width":768,"height":512},"large":{"url":"https:\/\/construcaocivil.siriusmarketingedesign.com.br\/wp-content\/uploads\/2023\/02\/Ita-Folia-Matine-Infantil-traz-diversao-e-alegria-para-familias-de-Itaborai-3-1024x682.jpg","width":1024,"height":682},"full":{"url":"https:\/\/construcaocivil.siriusmarketingedesign.com.br\/wp-content\/uploads\/2023\/02\/Ita-Folia-Matine-Infantil-traz-diversao-e-alegria-para-familias-de-Itaborai-3.jpg","width":1600,"height":1066}},"spectra_blocks_author_info":{"display_name":"Jornal da Constru\u00e7\u00e3o Civil","avatar_url":"https:\/\/secure.gravatar.com\/avatar\/973c9774fd44ddaceb026973c4962faa70fc512bc4c9da68e8ebb40fecee6540?s=96&d=mm&r=g","author_link":"https:\/\/construcaocivil.siriusmarketingedesign.com.br\/?author=1","description":"Desde de 2013, levando muitas informa\u00e7\u00f5es, lan\u00e7amentos e produtos de qualidade para toda cadeia produtiva da constru\u00e7\u00e3o. O Futuro da constru\u00e7\u00e3o passa por aqui,"},"uagb_featured_image_src":{"full":["https:\/\/construcaocivil.siriusmarketingedesign.com.br\/wp-content\/uploads\/2023\/02\/Ita-Folia-Matine-Infantil-traz-diversao-e-alegria-para-familias-de-Itaborai-3.jpg",1600,1066,false],"thumbnail":["https:\/\/construcaocivil.siriusmarketingedesign.com.br\/wp-content\/uploads\/2023\/02\/Ita-Folia-Matine-Infantil-traz-diversao-e-alegria-para-familias-de-Itaborai-3-150x150.jpg",150,150,true],"medium":["https:\/\/construcaocivil.siriusmarketingedesign.com.br\/wp-content\/uploads\/2023\/02\/Ita-Folia-Matine-Infantil-traz-diversao-e-alegria-para-familias-de-Itaborai-3-300x200.jpg",300,200,true],"medium_large":["https:\/\/construcaocivil.siriusmarketingedesign.com.br\/wp-content\/uploads\/2023\/02\/Ita-Folia-Matine-Infantil-traz-diversao-e-alegria-para-familias-de-Itaborai-3-768x512.jpg",768,512,true],"large":["https:\/\/construcaocivil.siriusmarketingedesign.com.br\/wp-content\/uploads\/2023\/02\/Ita-Folia-Matine-Infantil-traz-diversao-e-alegria-para-familias-de-Itaborai-3-1024x682.jpg",1024,682,true],"1536x1536":["https:\/\/construcaocivil.siriusmarketingedesign.com.br\/wp-content\/uploads\/2023\/02\/Ita-Folia-Matine-Infantil-traz-diversao-e-alegria-para-familias-de-Itaborai-3-1536x1023.jpg",1536,1023,true],"2048x2048":["https:\/\/construcaocivil.siriusmarketingedesign.com.br\/wp-content\/uploads\/2023\/02\/Ita-Folia-Matine-Infantil-traz-diversao-e-alegria-para-familias-de-Itaborai-3.jpg",1600,1066,false]},"uagb_author_info":{"display_name":"Jornal da Constru\u00e7\u00e3o Civil","author_link":"https:\/\/construcaocivil.siriusmarketingedesign.com.br\/?author=1"},"uagb_comment_info":0,"uagb_excerpt":"Fantasias, divers\u00e3o e brincadeiras. Assim foi a abertura da matin\u00ea infantil, do Ita Folia, na Pra\u00e7a Marechal Floriano Peixoto, no Centro. Promovida pela Prefeitura de Itabora\u00ed, por meio da Secretaria Municipal de Turismo e Eventos, a programa\u00e7\u00e3o \u00e9 dedicada exclusivamente para a &#8216;crian\u00e7ada&#8217; e conta com muitas atra\u00e7\u00f5es gratuitas at\u00e9 ter\u00e7a-feira (21\/02), das 16h \u00e0s&hellip;","_links":{"self":[{"href":"https:\/\/construcaocivil.siriusmarketingedesign.com.br\/index.php?rest_route=\/wp\/v2\/posts\/21182","targetHints":{"allow":["GET"]}}],"collection":[{"href":"https:\/\/construcaocivil.siriusmarketingedesign.com.br\/index.php?rest_route=\/wp\/v2\/posts"}],"about":[{"href":"https:\/\/construcaocivil.siriusmarketingedesign.com.br\/index.php?rest_route=\/wp\/v2\/types\/post"}],"author":[{"embeddable":true,"href":"https:\/\/construcaocivil.siriusmarketingedesign.com.br\/index.php?rest_route=\/wp\/v2\/users\/1"}],"replies":[{"embeddable":true,"href":"https:\/\/construcaocivil.siriusmarketingedesign.com.br\/index.php?rest_route=%2Fwp%2Fv2%2Fcomments&post=21182"}],"version-history":[{"count":0,"href":"https:\/\/construcaocivil.siriusmarketingedesign.com.br\/index.php?rest_route=\/wp\/v2\/posts\/21182\/revisions"}],"wp:featuredmedia":[{"embeddable":true,"href":"https:\/\/construcaocivil.siriusmarketingedesign.com.br\/index.php?rest_route=\/wp\/v2\/media\/21185"}],"wp:attachment":[{"href":"https:\/\/construcaocivil.siriusmarketingedesign.com.br\/index.php?rest_route=%2Fwp%2Fv2%2Fmedia&parent=21182"}],"wp:term":[{"taxonomy":"category","embeddable":true,"href":"https:\/\/construcaocivil.siriusmarketingedesign.com.br\/index.php?rest_route=%2Fwp%2Fv2%2Fcategories&post=21182"},{"taxonomy":"post_tag","embeddable":true,"href":"https:\/\/construcaocivil.siriusmarketingedesign.com.br\/index.php?rest_route=%2Fwp%2Fv2%2Ftags&post=21182"}],"curies":[{"name":"wp","href":"https:\/\/api.w.org\/{rel}","templated":true}]}}