{"id":21215,"date":"2023-02-24T00:48:06","date_gmt":"2023-02-24T03:48:06","guid":{"rendered":"https:\/\/www.jornaldaconstrucaocivil.com.br\/?p=21215"},"modified":"2023-02-24T00:48:06","modified_gmt":"2023-02-24T03:48:06","slug":"acessibilidade-e-inclusao-pautam-a-maior-feira-de-capacitacao-e-negocios-de-artesanato-no-rio-de-janeiro","status":"publish","type":"post","link":"https:\/\/construcaocivil.siriusmarketingedesign.com.br\/?p=21215","title":{"rendered":"Acessibilidade e inclus\u00e3o pautam a maior feira de capacita\u00e7\u00e3o e neg\u00f3cios de artesanato no Rio de Janeiro"},"content":{"rendered":"<p class=\"v1ql-align-justify\" style=\"text-align: justify;\">A\u00a0<strong>Rio Artes Manuais<\/strong>, principal feira de capacita\u00e7\u00e3o e neg\u00f3cios do setor de artesanato do Rio de\u00a0Janeiro, chega a sua 15\u00aa edi\u00e7\u00e3o. O evento acontece de 15 a 19 de mar\u00e7o no Centro de Conven\u00e7\u00f5es Expomag, na Cidade Nova (Centro, RJ). Neste ano, com o tema &#8220;<strong>Fa\u00e7o arte, fa\u00e7o parte<\/strong>&#8220;, a feira traz quest\u00f5es de inclus\u00e3o, acessibilidade e pertencimento, sem deixar de lado os pilares de gest\u00e3o do empreendedorismo e express\u00e3o cultural como contexto principal. O mote deste ano foi escolhido por mais de 9 mil internautas no site oficial da feira.<\/p>\n<p style=\"text-align: justify;\">\n<p class=\"v1ql-align-justify\" style=\"text-align: justify;\">A 15\u00aa edi\u00e7\u00e3o reunir\u00e1 profissionalismo, capacita\u00e7\u00e3o, integra\u00e7\u00e3o, diversidade e comunidade em um s\u00f3 lugar a fim de fomentar a economia do setor e do estado do Rio de Janeiro, com expectativa de movimentar mais de 2 milh\u00f5es de reais.<\/p>\n<p style=\"text-align: justify;\">\n<p class=\"v1ql-align-justify\" style=\"text-align: justify;\">De acordo com o organizador do evento, Roberto Santos, este ano a aposta ser\u00e1 aproximar a cultura raiz, o turismo regional, e o significado e import\u00e2ncia da comercializa\u00e7\u00e3o do artesanato no estado. &#8220;O prop\u00f3sito principal da Rio Artes \u00e9 facilitar que o artes\u00e3o leve sua arte para outros mercados, com novos canais de comercializa\u00e7\u00e3o. Buscamos superar nossos objetivos fazendo uma feira diferente, mais conectada com o mundo que nos cerca, valorizando muito as quest\u00f5es sociais e culturais em um ambiente de neg\u00f3cios que o artesanato se insira&#8221;, revela.<\/p>\n<p style=\"text-align: justify;\">\n<p class=\"v1ql-align-justify\" style=\"text-align: justify;\">A Rio Artes Manuais, promovida pelas lojas Ca\u00e7ula, re\u00fane as maiores ind\u00fastrias do setor de artesanato, s\u00e3o mais de 50 expositores. O evento espera receber mais de 25 mil visitantes e oferece gratuitamente mais de 20 mil vagas para quem deseja aprender ou se aprimorar em mais de 200 t\u00e9cnicas de artesanato. A entrada custa a partir de R$ 12,00 (meia entrada) e R$ 24,00 (inteira).<\/p>\n<p style=\"text-align: justify;\">\n<p style=\"text-align: justify;\"><strong>Acessibilidade e inclus\u00e3o social<\/strong><\/p>\n<p class=\"v1ql-align-justify\" style=\"text-align: justify;\">Um dos destaques da Feira Rio Artes Manuais deste ano \u00e9 um espa\u00e7o inclusivo para PCDs. Em parceria com a Associa\u00e7\u00e3o de Pintores com a Boca e P\u00e9s, o evento contar\u00e1 com um stand de capacita\u00e7\u00e3o e exposi\u00e7\u00e3o de trabalhos de pessoas com defici\u00eancias f\u00edsicas. O local vai oferecer ferramentas importantes para somar esfor\u00e7os ao desenvolvimento, valoriza\u00e7\u00e3o e inclus\u00e3o dessas pessoas, oferecendo oficinas que trabalham aspectos criativos e estimulam exerc\u00edcios cognitivos.<\/p>\n<p style=\"text-align: justify;\">\n<p style=\"text-align: justify;\"><strong>Para toda fam\u00edlia<\/strong><\/p>\n<p class=\"v1ql-align-justify\" style=\"text-align: justify;\">A feira promove tamb\u00e9m um ambiente familiar de entretenimento e capacita\u00e7\u00e3o para todas as idades. Pensando no bem-estar e em oferecer experi\u00eancias diversas para o p\u00fablico, a edi\u00e7\u00e3o disponibiliza um projeto kids, no qual os pais e respons\u00e1veis poder\u00e3o levar seus pequenos para aprender mais sobre artesanato e se divertir com aulas e oficinas diversas que estimulam a criatividade, autonomia e desenvolvimento motor e cognitivo, lebrando que a classifica\u00e7\u00e3o et\u00e1ria a partir desta edi\u00e7\u00e3o \u00e9 acima de 8 anos.<\/p>\n<p style=\"text-align: justify;\">\n<p style=\"text-align: justify;\"><strong>Foco no bem-estar e beleza<\/strong><\/p>\n<p class=\"v1ql-align-justify\" style=\"text-align: justify;\">Neste ano, a feira traz o Espa\u00e7o Zen, onde o p\u00fablico ter\u00e1 acesso a aulas e palestras sobre capacita\u00e7\u00e3o no segmento da beleza e bem-estar. Dentre as ativa\u00e7\u00f5es, o stand apresentar\u00e1 novidades de servi\u00e7os e qualifica\u00e7\u00e3o no setor, oficinas com profissionais especializados e palestras sobre empreendedorismo.<\/p>\n<p style=\"text-align: justify;\">\n<p style=\"text-align: justify;\"><strong>Ponto de encontro cultural<\/strong><\/p>\n<p class=\"v1ql-align-justify\" style=\"text-align: justify;\">A 15\u00aa Rio Artes Manuais oferece um espa\u00e7o de amplia\u00e7\u00e3o cultural, dando visibilidade ao artesanato de cada munic\u00edpio. O local proporciona oportunidade de integra\u00e7\u00e3o entre os artes\u00e3os que poder\u00e3o vender seus trabalhos e se capacitar conhecendo novas t\u00e9cnicas e produtos para melhorar seus talentos.<\/p>\n<p style=\"text-align: justify;\"><strong>\u00a0<\/strong><\/p>\n<p style=\"text-align: justify;\"><strong>Demais atra\u00e7\u00f5es<\/strong><\/p>\n<p class=\"v1ql-align-justify\" style=\"text-align: justify;\">A feira \u00e9 tamb\u00e9m uma grande oportunidade para artes\u00e3os terem acesso a informa\u00e7\u00f5es sobre gest\u00e3o de neg\u00f3cios. As principais empresas do setor ter\u00e3o stands com oficinas gratuitas e consultoria sobre orienta\u00e7\u00e3o profissional. Para receber todas as novidades e um Kit na feira os visitantes podem fazer o cadastro antecipado no &#8216;Sou da Rede&#8217; pelo site\u00a0<a href=\"https:\/\/click.cse360.com.br\/Click\/AddCampaignEmailClick\/64d75ab7-d70d-4f42-36d1-08db0df155e2\/https%253a%252f%252frioartesmanuais.com.br%252f\/e5a1d2fa-94bb-4a21-b332-08d7c5ff26d1\/redacao@jornaldaconstrucaocivil.com.br\/True\" target=\"_blank\" rel=\"noopener noreferrer\">https:\/\/rioartesmanuais.com.br\/<\/a><\/p>\n<p style=\"text-align: justify;\">\n<p class=\"v1ql-align-justify\" style=\"text-align: justify;\"><strong>Expositores Confirmados<\/strong>: Tintas Acrtilex, Linhas Circulo, Estencio OPA, Pinceis Condor, EuroRoma, Litoarte, Henkel, Kit Aviamentos, Renk Artesanatos, Polycol massas de modelar com Biscuit, Fitas Sinimbu,ScrapBrasil Canetas Sertic, Papeis adesivos Contact,Atelie Deize Costa,Evamax, Papeis Canson, FAERJ, Pra\u00e7a do Artes\u00e3o,Espa\u00e7o Municipios entre outros.<\/p>\n<p style=\"text-align: justify;\">\n<p class=\"v1ql-align-justify\" style=\"text-align: justify;\"><strong><u>Servi\u00e7o:\u00a0<\/u><\/strong><u>Feira Rio Artes Manuais 2023<\/u><\/p>\n<p style=\"text-align: justify;\">\n<p style=\"text-align: justify;\"><strong>Data:\u00a0<\/strong>15 a 19 de mar\u00e7o de 2023<\/p>\n<p style=\"text-align: justify;\"><strong>Hor\u00e1rio<\/strong>: 10h \u00e0s 19h<\/p>\n<p style=\"text-align: justify;\"><strong>Local:\u00a0<\/strong>Centro de Conven\u00e7\u00f5es Expomag (Rua Beatriz Larragoitti Lucas- Cidade Nova &#8211; Centro)<\/p>\n<p class=\"v1ql-align-justify\" style=\"text-align: justify;\"><strong>Ingresso e mais informa\u00e7\u00f5es:\u00a0<\/strong>R$ 12,00 (meia entrada) R$ 24,00 (inteira)\u00a0<a href=\"https:\/\/click.cse360.com.br\/Click\/AddCampaignEmailClick\/64d75ab7-d70d-4f42-36d1-08db0df155e2\/https%253a%252f%252frioartesmanuais.com.br%252f\/e5a1d2fa-94bb-4a21-b332-08d7c5ff26d1\/redacao@jornaldaconstrucaocivil.com.br\/True\" target=\"_blank\" rel=\"noopener noreferrer\"><strong>https:\/\/rioartesmanuais.com.br<\/strong><\/a><strong>\u00a0<\/strong><strong>Pontos de venda:\u00a0<\/strong>Lojas Ca\u00e7ula em Caxias, Centro (Buenos Aires), Copacabana, Madureira, Resende, S\u00e3o Cristov\u00e3o e Barra da Tijuca<\/p>\n","protected":false},"excerpt":{"rendered":"<p>A\u00a0Rio Artes Manuais, principal feira de capacita\u00e7\u00e3o e neg\u00f3cios do setor de artesanato do Rio de\u00a0Janeiro, chega a sua 15\u00aa edi\u00e7\u00e3o. O evento acontece de 15 a 19 de mar\u00e7o no Centro de Conven\u00e7\u00f5es Expomag, na Cidade Nova (Centro, RJ). Neste ano, com o tema &#8220;Fa\u00e7o arte, fa\u00e7o parte&#8220;, a feira traz quest\u00f5es de inclus\u00e3o, [&hellip;]<\/p>\n","protected":false},"author":1,"featured_media":21216,"comment_status":"open","ping_status":"open","sticky":false,"template":"","format":"standard","meta":{"_uag_custom_page_level_css":"","footnotes":""},"categories":[33],"tags":[25054,25053,25052,24146],"class_list":["post-21215","post","type-post","status-publish","format-standard","has-post-thumbnail","hentry","category-mercado","tag-comoganhardinheiro","tag-negocioseartes","tag-rioartesmanuais2023","tag-pcds"],"blocksy_meta":[],"spectra_blocks_featured_image_url":{"thumbnail":{"url":"https:\/\/construcaocivil.siriusmarketingedesign.com.br\/wp-content\/uploads\/2023\/02\/ab9bb42a-398d-46b3-a21e-fd1dd7d48588-150x150.jpg","width":150,"height":150},"medium":{"url":"https:\/\/construcaocivil.siriusmarketingedesign.com.br\/wp-content\/uploads\/2023\/02\/ab9bb42a-398d-46b3-a21e-fd1dd7d48588-300x200.jpg","width":300,"height":200},"medium_large":{"url":"https:\/\/construcaocivil.siriusmarketingedesign.com.br\/wp-content\/uploads\/2023\/02\/ab9bb42a-398d-46b3-a21e-fd1dd7d48588-768x513.jpg","width":768,"height":513},"large":{"url":"https:\/\/construcaocivil.siriusmarketingedesign.com.br\/wp-content\/uploads\/2023\/02\/ab9bb42a-398d-46b3-a21e-fd1dd7d48588.jpg","width":1000,"height":668},"full":{"url":"https:\/\/construcaocivil.siriusmarketingedesign.com.br\/wp-content\/uploads\/2023\/02\/ab9bb42a-398d-46b3-a21e-fd1dd7d48588.jpg","width":1000,"height":668}},"spectra_blocks_author_info":{"display_name":"Jornal da Constru\u00e7\u00e3o Civil","avatar_url":"https:\/\/secure.gravatar.com\/avatar\/973c9774fd44ddaceb026973c4962faa70fc512bc4c9da68e8ebb40fecee6540?s=96&d=mm&r=g","author_link":"https:\/\/construcaocivil.siriusmarketingedesign.com.br\/?author=1","description":"Desde de 2013, levando muitas informa\u00e7\u00f5es, lan\u00e7amentos e produtos de qualidade para toda cadeia produtiva da constru\u00e7\u00e3o. O Futuro da constru\u00e7\u00e3o passa por aqui,"},"uagb_featured_image_src":{"full":["https:\/\/construcaocivil.siriusmarketingedesign.com.br\/wp-content\/uploads\/2023\/02\/ab9bb42a-398d-46b3-a21e-fd1dd7d48588.jpg",1000,668,false],"thumbnail":["https:\/\/construcaocivil.siriusmarketingedesign.com.br\/wp-content\/uploads\/2023\/02\/ab9bb42a-398d-46b3-a21e-fd1dd7d48588-150x150.jpg",150,150,true],"medium":["https:\/\/construcaocivil.siriusmarketingedesign.com.br\/wp-content\/uploads\/2023\/02\/ab9bb42a-398d-46b3-a21e-fd1dd7d48588-300x200.jpg",300,200,true],"medium_large":["https:\/\/construcaocivil.siriusmarketingedesign.com.br\/wp-content\/uploads\/2023\/02\/ab9bb42a-398d-46b3-a21e-fd1dd7d48588-768x513.jpg",768,513,true],"large":["https:\/\/construcaocivil.siriusmarketingedesign.com.br\/wp-content\/uploads\/2023\/02\/ab9bb42a-398d-46b3-a21e-fd1dd7d48588.jpg",1000,668,false],"1536x1536":["https:\/\/construcaocivil.siriusmarketingedesign.com.br\/wp-content\/uploads\/2023\/02\/ab9bb42a-398d-46b3-a21e-fd1dd7d48588.jpg",1000,668,false],"2048x2048":["https:\/\/construcaocivil.siriusmarketingedesign.com.br\/wp-content\/uploads\/2023\/02\/ab9bb42a-398d-46b3-a21e-fd1dd7d48588.jpg",1000,668,false]},"uagb_author_info":{"display_name":"Jornal da Constru\u00e7\u00e3o Civil","author_link":"https:\/\/construcaocivil.siriusmarketingedesign.com.br\/?author=1"},"uagb_comment_info":0,"uagb_excerpt":"A\u00a0Rio Artes Manuais, principal feira de capacita\u00e7\u00e3o e neg\u00f3cios do setor de artesanato do Rio de\u00a0Janeiro, chega a sua 15\u00aa edi\u00e7\u00e3o. O evento acontece de 15 a 19 de mar\u00e7o no Centro de Conven\u00e7\u00f5es Expomag, na Cidade Nova (Centro, RJ). Neste ano, com o tema &#8220;Fa\u00e7o arte, fa\u00e7o parte&#8220;, a feira traz quest\u00f5es de inclus\u00e3o,&hellip;","_links":{"self":[{"href":"https:\/\/construcaocivil.siriusmarketingedesign.com.br\/index.php?rest_route=\/wp\/v2\/posts\/21215","targetHints":{"allow":["GET"]}}],"collection":[{"href":"https:\/\/construcaocivil.siriusmarketingedesign.com.br\/index.php?rest_route=\/wp\/v2\/posts"}],"about":[{"href":"https:\/\/construcaocivil.siriusmarketingedesign.com.br\/index.php?rest_route=\/wp\/v2\/types\/post"}],"author":[{"embeddable":true,"href":"https:\/\/construcaocivil.siriusmarketingedesign.com.br\/index.php?rest_route=\/wp\/v2\/users\/1"}],"replies":[{"embeddable":true,"href":"https:\/\/construcaocivil.siriusmarketingedesign.com.br\/index.php?rest_route=%2Fwp%2Fv2%2Fcomments&post=21215"}],"version-history":[{"count":0,"href":"https:\/\/construcaocivil.siriusmarketingedesign.com.br\/index.php?rest_route=\/wp\/v2\/posts\/21215\/revisions"}],"wp:featuredmedia":[{"embeddable":true,"href":"https:\/\/construcaocivil.siriusmarketingedesign.com.br\/index.php?rest_route=\/wp\/v2\/media\/21216"}],"wp:attachment":[{"href":"https:\/\/construcaocivil.siriusmarketingedesign.com.br\/index.php?rest_route=%2Fwp%2Fv2%2Fmedia&parent=21215"}],"wp:term":[{"taxonomy":"category","embeddable":true,"href":"https:\/\/construcaocivil.siriusmarketingedesign.com.br\/index.php?rest_route=%2Fwp%2Fv2%2Fcategories&post=21215"},{"taxonomy":"post_tag","embeddable":true,"href":"https:\/\/construcaocivil.siriusmarketingedesign.com.br\/index.php?rest_route=%2Fwp%2Fv2%2Ftags&post=21215"}],"curies":[{"name":"wp","href":"https:\/\/api.w.org\/{rel}","templated":true}]}}