{"id":21266,"date":"2023-03-06T00:09:21","date_gmt":"2023-03-06T03:09:21","guid":{"rendered":"https:\/\/www.jornaldaconstrucaocivil.com.br\/?p=21266"},"modified":"2023-03-06T00:09:21","modified_gmt":"2023-03-06T03:09:21","slug":"vli-inaugura-estacao-de-memorias-de-tres-rios-rj-no-proximo-dia-7","status":"publish","type":"post","link":"https:\/\/construcaocivil.siriusmarketingedesign.com.br\/?p=21266","title":{"rendered":"VLI inaugura Esta\u00e7\u00e3o de Mem\u00f3rias de Tr\u00eas Rios (RJ) no pr\u00f3ximo dia 7"},"content":{"rendered":"<p class=\"v1MsoNormal\" style=\"text-align: justify;\">Para preservar a mem\u00f3ria ferrovi\u00e1ria, que faz parte do patrim\u00f4nio material e imaterial dos munic\u00edpios, bem como criar espa\u00e7os para que as novas gera\u00e7\u00f5es conhe\u00e7am a hist\u00f3ria da ferrovia, a VLI \u2013 administradora da Ferrovia Centro-Atl\u00e2ntica (FCA) \u2013, em parceria com a Ag\u00eancia de Iniciativas Cidad\u00e3s (AIC) e a administra\u00e7\u00e3o municipal de Tr\u00eas Rios (RJ), inaugura no pr\u00f3ximo dia 7, a Esta\u00e7\u00e3o de Mem\u00f3rias de Tr\u00eas Rios, que funcionar\u00e1 na Casa de Pedra da cidade, localizada na Rua Bar\u00e3o de Entre Rios, s\/n\u00ba, Centro. O evento ter\u00e1 in\u00edcio \u00e0s 14h.<\/p>\n<p class=\"v1MsoNormal\" style=\"text-align: justify;\">Nos \u00faltimos anos, a iniciativa recebeu mais de R$ 10 milh\u00f5es para a reforma de seis ativos.\u00a0Em 2022, o programa chegou a Matozinhos, na Regi\u00e3o Metropolitana de Belo Horizonte (RMBH), e a Cachoeira, na Bahia. Neste ano, al\u00e9m de Tr\u00eas Rios e Divin\u00f3polis, no Centro-Oeste Mineiro, o projeto est\u00e1 previsto para ser implantado em Contagem (RMBH), al\u00e9m de Uberaba e Campos Altos, no Tri\u00e2ngulo Mineiro.<\/p>\n<p class=\"v1MsoNormal\" style=\"text-align: justify;\">Segundo a gerente-geral de Sustentabilidade da VLI, Francielle Pedrosa, preservar as hist\u00f3rias para a presente e futuras gera\u00e7\u00f5es faz parte do compromisso da companhia de deixar legado e compartilhar valor com a sociedade. \u201cAo resgatar e preservar a mem\u00f3ria ferrovi\u00e1ria, refor\u00e7amos o conceito de que, para pensar no futuro, \u00e9 preciso valorizar o passado. A VLI se orgulha por estar em Tr\u00eas Rios e fazer parte da hist\u00f3ria do munic\u00edpio, profundamente entrela\u00e7ada \u00e0 atividade ferrovi\u00e1ria\u201d, ressalta.<\/p>\n<p class=\"v1MsoNormal\" style=\"text-align: justify;\">Tr\u00eas Rios est\u00e1 inserida no Corredor Minas-Rio da Ferrovia Centro-Atl\u00e2ntica (FCA), ao longo de seus 1.827 km de extens\u00e3o.<\/p>\n<p class=\"v1MsoNormal\" style=\"text-align: justify;\"><b>Hist\u00f3ria<\/b><\/p>\n<p class=\"v1MsoNormal\" style=\"text-align: justify;\"><b>\u00a0<\/b>A centen\u00e1ria Casa da Pedra, como hoje \u00e9 conhecida, foi constru\u00edda final do s\u00e9culo XIX e, antigamente, era a esta\u00e7\u00e3o de carga e descarga da extinta Estrada de Ferro Leopoldina Railway. A arquitetura toda em pedra e madeira ressaltam a beleza da edifica\u00e7\u00e3o, que foi tombada pelo patrim\u00f4nio hist\u00f3rico municipal devido \u00e0 sua import\u00e2ncia hist\u00f3rico-cultural. Isso porque Tr\u00eas Rios se desenvolveu a partir de recursos da m\u00e3o-de-obra ferrovi\u00e1ria.<\/p>\n<p class=\"v1MsoNormal\" style=\"text-align: justify;\">O Esta\u00e7\u00e3o de Mem\u00f3rias reconta o passado, a partir de um processo de cocria\u00e7\u00e3o com as comunidades. Encontros e entrevistas identificam casos, lembran\u00e7as e hist\u00f3rias de quem vivenciou o vai e vem dos trens. Esse conte\u00fado \u00e9 transformado em um acervo de fotos e v\u00eddeos que \u00e9 disponibilizado na esta\u00e7\u00e3o.<\/p>\n<p class=\"v1MsoNormal\" style=\"text-align: justify;\">A pesquisa realizada inclui mais de 200 fotografias e imagens, bem como 36 objetos hist\u00f3ricos e documentos diversos.\u00a0Todo o conte\u00fado criado e catalogado ser\u00e1 doado ao acervo p\u00fablico de Tr\u00eas Rios.\u00a0A partir desse levantamento, foi criada uma narrativa da exposi\u00e7\u00e3o, que est\u00e1 distribu\u00edda em dois espa\u00e7os da Casa de Pedra: a sala 2 e o corredor externo. A narrativa, constru\u00edda em conjunto com os personagens \u2013 que s\u00e3o moradores, historiadores, ferrovi\u00e1rios e seus familiares \u2013, dividiu-se em cinco paradas.<\/p>\n<p class=\"v1MsoNormal\" style=\"text-align: justify;\">Entre os depoimentos est\u00e1 o do ferrovi\u00e1rio aposentado, Gilson Rubens Strzoda. Conforme ele, o Programa Esta\u00e7\u00e3o de Mem\u00f3rias \u201c\u00e9 muito bom e resgatar\u00e1 a mem\u00f3ria da ferrovia da qual ele fez parte\u201d. Para Luciano Alves, filho do ferrovi\u00e1rio aposentado Geraldo Alves, foi uma honra dar um depoimento\u00a0sobre a vida do pai dele muitos anos de trabalho na extinta Rede Ferrovi\u00e1ria Federal<b>\u00a0<\/b>S\/A\u00a0(RFFSA). \u201cUma mistura de emo\u00e7\u00e3o com um sentimento de que, deixamos um legado, um memorial para as futuras gera\u00e7\u00f5es&#8221;.<\/p>\n","protected":false},"excerpt":{"rendered":"<p>Para preservar a mem\u00f3ria ferrovi\u00e1ria, que faz parte do patrim\u00f4nio material e imaterial dos munic\u00edpios, bem como criar espa\u00e7os para que as novas gera\u00e7\u00f5es conhe\u00e7am a hist\u00f3ria da ferrovia, a VLI \u2013 administradora da Ferrovia Centro-Atl\u00e2ntica (FCA) \u2013, em parceria com a Ag\u00eancia de Iniciativas Cidad\u00e3s (AIC) e a administra\u00e7\u00e3o municipal de Tr\u00eas Rios (RJ), [&hellip;]<\/p>\n","protected":false},"author":1,"featured_media":21267,"comment_status":"open","ping_status":"open","sticky":false,"template":"","format":"standard","meta":{"_uag_custom_page_level_css":"","footnotes":""},"categories":[27],"tags":[20071,4984,18034,25096],"class_list":["post-21266","post","type-post","status-publish","format-standard","has-post-thumbnail","hentry","category-acontece","tag-ferrovia-centro-atlantica-fca","tag-ferrovias","tag-tres-rios-rj","tag-vli-transporte-e-logistica"],"blocksy_meta":[],"spectra_blocks_featured_image_url":{"thumbnail":{"url":"https:\/\/construcaocivil.siriusmarketingedesign.com.br\/wp-content\/uploads\/2023\/03\/EstacaodeMemorias_TresRios_Divulgacao-150x150.jpg","width":150,"height":150},"medium":{"url":"https:\/\/construcaocivil.siriusmarketingedesign.com.br\/wp-content\/uploads\/2023\/03\/EstacaodeMemorias_TresRios_Divulgacao-169x300.jpg","width":169,"height":300},"medium_large":{"url":"https:\/\/construcaocivil.siriusmarketingedesign.com.br\/wp-content\/uploads\/2023\/03\/EstacaodeMemorias_TresRios_Divulgacao-768x1364.jpg","width":768,"height":1364},"large":{"url":"https:\/\/construcaocivil.siriusmarketingedesign.com.br\/wp-content\/uploads\/2023\/03\/EstacaodeMemorias_TresRios_Divulgacao-576x1024.jpg","width":576,"height":1024},"full":{"url":"https:\/\/construcaocivil.siriusmarketingedesign.com.br\/wp-content\/uploads\/2023\/03\/EstacaodeMemorias_TresRios_Divulgacao-scaled.jpg","width":1441,"height":2560}},"spectra_blocks_author_info":{"display_name":"Jornal da Constru\u00e7\u00e3o Civil","avatar_url":"https:\/\/secure.gravatar.com\/avatar\/973c9774fd44ddaceb026973c4962faa70fc512bc4c9da68e8ebb40fecee6540?s=96&d=mm&r=g","author_link":"https:\/\/construcaocivil.siriusmarketingedesign.com.br\/?author=1","description":"Desde de 2013, levando muitas informa\u00e7\u00f5es, lan\u00e7amentos e produtos de qualidade para toda cadeia produtiva da constru\u00e7\u00e3o. O Futuro da constru\u00e7\u00e3o passa por aqui,"},"uagb_featured_image_src":{"full":["https:\/\/construcaocivil.siriusmarketingedesign.com.br\/wp-content\/uploads\/2023\/03\/EstacaodeMemorias_TresRios_Divulgacao-scaled.jpg",1441,2560,false],"thumbnail":["https:\/\/construcaocivil.siriusmarketingedesign.com.br\/wp-content\/uploads\/2023\/03\/EstacaodeMemorias_TresRios_Divulgacao-150x150.jpg",150,150,true],"medium":["https:\/\/construcaocivil.siriusmarketingedesign.com.br\/wp-content\/uploads\/2023\/03\/EstacaodeMemorias_TresRios_Divulgacao-169x300.jpg",169,300,true],"medium_large":["https:\/\/construcaocivil.siriusmarketingedesign.com.br\/wp-content\/uploads\/2023\/03\/EstacaodeMemorias_TresRios_Divulgacao-768x1364.jpg",768,1364,true],"large":["https:\/\/construcaocivil.siriusmarketingedesign.com.br\/wp-content\/uploads\/2023\/03\/EstacaodeMemorias_TresRios_Divulgacao-576x1024.jpg",576,1024,true],"1536x1536":["https:\/\/construcaocivil.siriusmarketingedesign.com.br\/wp-content\/uploads\/2023\/03\/EstacaodeMemorias_TresRios_Divulgacao-865x1536.jpg",865,1536,true],"2048x2048":["https:\/\/construcaocivil.siriusmarketingedesign.com.br\/wp-content\/uploads\/2023\/03\/EstacaodeMemorias_TresRios_Divulgacao-1153x2048.jpg",1153,2048,true]},"uagb_author_info":{"display_name":"Jornal da Constru\u00e7\u00e3o Civil","author_link":"https:\/\/construcaocivil.siriusmarketingedesign.com.br\/?author=1"},"uagb_comment_info":0,"uagb_excerpt":"Para preservar a mem\u00f3ria ferrovi\u00e1ria, que faz parte do patrim\u00f4nio material e imaterial dos munic\u00edpios, bem como criar espa\u00e7os para que as novas gera\u00e7\u00f5es conhe\u00e7am a hist\u00f3ria da ferrovia, a VLI \u2013 administradora da Ferrovia Centro-Atl\u00e2ntica (FCA) \u2013, em parceria com a Ag\u00eancia de Iniciativas Cidad\u00e3s (AIC) e a administra\u00e7\u00e3o municipal de Tr\u00eas Rios (RJ),&hellip;","_links":{"self":[{"href":"https:\/\/construcaocivil.siriusmarketingedesign.com.br\/index.php?rest_route=\/wp\/v2\/posts\/21266","targetHints":{"allow":["GET"]}}],"collection":[{"href":"https:\/\/construcaocivil.siriusmarketingedesign.com.br\/index.php?rest_route=\/wp\/v2\/posts"}],"about":[{"href":"https:\/\/construcaocivil.siriusmarketingedesign.com.br\/index.php?rest_route=\/wp\/v2\/types\/post"}],"author":[{"embeddable":true,"href":"https:\/\/construcaocivil.siriusmarketingedesign.com.br\/index.php?rest_route=\/wp\/v2\/users\/1"}],"replies":[{"embeddable":true,"href":"https:\/\/construcaocivil.siriusmarketingedesign.com.br\/index.php?rest_route=%2Fwp%2Fv2%2Fcomments&post=21266"}],"version-history":[{"count":0,"href":"https:\/\/construcaocivil.siriusmarketingedesign.com.br\/index.php?rest_route=\/wp\/v2\/posts\/21266\/revisions"}],"wp:featuredmedia":[{"embeddable":true,"href":"https:\/\/construcaocivil.siriusmarketingedesign.com.br\/index.php?rest_route=\/wp\/v2\/media\/21267"}],"wp:attachment":[{"href":"https:\/\/construcaocivil.siriusmarketingedesign.com.br\/index.php?rest_route=%2Fwp%2Fv2%2Fmedia&parent=21266"}],"wp:term":[{"taxonomy":"category","embeddable":true,"href":"https:\/\/construcaocivil.siriusmarketingedesign.com.br\/index.php?rest_route=%2Fwp%2Fv2%2Fcategories&post=21266"},{"taxonomy":"post_tag","embeddable":true,"href":"https:\/\/construcaocivil.siriusmarketingedesign.com.br\/index.php?rest_route=%2Fwp%2Fv2%2Ftags&post=21266"}],"curies":[{"name":"wp","href":"https:\/\/api.w.org\/{rel}","templated":true}]}}