{"id":21286,"date":"2023-03-07T19:59:44","date_gmt":"2023-03-07T22:59:44","guid":{"rendered":"https:\/\/www.jornaldaconstrucaocivil.com.br\/?p=21286"},"modified":"2023-03-07T19:59:44","modified_gmt":"2023-03-07T22:59:44","slug":"seconci-mg-e-tjmg-promove-debate-sobre-violencia-contra-a-mulher-para-funcionarios-da-construcao-civil","status":"publish","type":"post","link":"https:\/\/construcaocivil.siriusmarketingedesign.com.br\/?p=21286","title":{"rendered":"Seconci-MG e TJMG promove debate sobre viol\u00eancia contra a mulher para funcion\u00e1rios da constru\u00e7\u00e3o civil"},"content":{"rendered":"<div class=\"v1gmail_quote\">\n<div dir=\"ltr\">\n<div class=\"v1gmail_quote\">\n<div dir=\"ltr\">\n<div class=\"v1gmail_quote\">\n<div dir=\"ltr\" style=\"text-align: justify;\">Em alus\u00e3o ao Dia da Mulher, o Servi\u00e7o Social da Ind\u00fastria da Constru\u00e7\u00e3o Civil no Estado de Minas Gerais (Seconci-MG), bra\u00e7o social do Sindicato Patronal da Constru\u00e7\u00e3o Civil em Minas Gerais (Sinduscon-MG), leva o debate sobre a viol\u00eancia dom\u00e9stica at\u00e9 o canteiro de obras. Entre os dias 6 e 10 de mar\u00e7o, uma equipe multidisciplinar ir\u00e1 ministrar uma s\u00e9rie de palestras, com dura\u00e7\u00e3o de cerca de 40 minutos, para 450 colaboradores de empresas associadas em Belo Horizonte e Regi\u00e3o Metropolitana.<\/p>\n<p>A iniciativa faz parte do projeto &#8220;Construindo Igualdades&#8221;, desenvolvido em parceria com o Tribunal de Justi\u00e7a de Minas Gerais (TJMG), por meio de sua Coordenadoria da Mulher em Situa\u00e7\u00e3o de Viol\u00eancia Dom\u00e9stica e Familiar (Comsiv). Somente em fevereiro, o Seconci-MG j\u00e1 promoveu cinco palestras para 453 trabalhadores do setor sobre a viol\u00eancia dom\u00e9stica e familiar contra a mulher em canteiros de obras de empresas associadas, ministradas por desembargadores, ju\u00edzes, defensores p\u00fablicos, entre outros profissionais.<\/p>\n<p>O debate promove momentos de reflex\u00e3o sobre a escalada da viol\u00eancia contra a mulher, as ra\u00edzes sociais deste problema, suas diversas formas de manifesta\u00e7\u00e3o e as possibilidades de enfrentamento. O tema, at\u00e9 ent\u00e3o in\u00e9dito na grade de palestras promovidas nos canteiros de obras, que foca principalmente em assuntos relacionados \u00e0 sa\u00fade e seguran\u00e7a no trabalho, vem tendo resson\u00e2ncia junto aos colaboradores das \u00e1reas operacionais e gerenciais das empresas.<\/p>\n<p>&#8220;Acreditamos que a constru\u00e7\u00e3o de rela\u00e7\u00f5es interpessoais mais saud\u00e1veis, alicer\u00e7adas na empatia, na toler\u00e2ncia, no di\u00e1logo, no respeito m\u00fatuo e no reconhecimento e acatamento das diferen\u00e7as \u00e9 fundamental para a mudan\u00e7a de comportamento&#8221;, observa a supervisora do Departamento de Servi\u00e7o Social do Seconci-MG, Sylvia Helena Costa, setor respons\u00e1vel por intermediar contatos e provid\u00eancias para realiza\u00e7\u00e3o das palestras nas obras e sedes das empresas.<\/p>\n<p>A conversa procura evidenciar comportamentos que contribuem para o aumento do preconceito, da discrimina\u00e7\u00e3o, do ass\u00e9dio e de outras formas de abuso, que culminam no aumento de casos de viol\u00eancia dom\u00e9stica e mortes, sobretudo os feminic\u00eddios. &#8220;Estas intera\u00e7\u00f5es possibilitam o questionamento de certos estere\u00f3tipos de g\u00eanero, assumidos como naturais, mostrando-se que, na verdade, s\u00e3o constru\u00e7\u00f5es sociais e que podem ser desconstru\u00eddas, um passo importante para evitar a viol\u00eancia&#8221;, complementa a supervisora do Seconci-MG.<\/p><\/div>\n<\/div>\n<\/div>\n<\/div>\n<\/div>\n<\/div>\n<div style=\"text-align: justify;\"><\/div>\n","protected":false},"excerpt":{"rendered":"<p>Em alus\u00e3o ao Dia da Mulher, o Servi\u00e7o Social da Ind\u00fastria da Constru\u00e7\u00e3o Civil no Estado de Minas Gerais (Seconci-MG), bra\u00e7o social do Sindicato Patronal da Constru\u00e7\u00e3o Civil em Minas Gerais (Sinduscon-MG), leva o debate sobre a viol\u00eancia dom\u00e9stica at\u00e9 o canteiro de obras. Entre os dias 6 e 10 de mar\u00e7o, uma equipe multidisciplinar [&hellip;]<\/p>\n","protected":false},"author":1,"featured_media":21287,"comment_status":"open","ping_status":"open","sticky":false,"template":"","format":"standard","meta":{"_uag_custom_page_level_css":"","footnotes":""},"categories":[27],"tags":[25107,3616,10731,11845,25108],"class_list":["post-21286","post","type-post","status-publish","format-standard","has-post-thumbnail","hentry","category-acontece","tag-tjmg","tag-dia-internacional-da-mulher","tag-seconci-mg","tag-trabalhadores-da-construcao-civil","tag-violencia-contra-mulher"],"blocksy_meta":[],"spectra_blocks_featured_image_url":{"thumbnail":{"url":"https:\/\/construcaocivil.siriusmarketingedesign.com.br\/wp-content\/uploads\/2023\/03\/credito-juarez-rodrigues-tjmg-150x150.jpeg","width":150,"height":150},"medium":{"url":"https:\/\/construcaocivil.siriusmarketingedesign.com.br\/wp-content\/uploads\/2023\/03\/credito-juarez-rodrigues-tjmg-300x200.jpeg","width":300,"height":200},"medium_large":{"url":"https:\/\/construcaocivil.siriusmarketingedesign.com.br\/wp-content\/uploads\/2023\/03\/credito-juarez-rodrigues-tjmg-768x512.jpeg","width":768,"height":512},"large":{"url":"https:\/\/construcaocivil.siriusmarketingedesign.com.br\/wp-content\/uploads\/2023\/03\/credito-juarez-rodrigues-tjmg.jpeg","width":1000,"height":667},"full":{"url":"https:\/\/construcaocivil.siriusmarketingedesign.com.br\/wp-content\/uploads\/2023\/03\/credito-juarez-rodrigues-tjmg.jpeg","width":1000,"height":667}},"spectra_blocks_author_info":{"display_name":"Jornal da Constru\u00e7\u00e3o Civil","avatar_url":"https:\/\/secure.gravatar.com\/avatar\/973c9774fd44ddaceb026973c4962faa70fc512bc4c9da68e8ebb40fecee6540?s=96&d=mm&r=g","author_link":"https:\/\/construcaocivil.siriusmarketingedesign.com.br\/?author=1","description":"Desde de 2013, levando muitas informa\u00e7\u00f5es, lan\u00e7amentos e produtos de qualidade para toda cadeia produtiva da constru\u00e7\u00e3o. O Futuro da constru\u00e7\u00e3o passa por aqui,"},"uagb_featured_image_src":{"full":["https:\/\/construcaocivil.siriusmarketingedesign.com.br\/wp-content\/uploads\/2023\/03\/credito-juarez-rodrigues-tjmg.jpeg",1000,667,false],"thumbnail":["https:\/\/construcaocivil.siriusmarketingedesign.com.br\/wp-content\/uploads\/2023\/03\/credito-juarez-rodrigues-tjmg-150x150.jpeg",150,150,true],"medium":["https:\/\/construcaocivil.siriusmarketingedesign.com.br\/wp-content\/uploads\/2023\/03\/credito-juarez-rodrigues-tjmg-300x200.jpeg",300,200,true],"medium_large":["https:\/\/construcaocivil.siriusmarketingedesign.com.br\/wp-content\/uploads\/2023\/03\/credito-juarez-rodrigues-tjmg-768x512.jpeg",768,512,true],"large":["https:\/\/construcaocivil.siriusmarketingedesign.com.br\/wp-content\/uploads\/2023\/03\/credito-juarez-rodrigues-tjmg.jpeg",1000,667,false],"1536x1536":["https:\/\/construcaocivil.siriusmarketingedesign.com.br\/wp-content\/uploads\/2023\/03\/credito-juarez-rodrigues-tjmg.jpeg",1000,667,false],"2048x2048":["https:\/\/construcaocivil.siriusmarketingedesign.com.br\/wp-content\/uploads\/2023\/03\/credito-juarez-rodrigues-tjmg.jpeg",1000,667,false]},"uagb_author_info":{"display_name":"Jornal da Constru\u00e7\u00e3o Civil","author_link":"https:\/\/construcaocivil.siriusmarketingedesign.com.br\/?author=1"},"uagb_comment_info":0,"uagb_excerpt":"Em alus\u00e3o ao Dia da Mulher, o Servi\u00e7o Social da Ind\u00fastria da Constru\u00e7\u00e3o Civil no Estado de Minas Gerais (Seconci-MG), bra\u00e7o social do Sindicato Patronal da Constru\u00e7\u00e3o Civil em Minas Gerais (Sinduscon-MG), leva o debate sobre a viol\u00eancia dom\u00e9stica at\u00e9 o canteiro de obras. Entre os dias 6 e 10 de mar\u00e7o, uma equipe multidisciplinar&hellip;","_links":{"self":[{"href":"https:\/\/construcaocivil.siriusmarketingedesign.com.br\/index.php?rest_route=\/wp\/v2\/posts\/21286","targetHints":{"allow":["GET"]}}],"collection":[{"href":"https:\/\/construcaocivil.siriusmarketingedesign.com.br\/index.php?rest_route=\/wp\/v2\/posts"}],"about":[{"href":"https:\/\/construcaocivil.siriusmarketingedesign.com.br\/index.php?rest_route=\/wp\/v2\/types\/post"}],"author":[{"embeddable":true,"href":"https:\/\/construcaocivil.siriusmarketingedesign.com.br\/index.php?rest_route=\/wp\/v2\/users\/1"}],"replies":[{"embeddable":true,"href":"https:\/\/construcaocivil.siriusmarketingedesign.com.br\/index.php?rest_route=%2Fwp%2Fv2%2Fcomments&post=21286"}],"version-history":[{"count":0,"href":"https:\/\/construcaocivil.siriusmarketingedesign.com.br\/index.php?rest_route=\/wp\/v2\/posts\/21286\/revisions"}],"wp:featuredmedia":[{"embeddable":true,"href":"https:\/\/construcaocivil.siriusmarketingedesign.com.br\/index.php?rest_route=\/wp\/v2\/media\/21287"}],"wp:attachment":[{"href":"https:\/\/construcaocivil.siriusmarketingedesign.com.br\/index.php?rest_route=%2Fwp%2Fv2%2Fmedia&parent=21286"}],"wp:term":[{"taxonomy":"category","embeddable":true,"href":"https:\/\/construcaocivil.siriusmarketingedesign.com.br\/index.php?rest_route=%2Fwp%2Fv2%2Fcategories&post=21286"},{"taxonomy":"post_tag","embeddable":true,"href":"https:\/\/construcaocivil.siriusmarketingedesign.com.br\/index.php?rest_route=%2Fwp%2Fv2%2Ftags&post=21286"}],"curies":[{"name":"wp","href":"https:\/\/api.w.org\/{rel}","templated":true}]}}