{"id":2132,"date":"2016-06-15T17:41:10","date_gmt":"2016-06-15T17:41:10","guid":{"rendered":"http:\/\/www.jornaldaconstrucaocivil.com.br\/?p=2132"},"modified":"2016-06-15T17:41:10","modified_gmt":"2016-06-15T17:41:10","slug":"ministerio-das-cidades-reedita-portaria-do-minha-casa-minha-vida-modalidade-rural","status":"publish","type":"post","link":"https:\/\/construcaocivil.siriusmarketingedesign.com.br\/?p=2132","title":{"rendered":"Minist\u00e9rio das Cidades reedita portaria do Minha Casa, Minha Vida, modalidade Rural"},"content":{"rendered":"<p><strong><span style=\"color: #000000;\">O ministro das Cidades, Bruno Ara\u00fajo, autoriza a publica\u00e7\u00e3o, na sexta-feira (10), no Di\u00e1rio Oficial da Uni\u00e3o, de Portaria n\u00ba 235 de 9 de junho de 2016 que\u00a0 trata das condi\u00e7\u00f5es para habilita\u00e7\u00e3o e requalifica\u00e7\u00e3o de entidades privadas sem fins lucrativos, no \u00e2mbito do Programa Nacional de Habita\u00e7\u00e3o Rural (PNHR), integrante do Programa Minha Casa, Minha Vida.<\/span><\/strong><\/p>\n<figure id=\"attachment_2133\" aria-describedby=\"caption-attachment-2133\" style=\"width: 300px\" class=\"wp-caption alignleft\"><a href=\"http:\/\/www.jornaldaconstrucaocivil.com.br\/wp-content\/uploads\/2016\/06\/140316_Min_MCMV_Luzi\u00e2nia_Foto_Bruno_Peres_14_capa.jpg\"><img loading=\"lazy\" decoding=\"async\" class=\"size-medium wp-image-2133\" src=\"http:\/\/www.jornaldaconstrucaocivil.com.br\/wp-content\/uploads\/2016\/06\/140316_Min_MCMV_Luzi\u00e2nia_Foto_Bruno_Peres_14_capa-300x172.jpg\" alt=\"Luzi\u00e2nia-GO. 14\/03\/2016. Foto: Bruno Peres\/Min. Cidades. Unidades habitacionais do Parque Jardim S\u00e3o Paulo, entregues pelo programa Minha Casa Minha Vida.\" width=\"300\" height=\"172\" \/><\/a><figcaption id=\"caption-attachment-2133\" class=\"wp-caption-text\"><span style=\"color: #ff0000;\">Luzi\u00e2nia-GO. 14\/03\/2016. Foto: Bruno Peres\/Min. Cidades. Unidades habitacionais do Parque Jardim S\u00e3o Paulo, entregues pelo programa Minha Casa Minha Vida.<\/span><\/figcaption><\/figure>\n<p><span style=\"color: #000000;\">A reedi\u00e7\u00e3o da portaria 178\/2016 traz regras mais ison\u00f4micas para a habilita\u00e7\u00e3o de entidades privadas sem fins lucrativos para recebimento de cr\u00e9ditos da Caixa Econ\u00f4mica Federal, para constru\u00e7\u00e3o unidades do Minha Casa Minha Vida na zona rural. Entre os novos crit\u00e9rios est\u00e1 a avalia\u00e7\u00e3o da capacidade da entidade de gerenciar obras.<\/span><\/p>\n<p><span style=\"color: #000000;\">Outro aprimoramento \u00e9 o fim da pontua\u00e7\u00e3o de forma indireta de entidades filiadas ou vinculadas as associa\u00e7\u00f5es com representa\u00e7\u00e3o em Grupos de Trabalhos estabelecidos pelo Minist\u00e9rio das Cidades ou com representatividade no Conselho Nacional de Desenvolvimento Rural Sustent\u00e1vel (CONDRAF).<\/span><\/p>\n<p><span style=\"color: #000000;\">Desde a revoga\u00e7\u00e3o da portaria 178\/2016 no dia 13\/05, o Minist\u00e9rio das Cidades tem divulgado que a medida foi para aprimorar a gest\u00e3o do Programa e que seria reeditado novo texto, t\u00e3o logo esse estudo estivesse pronto. Por tanto, a reedi\u00e7\u00e3o da Portaria n\u00e3o se trata de um recuo e sim, de a\u00e7\u00e3o na busca do cont\u00ednuo aprimoramento das atividades programadas do Minist\u00e9rio.<\/span><\/p>\n<p><strong><span style=\"color: #000000;\">Di\u00e1logo com as entidades<\/span><\/strong><\/p>\n<p><span style=\"color: #000000;\">Paralelo ao trabalho de reedi\u00e7\u00e3o da portaria, o Minist\u00e9rio das Cidades tamb\u00e9m sinalizou a abertura de di\u00e1logo com as entidades\u00a0 interessadas no PNHR no MCMV &#8211; Entidades. Depois da invas\u00e3o do pr\u00e9dio do Minist\u00e9rio, por parte da Frente Revolucion\u00e1ria Mulheres de Luta (FRML) e Frente Nacional de Luta (FNL), ocorrida na \u00faltima segunda-feira (6), a Secret\u00e1ria Nacional de Habita\u00e7\u00e3o, Maria Henriqueta Arantes, os recebeu em audi\u00eancia. Os representantes das entidades, exaltados,\u00a0 n\u00e3o quiseram iniciar o di\u00e1logo sem um representante da Casa Civil da Presid\u00eancia, que n\u00e3o p\u00f4de comparecer naquele momento.<\/span><\/p>\n<p><span style=\"color: #000000;\">\u00a0Os manifestantes foram embora mesmo depois de ter sido esclarecido que os assuntos referentes \u00e0 habita\u00e7\u00e3o est\u00e3o concentrados, no Minist\u00e9rio das Cidades.<\/span><\/p>\n<p><span style=\"color: #003300;\">Fonte: Ascom\/ Minist\u00e9rio das Cidades\u00a0<\/span><\/p>\n<p>&nbsp;<\/p>\n","protected":false},"excerpt":{"rendered":"<p>O ministro das Cidades, Bruno Ara\u00fajo, autoriza a publica\u00e7\u00e3o, na sexta-feira (10), no Di\u00e1rio Oficial da Uni\u00e3o, de Portaria n\u00ba 235 de 9 de junho de 2016 que\u00a0 trata das condi\u00e7\u00f5es para habilita\u00e7\u00e3o e requalifica\u00e7\u00e3o de entidades privadas sem fins lucrativos, no \u00e2mbito do Programa Nacional de Habita\u00e7\u00e3o Rural (PNHR), integrante do Programa Minha Casa, [&hellip;]<\/p>\n","protected":false},"author":1,"featured_media":2135,"comment_status":"open","ping_status":"open","sticky":false,"template":"","format":"standard","meta":{"_uag_custom_page_level_css":"","footnotes":""},"categories":[31],"tags":[2795,5245,5248,7692,7713,9635],"class_list":["post-2132","post","type-post","status-publish","format-standard","has-post-thumbnail","hentry","category-infraestrutura","tag-conselho-nacional-de-desenvolvimento-rural-sustentavel-condraf","tag-frente-nacional-de-luta-fnl","tag-frente-revolucionaria-mulheres-de-luta-frml","tag-minha-casa-minha-vida","tag-ministerio-das-cidades","tag-programa-nacional-de-habitacao-rural"],"blocksy_meta":[],"spectra_blocks_featured_image_url":[],"spectra_blocks_author_info":{"display_name":"Jornal da Constru\u00e7\u00e3o Civil","avatar_url":"https:\/\/secure.gravatar.com\/avatar\/973c9774fd44ddaceb026973c4962faa70fc512bc4c9da68e8ebb40fecee6540?s=96&d=mm&r=g","author_link":"https:\/\/construcaocivil.siriusmarketingedesign.com.br\/?author=1","description":"Desde de 2013, levando muitas informa\u00e7\u00f5es, lan\u00e7amentos e produtos de qualidade para toda cadeia produtiva da constru\u00e7\u00e3o. O Futuro da constru\u00e7\u00e3o passa por aqui,"},"uagb_featured_image_src":{"full":false,"thumbnail":false,"medium":false,"medium_large":false,"large":false,"1536x1536":false,"2048x2048":false},"uagb_author_info":{"display_name":"Jornal da Constru\u00e7\u00e3o Civil","author_link":"https:\/\/construcaocivil.siriusmarketingedesign.com.br\/?author=1"},"uagb_comment_info":0,"uagb_excerpt":"O ministro das Cidades, Bruno Ara\u00fajo, autoriza a publica\u00e7\u00e3o, na sexta-feira (10), no Di\u00e1rio Oficial da Uni\u00e3o, de Portaria n\u00ba 235 de 9 de junho de 2016 que\u00a0 trata das condi\u00e7\u00f5es para habilita\u00e7\u00e3o e requalifica\u00e7\u00e3o de entidades privadas sem fins lucrativos, no \u00e2mbito do Programa Nacional de Habita\u00e7\u00e3o Rural (PNHR), integrante do Programa Minha Casa,&hellip;","_links":{"self":[{"href":"https:\/\/construcaocivil.siriusmarketingedesign.com.br\/index.php?rest_route=\/wp\/v2\/posts\/2132","targetHints":{"allow":["GET"]}}],"collection":[{"href":"https:\/\/construcaocivil.siriusmarketingedesign.com.br\/index.php?rest_route=\/wp\/v2\/posts"}],"about":[{"href":"https:\/\/construcaocivil.siriusmarketingedesign.com.br\/index.php?rest_route=\/wp\/v2\/types\/post"}],"author":[{"embeddable":true,"href":"https:\/\/construcaocivil.siriusmarketingedesign.com.br\/index.php?rest_route=\/wp\/v2\/users\/1"}],"replies":[{"embeddable":true,"href":"https:\/\/construcaocivil.siriusmarketingedesign.com.br\/index.php?rest_route=%2Fwp%2Fv2%2Fcomments&post=2132"}],"version-history":[{"count":0,"href":"https:\/\/construcaocivil.siriusmarketingedesign.com.br\/index.php?rest_route=\/wp\/v2\/posts\/2132\/revisions"}],"wp:attachment":[{"href":"https:\/\/construcaocivil.siriusmarketingedesign.com.br\/index.php?rest_route=%2Fwp%2Fv2%2Fmedia&parent=2132"}],"wp:term":[{"taxonomy":"category","embeddable":true,"href":"https:\/\/construcaocivil.siriusmarketingedesign.com.br\/index.php?rest_route=%2Fwp%2Fv2%2Fcategories&post=2132"},{"taxonomy":"post_tag","embeddable":true,"href":"https:\/\/construcaocivil.siriusmarketingedesign.com.br\/index.php?rest_route=%2Fwp%2Fv2%2Ftags&post=2132"}],"curies":[{"name":"wp","href":"https:\/\/api.w.org\/{rel}","templated":true}]}}