{"id":21362,"date":"2023-03-19T15:32:43","date_gmt":"2023-03-19T18:32:43","guid":{"rendered":"https:\/\/www.jornaldaconstrucaocivil.com.br\/?p=21362"},"modified":"2023-03-19T15:32:43","modified_gmt":"2023-03-19T18:32:43","slug":"apenas-um-salario-minimo-justica-determina-o-pagamento-de-pensao-mensal-para-trabalhadora-domestica-mantida-em-condicao-analoga-a-escravidao-por-mais-de-70-anos","status":"publish","type":"post","link":"https:\/\/construcaocivil.siriusmarketingedesign.com.br\/?p=21362","title":{"rendered":"Apenas um sal\u00e1rio m\u00ednimo: Justi\u00e7a determina o pagamento de pens\u00e3o mensal para trabalhadora dom\u00e9stica mantida em condi\u00e7\u00e3o an\u00e1loga \u00e0 escravid\u00e3o por mais de 70 anos"},"content":{"rendered":"<p><span style=\"color: #0000ff;\"><em>MPT Not\u00edcias\u00a0<\/em><\/span><\/p>\n<p style=\"text-align: justify;\"><strong>Rio de Janeiro &#8211;\u00a0<\/strong>A Justi\u00e7a do Trabalho expediu liminar determinando o pagamento de pens\u00e3o mensal no valor de um sal\u00e1rio m\u00ednimo para a trabalhadora dom\u00e9stica de 86 anos resgatada em situa\u00e7\u00e3o de trabalho an\u00e1logo \u00e0 escravid\u00e3o. O resgate ocorreu em mar\u00e7o de 2022 e \u00e9 o caso mais longo de pessoa encontrada em situa\u00e7\u00e3o de escravid\u00e3o contempor\u00e2nea j\u00e1 registrado no Brasil, desde o in\u00edcio do registro hist\u00f3rico em 1995.<\/p>\n<p style=\"text-align: justify;\">A idosa foi resgatada ap\u00f3s den\u00fancia realizada por um vizinho da casa onde ela trabalhava em uma opera\u00e7\u00e3o promovida pelo Minist\u00e9rio P\u00fablico do Trabalho no Rio de Janeiro (MPT-RJ), em conjunto com a Superintend\u00eancia Regional do Trabalho do Rio de Janeiro e o apoio da equipe de assist\u00eancia do Projeto A\u00e7\u00e3o Integrada.<\/p>\n<p style=\"text-align: justify;\">A mulher trabalhou por 72 anos em situa\u00e7\u00e3o de explora\u00e7\u00e3o, por tr\u00eas gera\u00e7\u00f5es da mesma fam\u00edlia, sem que qualquer direito fosse concedido. A investiga\u00e7\u00e3o apurou que o empregador detinha os documentos pessoais da trabalhadora e realizava os saques de sua aposentadoria.<\/p>\n<p style=\"text-align: justify;\">A decis\u00e3o, decorrente de a\u00e7\u00e3o civil p\u00fablica (ACP) ajuizada pelo MPT-RJ, \u00e9 uma medida cautelar e tem como objetivo garantir que a v\u00edtima seja amparada at\u00e9 o final do processo. Na ACP, o MPT-RJ tamb\u00e9m pede que os r\u00e9us sejam condenados ao pagamento das verbas trabalhistas n\u00e3o quitadas de todo per\u00edodo trabalhado e ao pagamento de danos morais individual e coletivo. Esses pedidos ser\u00e3o analisados na decis\u00e3o final do processo.<\/p>\n<p style=\"text-align: justify;\">Al\u00e9m da pens\u00e3o, a liminar tamb\u00e9m determinou a apreens\u00e3o judicial dos im\u00f3veis e ve\u00edculos do empregador e a imediata devolu\u00e7\u00e3o dos documentos e da quantia que o empregador confessou que era da trabalhadora.<\/p>\n","protected":false},"excerpt":{"rendered":"<p>MPT Not\u00edcias\u00a0 Rio de Janeiro &#8211;\u00a0A Justi\u00e7a do Trabalho expediu liminar determinando o pagamento de pens\u00e3o mensal no valor de um sal\u00e1rio m\u00ednimo para a trabalhadora dom\u00e9stica de 86 anos resgatada em situa\u00e7\u00e3o de trabalho an\u00e1logo \u00e0 escravid\u00e3o. O resgate ocorreu em mar\u00e7o de 2022 e \u00e9 o caso mais longo de pessoa encontrada em [&hellip;]<\/p>\n","protected":false},"author":1,"featured_media":21363,"comment_status":"open","ping_status":"open","sticky":false,"template":"","format":"standard","meta":{"_uag_custom_page_level_css":"","footnotes":""},"categories":[27],"tags":[25153,4483,7952,11859],"class_list":["post-21362","post","type-post","status-publish","format-standard","has-post-thumbnail","hentry","category-acontece","tag-empregada-domestica","tag-escravidao-no-brasil","tag-mpt-rj","tag-trabalho-escravo"],"blocksy_meta":[],"spectra_blocks_featured_image_url":{"thumbnail":{"url":"https:\/\/construcaocivil.siriusmarketingedesign.com.br\/wp-content\/uploads\/2023\/03\/28354981-196e-4646-a0b9-d433c0ba74f0-150x150.jpeg","width":150,"height":150},"medium":{"url":"https:\/\/construcaocivil.siriusmarketingedesign.com.br\/wp-content\/uploads\/2023\/03\/28354981-196e-4646-a0b9-d433c0ba74f0-300x197.jpeg","width":300,"height":197},"medium_large":{"url":"https:\/\/construcaocivil.siriusmarketingedesign.com.br\/wp-content\/uploads\/2023\/03\/28354981-196e-4646-a0b9-d433c0ba74f0-768x503.jpeg","width":768,"height":503},"large":{"url":"https:\/\/construcaocivil.siriusmarketingedesign.com.br\/wp-content\/uploads\/2023\/03\/28354981-196e-4646-a0b9-d433c0ba74f0-1024x671.jpeg","width":1024,"height":671},"full":{"url":"https:\/\/construcaocivil.siriusmarketingedesign.com.br\/wp-content\/uploads\/2023\/03\/28354981-196e-4646-a0b9-d433c0ba74f0.jpeg","width":2000,"height":1310}},"spectra_blocks_author_info":{"display_name":"Jornal da Constru\u00e7\u00e3o Civil","avatar_url":"https:\/\/secure.gravatar.com\/avatar\/973c9774fd44ddaceb026973c4962faa70fc512bc4c9da68e8ebb40fecee6540?s=96&d=mm&r=g","author_link":"https:\/\/construcaocivil.siriusmarketingedesign.com.br\/?author=1","description":"Desde de 2013, levando muitas informa\u00e7\u00f5es, lan\u00e7amentos e produtos de qualidade para toda cadeia produtiva da constru\u00e7\u00e3o. O Futuro da constru\u00e7\u00e3o passa por aqui,"},"uagb_featured_image_src":{"full":["https:\/\/construcaocivil.siriusmarketingedesign.com.br\/wp-content\/uploads\/2023\/03\/28354981-196e-4646-a0b9-d433c0ba74f0.jpeg",2000,1310,false],"thumbnail":["https:\/\/construcaocivil.siriusmarketingedesign.com.br\/wp-content\/uploads\/2023\/03\/28354981-196e-4646-a0b9-d433c0ba74f0-150x150.jpeg",150,150,true],"medium":["https:\/\/construcaocivil.siriusmarketingedesign.com.br\/wp-content\/uploads\/2023\/03\/28354981-196e-4646-a0b9-d433c0ba74f0-300x197.jpeg",300,197,true],"medium_large":["https:\/\/construcaocivil.siriusmarketingedesign.com.br\/wp-content\/uploads\/2023\/03\/28354981-196e-4646-a0b9-d433c0ba74f0-768x503.jpeg",768,503,true],"large":["https:\/\/construcaocivil.siriusmarketingedesign.com.br\/wp-content\/uploads\/2023\/03\/28354981-196e-4646-a0b9-d433c0ba74f0-1024x671.jpeg",1024,671,true],"1536x1536":["https:\/\/construcaocivil.siriusmarketingedesign.com.br\/wp-content\/uploads\/2023\/03\/28354981-196e-4646-a0b9-d433c0ba74f0-1536x1006.jpeg",1536,1006,true],"2048x2048":["https:\/\/construcaocivil.siriusmarketingedesign.com.br\/wp-content\/uploads\/2023\/03\/28354981-196e-4646-a0b9-d433c0ba74f0.jpeg",2000,1310,false]},"uagb_author_info":{"display_name":"Jornal da Constru\u00e7\u00e3o Civil","author_link":"https:\/\/construcaocivil.siriusmarketingedesign.com.br\/?author=1"},"uagb_comment_info":0,"uagb_excerpt":"MPT Not\u00edcias\u00a0 Rio de Janeiro &#8211;\u00a0A Justi\u00e7a do Trabalho expediu liminar determinando o pagamento de pens\u00e3o mensal no valor de um sal\u00e1rio m\u00ednimo para a trabalhadora dom\u00e9stica de 86 anos resgatada em situa\u00e7\u00e3o de trabalho an\u00e1logo \u00e0 escravid\u00e3o. O resgate ocorreu em mar\u00e7o de 2022 e \u00e9 o caso mais longo de pessoa encontrada em&hellip;","_links":{"self":[{"href":"https:\/\/construcaocivil.siriusmarketingedesign.com.br\/index.php?rest_route=\/wp\/v2\/posts\/21362","targetHints":{"allow":["GET"]}}],"collection":[{"href":"https:\/\/construcaocivil.siriusmarketingedesign.com.br\/index.php?rest_route=\/wp\/v2\/posts"}],"about":[{"href":"https:\/\/construcaocivil.siriusmarketingedesign.com.br\/index.php?rest_route=\/wp\/v2\/types\/post"}],"author":[{"embeddable":true,"href":"https:\/\/construcaocivil.siriusmarketingedesign.com.br\/index.php?rest_route=\/wp\/v2\/users\/1"}],"replies":[{"embeddable":true,"href":"https:\/\/construcaocivil.siriusmarketingedesign.com.br\/index.php?rest_route=%2Fwp%2Fv2%2Fcomments&post=21362"}],"version-history":[{"count":0,"href":"https:\/\/construcaocivil.siriusmarketingedesign.com.br\/index.php?rest_route=\/wp\/v2\/posts\/21362\/revisions"}],"wp:featuredmedia":[{"embeddable":true,"href":"https:\/\/construcaocivil.siriusmarketingedesign.com.br\/index.php?rest_route=\/wp\/v2\/media\/21363"}],"wp:attachment":[{"href":"https:\/\/construcaocivil.siriusmarketingedesign.com.br\/index.php?rest_route=%2Fwp%2Fv2%2Fmedia&parent=21362"}],"wp:term":[{"taxonomy":"category","embeddable":true,"href":"https:\/\/construcaocivil.siriusmarketingedesign.com.br\/index.php?rest_route=%2Fwp%2Fv2%2Fcategories&post=21362"},{"taxonomy":"post_tag","embeddable":true,"href":"https:\/\/construcaocivil.siriusmarketingedesign.com.br\/index.php?rest_route=%2Fwp%2Fv2%2Ftags&post=21362"}],"curies":[{"name":"wp","href":"https:\/\/api.w.org\/{rel}","templated":true}]}}