{"id":2139,"date":"2016-06-15T18:10:46","date_gmt":"2016-06-15T18:10:46","guid":{"rendered":"http:\/\/www.jornaldaconstrucaocivil.com.br\/?p=2139"},"modified":"2016-06-15T18:10:46","modified_gmt":"2016-06-15T18:10:46","slug":"fundacao-sos-mata-atlantica-divulga-projetos-aprovados-no-edital-de-apoio-a-unidades-de-conservacao-municipais","status":"publish","type":"post","link":"https:\/\/construcaocivil.siriusmarketingedesign.com.br\/?p=2139","title":{"rendered":"Funda\u00e7\u00e3o SOS Mata Atl\u00e2ntica divulga projetos aprovados no edital de apoio a Unidades de Conserva\u00e7\u00e3o Municipais"},"content":{"rendered":"<p><span style=\"color: #0000ff;\"><strong><em>Edital que estimula fortalecimento da gest\u00e3o ambiental nas cidades tem 24 propostas selecionadas,\u00a0<\/em><em>distribu\u00eddas em 11 dos 17 estados da Mata Atl\u00e2ntica.<\/em><\/strong><\/span><\/p>\n<p><span style=\"color: #000000;\"><em>\u00a0<\/em>A Funda\u00e7\u00e3o SOS Mata Atl\u00e2ntica anuncia nesta quarta-feira (15) os 24 projetos aprovados pelo edital para o apoio \u00e0 cria\u00e7\u00e3o e implementa\u00e7\u00e3o de Unidades de Conserva\u00e7\u00e3o (UCs) Municipais no pa\u00eds. O objetivo \u00e9 estimular as cidades a fortalecerem a gest\u00e3o ambiental de seus territ\u00f3rios, investindo no planejamento e na execu\u00e7\u00e3o de medidas que assegurem prote\u00e7\u00e3o e uso sustent\u00e1vel do ambiente. A iniciativa faz parte das comemora\u00e7\u00f5es dos 30 anos da ONG e conta com o patroc\u00ednio de Bradesco Cart\u00f5es, Bradesco Seguros e Repsol Sinopec Brasil.<\/span><\/p>\n<p><span style=\"color: #000000;\">Marcia Hirota, diretora-executiva da Funda\u00e7\u00e3o SOS Mata Atl\u00e2ntica, ressalta a import\u00e2ncia do edital.<em> \u201c\u00c9 um conjunto de projetos agregadores que contribuir\u00e3o muito para fortalecer esses importantes mecanismos de conserva\u00e7\u00e3o da biodiversidade local, reunindo poder p\u00fablico, institui\u00e7\u00f5es e pessoas para somar esfor\u00e7os voltados para as Unidades de Conserva\u00e7\u00e3o e as pol\u00edticas de prote\u00e7\u00e3o nos munic\u00edpios da Mata Atl\u00e2ntica. Esta agenda \u00e9 uma nova prioridade de atua\u00e7\u00e3o da Funda\u00e7\u00e3o\u201d<\/em>.<\/span><\/p>\n<p>Erika Guimar\u00e3es, coordenadora de \u00c1reas Protegidas da ONG, lembra a import\u00e2ncia das UCs municipais para o bem-estar da popula\u00e7\u00e3o: <em>\u201cTeremos novos parceiros para uma atua\u00e7\u00e3o mais integrada, buscando fortalecer essas \u00e1reas que oferecem servi\u00e7os ambientais relevantes e melhoram a qualidade de vida de todos n\u00f3s\u201d<\/em>.<\/p>\n<p><strong><span style=\"color: #ff0000;\">O edital recebeu propostas em 4 linhas:<\/span><\/strong><\/p>\n<table width=\"669\">\n<tbody>\n<tr>\n<td width=\"147\"><strong>Linha 1<\/strong><\/td>\n<td width=\"204\"><strong>Linha 2<\/strong><\/td>\n<td width=\"176\"><strong>Linha 3<\/strong><\/td>\n<td width=\"142\"><strong>Linha 4<\/strong><\/td>\n<\/tr>\n<tr>\n<td width=\"147\"><span style=\"color: #008000;\">Cria\u00e7\u00e3o de Reservas Particulares do Patrim\u00f4nio Natural (RPPN) reconhecidas pela esfera municipal.<\/span><\/td>\n<td width=\"204\"><span style=\"color: #800080;\">Cria\u00e7\u00e3o de UCs p\u00fablicas de prote\u00e7\u00e3o e integral e uso sustent\u00e1vel na Mata Atl\u00e2ntica, e em ambientes costeiros e marinhos associados.<\/span><\/td>\n<td width=\"176\"><span style=\"color: #0000ff;\">Atividades que contribuam para a gest\u00e3o\/administra\u00e7\u00e3o\/opera\u00e7\u00e3o de UCs p\u00fablicas da Mata Atl\u00e2ntica, costeiras e marinhas.<\/span><\/td>\n<td width=\"142\"><span style=\"color: #000000;\">Projetos que contribuam para a implementa\u00e7\u00e3o consolida\u00e7\u00e3o da UCs de prote\u00e7\u00e3o integral sustent\u00e1vel.<\/span><\/td>\n<\/tr>\n<\/tbody>\n<\/table>\n<p><span style=\"color: #000000;\">Dos 24 projetos aprovados na etapa final, 17 seguiram a linha 4, que trata de a\u00e7\u00f5es para a implementa\u00e7\u00e3o efetiva de UCs municipais j\u00e1 criadas e foi a linha que recebeu mais propostas. No que diz repeito aos tipos de Unidades de Conserva\u00e7\u00e3o contemplados, houve uma distribui\u00e7\u00e3o equilibrada entre UCs de prote\u00e7\u00e3o intregal (10) e uso sutent\u00e1vel (11),\u00a0 e outras 3 propostas para estudos de cria\u00e7\u00e3o de novas UCs.\u00a0\u00a0<\/span><\/p>\n<p>Mais detalhes dos projetos aprovados acesse em:\u00a0<strong><span style=\"color: #0000ff;\">https:\/\/www.sosma.org.br\/projeto\/ucs-municipais\/<\/span><\/strong><\/p>\n<p><strong>Sobre a SOS Mata Atl\u00e2ntica:\u00a0 <a href=\"http:\/\/www.sosma.org.br\/\" target=\"_blank\">www.sosma.org.br.<\/a><\/strong><\/p>\n<p><strong>\u00a0<\/strong><strong>Sobre a Bradesco Cart\u00f5es:\u00a0: <a href=\"http:\/\/www.bradescocartoes.com.br\/\">www.bradescocartoes.com.br<\/a>.<\/strong><\/p>\n<p><strong>\u00a0<\/strong><strong>Sobre o Grupo Bradesco Seguros<\/strong><\/p>\n<p>O <strong>Grupo Bradesco Seguro<\/strong>s \u2013<span style=\"color: #000000;\"> conglomerado segurador da Organiza\u00e7\u00e3o Bradesco \u2013 tem atua\u00e7\u00e3o multilinha em \u00e2mbito nacional. Com diversas a\u00e7\u00f5es voltadas para a sustentabilidade, o Grupo Segurador foi pioneiro, no mercado de Capitaliza\u00e7\u00e3o, no lan\u00e7amento de t\u00edtulos relacionados a projetos socioambientais. Lan\u00e7ado em 2004,<\/span> o <span style=\"color: #0000ff;\">\u201cP\u00e9 Quente Bradesco SOS Mata Atl\u00e2ntica\u201d<\/span> <span style=\"color: #000000;\">foi o primeiro fruto da parceria do Grupo Bradesco Seguros com a Funda\u00e7\u00e3o SOS Mata Atl\u00e2ntica. A iniciativa pioneira destina parte dos recursos arrecadados com a venda dos t\u00edtulos aos programas desenvolvidos pela Funda\u00e7\u00e3o para acelera\u00e7\u00e3o dos seus projetos de prote\u00e7\u00e3o, recupera\u00e7\u00e3o e reflorestamento da Mata Atl\u00e2ntica. Por meio dessa parceria, foi viabilizado o plantio de 24,5 milh\u00f5es de mudas nativas da Mata Atl\u00e2ntica.<\/span><\/p>\n<p><strong>Sobre a Repsol Sinopec Brasil<\/strong><\/p>\n<p><span style=\"color: #000000;\">A <strong>Repsol Sinopec<\/strong> atua no Brasil desde 1997 e concentra suas atividades no setor de explora\u00e7\u00e3o e produ\u00e7\u00e3o de petr\u00f3leo, tendo sido respons\u00e1vel pela maior descoberta j\u00e1 feita no pr\u00e9-sal da Bacia de Campos. O cuidado e a prote\u00e7\u00e3o do meio ambiente s\u00e3o compromissos essenciais para a Repsol Sinopec, cuja posi\u00e7\u00e3o sobre a biodiversidade estabelece que sua atua\u00e7\u00e3o deve ser realizada tendo por premissas a preven\u00e7\u00e3o e a minimiza\u00e7\u00e3o dos impactos negativos nas \u00e1reas pr\u00f3ximas a todas as opera\u00e7\u00f5es, especialmente em ambientes biologicamente diversos ou protegidos, a integra\u00e7\u00e3o da biodiversidade e dos servi\u00e7os ecossist\u00eamicos nos sistemas de gest\u00e3o e a participa\u00e7\u00e3o em projetos de investiga\u00e7\u00e3o, conserva\u00e7\u00e3o e educa\u00e7\u00e3o ambiental. Orientada por essas premissas, a companhia mant\u00e9m ao longo de 10 anos a parceria com a <span style=\"color: #0000ff;\">Funda\u00e7\u00e3o SOS Mata Atl\u00e2ntica<\/span>, apoiando programas para a prote\u00e7\u00e3o e sustentabilidade dos ambientes marinhos e costeiros, restaura\u00e7\u00e3o florestal e educa\u00e7\u00e3o ambiental, por meio dos programas <span style=\"color: #0000ff;\">Costa Atl\u00e2ntica<\/span>,<span style=\"color: #0000ff;\"> Florestas do Futuro<\/span> e <span style=\"color: #0000ff;\">A Mata Atl\u00e2ntica \u00e9 Aqui!.\u00a0<\/span><\/span><\/p>\n<p><span style=\"color: #993300;\">Fonte: Assessoria de Imprensa\u00a0Funda\u00e7\u00e3o SOS Mata Atl\u00e2ntica <\/span><\/p>\n<p>&nbsp;<\/p>\n<p>&nbsp;<\/p>\n","protected":false},"excerpt":{"rendered":"<p>Edital que estimula fortalecimento da gest\u00e3o ambiental nas cidades tem 24 propostas selecionadas,\u00a0distribu\u00eddas em 11 dos 17 estados da Mata Atl\u00e2ntica. \u00a0A Funda\u00e7\u00e3o SOS Mata Atl\u00e2ntica anuncia nesta quarta-feira (15) os 24 projetos aprovados pelo edital para o apoio \u00e0 cria\u00e7\u00e3o e implementa\u00e7\u00e3o de Unidades de Conserva\u00e7\u00e3o (UCs) Municipais no pa\u00eds. O objetivo \u00e9 estimular [&hellip;]<\/p>\n","protected":false},"author":1,"featured_media":0,"comment_status":"open","ping_status":"open","sticky":false,"template":"","format":"quote","meta":{"_uag_custom_page_level_css":"","footnotes":""},"categories":[37],"tags":[1526,3941,5277,5440,7255,10209,11385,12072],"class_list":["post-2139","post","type-post","status-publish","format-quote","hentry","category-sustentabilidade","tag-bradesco-seguros","tag-edital","tag-fundacao-sos-mata-atlantica","tag-gestao-ambiental-nas-cidades","tag-marcia-hirota","tag-repsol-sinopec","tag-sosma","tag-unidades-de-conservacao-no-pais","post_format-post-format-quote"],"blocksy_meta":[],"spectra_blocks_featured_image_url":null,"spectra_blocks_author_info":{"display_name":"Jornal da Constru\u00e7\u00e3o Civil","avatar_url":"https:\/\/secure.gravatar.com\/avatar\/973c9774fd44ddaceb026973c4962faa70fc512bc4c9da68e8ebb40fecee6540?s=96&d=mm&r=g","author_link":"https:\/\/construcaocivil.siriusmarketingedesign.com.br\/?author=1","description":"Desde de 2013, levando muitas informa\u00e7\u00f5es, lan\u00e7amentos e produtos de qualidade para toda cadeia produtiva da constru\u00e7\u00e3o. O Futuro da constru\u00e7\u00e3o passa por aqui,"},"uagb_featured_image_src":{"full":false,"thumbnail":false,"medium":false,"medium_large":false,"large":false,"1536x1536":false,"2048x2048":false},"uagb_author_info":{"display_name":"Jornal da Constru\u00e7\u00e3o Civil","author_link":"https:\/\/construcaocivil.siriusmarketingedesign.com.br\/?author=1"},"uagb_comment_info":0,"uagb_excerpt":"Edital que estimula fortalecimento da gest\u00e3o ambiental nas cidades tem 24 propostas selecionadas,\u00a0distribu\u00eddas em 11 dos 17 estados da Mata Atl\u00e2ntica. \u00a0A Funda\u00e7\u00e3o SOS Mata Atl\u00e2ntica anuncia nesta quarta-feira (15) os 24 projetos aprovados pelo edital para o apoio \u00e0 cria\u00e7\u00e3o e implementa\u00e7\u00e3o de Unidades de Conserva\u00e7\u00e3o (UCs) Municipais no pa\u00eds. O objetivo \u00e9 estimular&hellip;","_links":{"self":[{"href":"https:\/\/construcaocivil.siriusmarketingedesign.com.br\/index.php?rest_route=\/wp\/v2\/posts\/2139","targetHints":{"allow":["GET"]}}],"collection":[{"href":"https:\/\/construcaocivil.siriusmarketingedesign.com.br\/index.php?rest_route=\/wp\/v2\/posts"}],"about":[{"href":"https:\/\/construcaocivil.siriusmarketingedesign.com.br\/index.php?rest_route=\/wp\/v2\/types\/post"}],"author":[{"embeddable":true,"href":"https:\/\/construcaocivil.siriusmarketingedesign.com.br\/index.php?rest_route=\/wp\/v2\/users\/1"}],"replies":[{"embeddable":true,"href":"https:\/\/construcaocivil.siriusmarketingedesign.com.br\/index.php?rest_route=%2Fwp%2Fv2%2Fcomments&post=2139"}],"version-history":[{"count":0,"href":"https:\/\/construcaocivil.siriusmarketingedesign.com.br\/index.php?rest_route=\/wp\/v2\/posts\/2139\/revisions"}],"wp:attachment":[{"href":"https:\/\/construcaocivil.siriusmarketingedesign.com.br\/index.php?rest_route=%2Fwp%2Fv2%2Fmedia&parent=2139"}],"wp:term":[{"taxonomy":"category","embeddable":true,"href":"https:\/\/construcaocivil.siriusmarketingedesign.com.br\/index.php?rest_route=%2Fwp%2Fv2%2Fcategories&post=2139"},{"taxonomy":"post_tag","embeddable":true,"href":"https:\/\/construcaocivil.siriusmarketingedesign.com.br\/index.php?rest_route=%2Fwp%2Fv2%2Ftags&post=2139"}],"curies":[{"name":"wp","href":"https:\/\/api.w.org\/{rel}","templated":true}]}}