{"id":214,"date":"2015-10-15T21:01:42","date_gmt":"2015-10-15T21:01:42","guid":{"rendered":"http:\/\/www.jornaldaconstrucaocivil.com.br\/?p=214"},"modified":"2015-10-15T21:01:42","modified_gmt":"2015-10-15T21:01:42","slug":"resende-prefeitura-entrega-quadra-na-escola-jardim-das-acacias","status":"publish","type":"post","link":"https:\/\/construcaocivil.siriusmarketingedesign.com.br\/?p=214","title":{"rendered":"RESENDE: PREFEITURA ENTREGA QUADRA NA ESCOLA JARDIM DAS AC\u00c1CIAS"},"content":{"rendered":"<figure style=\"width: 300px\" class=\"wp-caption alignleft\"><img loading=\"lazy\" decoding=\"async\" src=\"http:\/\/www.jornaldaconstrucaocivil.com.br\/wp-content\/uploads\/2015\/10\/Quadra-da-Escola-Municipal-Jardim-das-%C3%81cacias-Barra-2-Jorge-Trindade-6-300x199.jpg\" alt=\"Quadra da Escola Municipal Jardim das \u00c1cacias - Barra 2 - Jorge Trindade (6)\" width=\"300\" height=\"199\" \/><figcaption class=\"wp-caption-text\"><span style=\"color: #ff0000;\">Quadra da Escola Municipal Jardim das \u00c1cacias. Foto: Jorge Trindade<\/span><\/figcaption><\/figure>\n<p align=\"justify\"><span style=\"font-family: Verdana, sans-serif; color: #000000;\">Os alunos da Escola Municipal Jardim das Ac\u00e1cias, situada no bairro Fazenda da Barra II, v\u00e3o receber nesta sexta-feira, dia 16, uma quadra poliesportiva. A inaugura\u00e7\u00e3o ser\u00e1 \u00e0s 19h e ter\u00e1 a presen\u00e7a do prefeito Jos\u00e9 Rechuan e secret\u00e1rios municipais. A quadra \u00e9 coberta e ganhou tamb\u00e9m ilumina\u00e7\u00e3o.<\/span><\/p>\n<p align=\"justify\"><span style=\"font-family: Verdana, sans-serif; color: #000000;\">&#8211; Essa melhoria vai beneficiar a pr\u00e1tica esportiva entre os estudantes, al\u00e9m de atividades recreativas, oferecendo todo o conforto que eles merecem, com cobertura met\u00e1lica e ilumina\u00e7\u00e3o \u2013 destacou o secret\u00e1rio de Educa\u00e7\u00e3o, M\u00e1rio Rodrigues.<\/span><\/p>\n<p align=\"justify\"><span style=\"font-family: Verdana, sans-serif; color: #000000;\">Neste ano, a Prefeitura entregou ainda a reforma da quadra poliesportiva do bairro Santo Amaro, que teve toda a \u00e1rea de lazer melhorada, com reforma dos brinquedos do parquinho, entre outros servi\u00e7os, e a Pra\u00e7a das Mangueiras no bairro Itapuca, que foi totalmente revitalizada.<\/span><\/p>\n<p align=\"justify\"><span style=\"color: #000000;\">Fonte: ASCOM\/PREFEITURA RESENDE<\/span><\/p>\n<p align=\"justify\">\n","protected":false},"excerpt":{"rendered":"<p>Os alunos da Escola Municipal Jardim das Ac\u00e1cias, situada no bairro Fazenda da Barra II, v\u00e3o receber nesta sexta-feira, dia 16, uma quadra poliesportiva. A inaugura\u00e7\u00e3o ser\u00e1 \u00e0s 19h e ter\u00e1 a presen\u00e7a do prefeito Jos\u00e9 Rechuan e secret\u00e1rios municipais. A quadra \u00e9 coberta e ganhou tamb\u00e9m ilumina\u00e7\u00e3o. &#8211; Essa melhoria vai beneficiar a pr\u00e1tica [&hellip;]<\/p>\n","protected":false},"author":1,"featured_media":215,"comment_status":"open","ping_status":"open","sticky":false,"template":"","format":"standard","meta":{"_uag_custom_page_level_css":"","footnotes":""},"categories":[37],"tags":[8668,9833,10214],"class_list":["post-214","post","type-post","status-publish","format-standard","has-post-thumbnail","hentry","category-sustentabilidade","tag-parque-das-acacias","tag-quadra-esportiva","tag-resende"],"blocksy_meta":[],"spectra_blocks_featured_image_url":[],"spectra_blocks_author_info":{"display_name":"Jornal da Constru\u00e7\u00e3o Civil","avatar_url":"https:\/\/secure.gravatar.com\/avatar\/973c9774fd44ddaceb026973c4962faa70fc512bc4c9da68e8ebb40fecee6540?s=96&d=mm&r=g","author_link":"https:\/\/construcaocivil.siriusmarketingedesign.com.br\/?author=1","description":"Desde de 2013, levando muitas informa\u00e7\u00f5es, lan\u00e7amentos e produtos de qualidade para toda cadeia produtiva da constru\u00e7\u00e3o. O Futuro da constru\u00e7\u00e3o passa por aqui,"},"uagb_featured_image_src":{"full":false,"thumbnail":false,"medium":false,"medium_large":false,"large":false,"1536x1536":false,"2048x2048":false},"uagb_author_info":{"display_name":"Jornal da Constru\u00e7\u00e3o Civil","author_link":"https:\/\/construcaocivil.siriusmarketingedesign.com.br\/?author=1"},"uagb_comment_info":0,"uagb_excerpt":"Os alunos da Escola Municipal Jardim das Ac\u00e1cias, situada no bairro Fazenda da Barra II, v\u00e3o receber nesta sexta-feira, dia 16, uma quadra poliesportiva. A inaugura\u00e7\u00e3o ser\u00e1 \u00e0s 19h e ter\u00e1 a presen\u00e7a do prefeito Jos\u00e9 Rechuan e secret\u00e1rios municipais. A quadra \u00e9 coberta e ganhou tamb\u00e9m ilumina\u00e7\u00e3o. &#8211; Essa melhoria vai beneficiar a pr\u00e1tica&hellip;","_links":{"self":[{"href":"https:\/\/construcaocivil.siriusmarketingedesign.com.br\/index.php?rest_route=\/wp\/v2\/posts\/214","targetHints":{"allow":["GET"]}}],"collection":[{"href":"https:\/\/construcaocivil.siriusmarketingedesign.com.br\/index.php?rest_route=\/wp\/v2\/posts"}],"about":[{"href":"https:\/\/construcaocivil.siriusmarketingedesign.com.br\/index.php?rest_route=\/wp\/v2\/types\/post"}],"author":[{"embeddable":true,"href":"https:\/\/construcaocivil.siriusmarketingedesign.com.br\/index.php?rest_route=\/wp\/v2\/users\/1"}],"replies":[{"embeddable":true,"href":"https:\/\/construcaocivil.siriusmarketingedesign.com.br\/index.php?rest_route=%2Fwp%2Fv2%2Fcomments&post=214"}],"version-history":[{"count":0,"href":"https:\/\/construcaocivil.siriusmarketingedesign.com.br\/index.php?rest_route=\/wp\/v2\/posts\/214\/revisions"}],"wp:attachment":[{"href":"https:\/\/construcaocivil.siriusmarketingedesign.com.br\/index.php?rest_route=%2Fwp%2Fv2%2Fmedia&parent=214"}],"wp:term":[{"taxonomy":"category","embeddable":true,"href":"https:\/\/construcaocivil.siriusmarketingedesign.com.br\/index.php?rest_route=%2Fwp%2Fv2%2Fcategories&post=214"},{"taxonomy":"post_tag","embeddable":true,"href":"https:\/\/construcaocivil.siriusmarketingedesign.com.br\/index.php?rest_route=%2Fwp%2Fv2%2Ftags&post=214"}],"curies":[{"name":"wp","href":"https:\/\/api.w.org\/{rel}","templated":true}]}}