{"id":21417,"date":"2023-03-26T14:02:13","date_gmt":"2023-03-26T17:02:13","guid":{"rendered":"https:\/\/www.jornaldaconstrucaocivil.com.br\/?p=21417"},"modified":"2023-03-26T16:44:55","modified_gmt":"2023-03-26T19:44:55","slug":"energia-renovada-diversidade-marca-a-premiacao-do-33o-premio-shell-de-teatro","status":"publish","type":"post","link":"https:\/\/construcaocivil.siriusmarketingedesign.com.br\/?p=21417","title":{"rendered":"Energia renovada: Diversidade marca a premia\u00e7\u00e3o do 33\u00ba Pr\u00eamio Shell de teatro"},"content":{"rendered":"<p style=\"text-align: justify;\">O\u00a0<strong>Pr\u00eamio Shell de Teatro<\/strong>\u00a0anunciou os vencedores de sua\u00a0<strong>33\u00aa edi\u00e7\u00e3o<\/strong>\u00a0nesta ter\u00e7a (21\/03), no Teatro Riachuelo, no Rio de Janeiro, em uma verdadeira celebra\u00e7\u00e3o da diversidade, com a premia\u00e7\u00e3o de in\u00fameros artistas pretos e a primeira artista trans premiada na categoria melhor atriz, Ver\u00f3nica Valenttino, por \u201cBrenda Lee e o Pal\u00e1cio das Princesas\u201d. A noite foi marcada pela evoca\u00e7\u00e3o da ancestralidade em v\u00e1rios discursos, que enalteceram as sele\u00e7\u00f5es dos j\u00faris do Pr\u00eamio Shell de Teatro, que tiveram um olhar sens\u00edvel para contemplar a pluralidade dos artistas brasileiros e suas pot\u00eancias.<\/p>\n<p style=\"text-align: justify;\">A cerim\u00f4nia contou com a apresenta\u00e7\u00e3o das atrizes\u00a0<strong>Marisa Orth<\/strong>\u00a0e\u00a0<strong>Ver\u00f4nica Bonfim\u00a0<\/strong>e exaltou ainda a import\u00e2ncia vital do teatro e da iniciativa da Shell de seguir investindo em cultura<strong>.\u00a0<\/strong>Como disse uma das homenageadas da noite, Teuda Bara, \u201co teatro salva<strong>\u201d.\u00a0<\/strong>A premia\u00e7\u00e3o contemplou espet\u00e1culos que fizeram temporada no Rio de Janeiro e em S\u00e3o Paulo fora do per\u00edodo pand\u00eamico, entre 01 de janeiro\u00a0e 31 de mar\u00e7o de 2020 e 01 de abril a 31 de dezembro de 2022.<\/p>\n<figure id=\"attachment_21418\" aria-describedby=\"caption-attachment-21418\" style=\"width: 240px\" class=\"wp-caption aligncenter\"><img loading=\"lazy\" decoding=\"async\" class=\"size-medium wp-image-21418\" src=\"https:\/\/www.jornaldaconstrucaocivil.com.br\/wp-content\/uploads\/2023\/03\/337371140_1223359381887035_1027378307734761448_n-240x300.jpg\" alt=\"\" width=\"240\" height=\"300\" srcset=\"https:\/\/construcaocivil.siriusmarketingedesign.com.br\/wp-content\/uploads\/2023\/03\/337371140_1223359381887035_1027378307734761448_n-240x300.jpg 240w, https:\/\/construcaocivil.siriusmarketingedesign.com.br\/wp-content\/uploads\/2023\/03\/337371140_1223359381887035_1027378307734761448_n-819x1024.jpg 819w, https:\/\/construcaocivil.siriusmarketingedesign.com.br\/wp-content\/uploads\/2023\/03\/337371140_1223359381887035_1027378307734761448_n-768x960.jpg 768w, https:\/\/construcaocivil.siriusmarketingedesign.com.br\/wp-content\/uploads\/2023\/03\/337371140_1223359381887035_1027378307734761448_n.jpg 1080w\" sizes=\"auto, (max-width: 240px) 100vw, 240px\" \/><figcaption id=\"caption-attachment-21418\" class=\"wp-caption-text\">Cridemar Aquino por \u201cJo\u00e3osinho e La\u00edla: Ratos e Urubus, Larguem Minha Fantasia\u201d(esq.) e Clayton Nascimento por \u201cMacacos\u201d(dir.). Foto: Mundo Negro\/Redes Sociais<\/figcaption><\/figure>\n<p style=\"text-align: justify;\">Em uma noite equilibrada, o que refor\u00e7a a excel\u00eancia e pluralidade dos indicados, apenas \u201cC\u00e1rcere ou Porque as Mulheres Viram B\u00fafalos\u201d ganhou dois pr\u00eamios: dramaturgia e m\u00fasica, pelo j\u00fari S\u00e3o Paulo.<\/p>\n<p style=\"text-align: justify;\">Al\u00e9m do an\u00fancio dos vencedores, a cerim\u00f4nia homenageou duas das maiores atrizes brasileiras,\u00a0<strong>L\u00e9a Garcia<\/strong>\u00a0e\u00a0<strong>Teuda Bara,\u00a0<\/strong>aplaudidas de p\u00e9 pela plateia. Acompanhada pelo pianista Gilson Peranzzetta, Ala\u00edde Costa interpretou o cl\u00e1ssico \u2018Manh\u00e3 de Carnaval\u2019 (Luiz Bonf\u00e1 e Ant\u00f4nio Maria), para relembrar um dos mais importantes espet\u00e1culos da trajet\u00f3ria de L\u00e9a Garcia, \u2018Orfeu da Concei\u00e7\u00e3o\u2019, que teve estreia no Theatro Municipal do Rio de Janeiro, em 1956, e inspirou o filme \u2018Orfeu Negro\u2019, de 1959, vencedor da Palma de Ouro em Cannes. L\u00e9a Garcia participou dos dois trabalhos, firmando seu nome como um referencial de sua gera\u00e7\u00e3o.<\/p>\n<p style=\"text-align: justify;\">Como n\u00e3o poderia deixar de ser, a homenagem a Teuda Bara foi realizada pelo Grupo Galp\u00e3o, do qual a atriz \u00e9 uma das fundadoras. Celebrando 40 anos, o Grupo fez um pot pourri de n\u00fameros que marcaram a trajet\u00f3ria da Cia, que se confunde com a pr\u00f3pria hist\u00f3ria de Teuda Bara. Juntos, sa\u00edram de Minas Gerais e encenaram alguns dos maiores dramaturgos do mundo, firmando-se como uma das mais importantes companhias teatrais brasileiras.<\/p>\n<p style=\"text-align: justify;\">A abertura da noite contou com a participa\u00e7\u00e3o especial de outra importante companhia teatral brasileira, a Barca dos Cora\u00e7\u00f5es Partidos, que apresentou \u2018Ponteio\u2019, um n\u00famero do premiado espet\u00e1culo \u2018Suassuna \u2013 o auto do reino do sol\u2019.<\/p>\n<p style=\"text-align: justify;\">Em seguida, Glauco Paiva, gerente executivo de Comunica\u00e7\u00e3o e Responsabilidade Social da\u00a0<strong>Shell<\/strong>\u00a0Brasil, saudou o p\u00fablico presente e falou da emo\u00e7\u00e3o de dividir o palco com as atrizes Marisa Orth e Ver\u00f4nica Bonfim e saudou a pot\u00eancia das duas atrizes e de suas in\u00fameras personagens. \u201cChegamos \u00e0 33\u00aa edi\u00e7\u00e3o do Pr\u00eamio Shell de Teatro e estou muito feliz de verdade, porque pela primeira vez, em muito tempo, estamos trazendo o pr\u00eamio para\u00a0dentro do teatro, que \u00e9 onde ele deve estar. Quero agradecer a todos que fazem o teatro brasileiro acontecer. Tivemos essa pausa for\u00e7ada devido \u00e0 pandemia, mas o teatro resistiu. Teatro e o teatro brasileiro especialmente \u00e9 feito de resist\u00eancia. Resistir \u00e9 ser do teatro, \u00e9 ser de teatro. Longa vida ao teatro brasileiro e ao Pr\u00eamio Shell\u201d.<\/p>\n<p style=\"text-align: justify;\">O primeiro pr\u00eamio da noite foi Ilumina\u00e7\u00e3o, que teve como vencedores Alexandre O. Gomes, por \u201cA Jornada de um Her\u00f3i\u201d (J\u00fari RJ) e Cesar Pivetti, por \u201cBrilho Eterno\u201d (J\u00fari SP). Em seguida, foram anunciados os vencedores de cen\u00e1rio: Bira Nogueira, por \u201cMeu Reino por um Cavalo\u201d (J\u00fari SP) e Andr\u00e9 Curti e Artur Luanda Ribeiro, por \u201cEnquanto Voc\u00ea Voava, Eu Criava Ra\u00edzes\u201d (J\u00fari RJ); e figurino &#8211; Wanderley Gomes por \u201cVozes Negras: A For\u00e7a do Canto Feminino\u201d (J\u00fari RJ) e Jo\u00e3o Pimenta, por \u201cF.E.T.O (Estudos de Doroteia Nua Descendo a Escada)\u201d (J\u00fari SP). Ap\u00f3s o n\u00famero musical de Ala\u00edde Costa, foi a vez da nova categoria\u00a0<strong>Energia que vem da gente<\/strong>, slogan da Shell no Brasil, que premiar\u00e1 iniciativas com impacto social positivo. Esta nova categoria visa reconhecer a criatividade dos artistas e seu impacto positivo no seu entorno e na sociedade brasileira. E os vencedores foram: \u201cColetivo 302\u201d (J\u00fari SP) e \u201cCia de Myst\u00e9rios e Novidades\u201d (J\u00fari RJ).<\/p>\n<p style=\"text-align: justify;\">Na sequ\u00eancia, foram anunciados os ganhadores de M\u00fasica: Itamar Assiere, pela dire\u00e7\u00e3o musical de \u201cMorte e Vida Severina\u201d (J\u00fari RJ) e Alisson Amador, Amanda Ab\u00e1, Denise Oliveira e Jennifer Cardoso, pela execu\u00e7\u00e3o musical em \u201cC\u00e1rcere ou Porque as Mulheres Viram B\u00fafalos\u201d (J\u00fari SP). Em dramaturgia, os vencedores foram Dione Carlos, por \u201cC\u00e1rcere ou Porque as Mulheres Viram B\u00fafalos\u201d (J\u00fari SP) e Marcio Abreu e Nadja Naira por \u201cSem Palavras\u201d (J\u00fari RJ).<\/p>\n<p style=\"text-align: justify;\">Ap\u00f3s o n\u00famero do Grupo Galp\u00e3o em homenagem a Teuda Bara, subiram ao palco os \u00faltimos vencedores da noite: ator &#8211; Cridemar Aquino por \u201cJo\u00e3osinho e La\u00edla: Ratos e Urubus, Larguem Minha Fantasia\u201d (J\u00fari RJ) e Clayton Nascimento por \u201cMacacos\u201d (J\u00fari SP); atriz &#8211; Ver\u00f3nica Valenttino por \u201cBrenda Lee e o Pal\u00e1cio das Princesas\u201d (J\u00fari SP) e Vera Holtz por \u201cFic\u00e7\u00f5es\u201d (J\u00fari RJ).<\/p>\n<p style=\"text-align: justify;\">Por fim, os melhores diretores foram Ruy Cortez e Marina Nogaeva Ten\u00f3rio, por \u201cA Semente da Rom\u00e3\u201d e \u201cAs Tr\u00eas Irm\u00e3s\u201d (J\u00fari SP) e Renata Tavares por \u201cNem Todo Filho Vinga\u201d (J\u00fari RJ).<\/p>\n<p style=\"text-align: justify;\">Em momento de grande emo\u00e7\u00e3o, L\u00e9a Garcia e Teuda Bara foram ovacionadas pela plateia presente ao Teatro Riachuelo.<\/p>\n<p style=\"text-align: justify;\">Ao final, todos os vencedores subiram ao palco e fizeram um registro desta noite hist\u00f3rica, ao lado das apresentadoras e das grandes homenageadas da 33\u00aa edi\u00e7\u00e3o do Pr\u00eamio Shell de Teatro.<\/p>\n<h3 style=\"text-align: justify;\"><strong>O j\u00fari da 33\u00aa edi\u00e7\u00e3o<\/strong><\/h3>\n<p style=\"text-align: justify;\">O\u00a0<strong>33\u00ba Pr\u00eamio Shell de Teatro<\/strong>\u00a0contou com algumas novidades e um regulamento especial por conta da pandemia, que impactou profundamente a cena teatral. Houve modifica\u00e7\u00f5es nos j\u00faris, que agora s\u00e3o compostos por\u00a0<strong>Leandro Santanna<\/strong>\u00a0(produtor cultural, gestor p\u00fablico e ator),\u00a0<strong>Ana Luisa Lima<\/strong>\u00a0(professora, produtora e gestora cultural),\u00a0<strong>Biza Vianna<\/strong>\u00a0(figurinista, diretora de arte e produtora cultural),\u00a0<strong>Patrick Pessoa<\/strong>\u00a0(dramaturgo e cr\u00edtico teatral) e\u00a0<strong>Paulo Mattos<\/strong>\u00a0(curador e produtor cultural), no Rio de Janeiro, e por\u00a0<strong>Evaristo Martins de Azevedo<\/strong>\u00a0(cr\u00edtico de arte),\u00a0<strong>Ferdinando Martins<\/strong>\u00a0(professor e cr\u00edtico de arte),\u00a0<strong>Luiz Amorim<\/strong>\u00a0(ator, diretor e gestor em produ\u00e7\u00e3o cultural),\u00a0<strong>Maria Luisa Barsanelli<\/strong>\u00a0(jornalista) e\u00a0<strong>Luh Maza<\/strong>\u00a0(dramaturga, diretora, roteirista e atriz) em S\u00e3o Paulo.<\/p>\n<h3 style=\"text-align: justify;\"><strong>Confira a lista dos vencedores da 33\u00aa edi\u00e7\u00e3o do Pr\u00eamio Shell de Teatro:<\/strong><\/h3>\n<p style=\"text-align: justify;\">DRAMATURGIA<\/p>\n<ul style=\"text-align: justify;\">\n<li>Marcio Abreu e Nadja Naira por \u201cSem Palavras<\/li>\n<\/ul>\n<p style=\"text-align: justify;\">DIRE\u00c7\u00c3O<\/p>\n<ul style=\"text-align: justify;\">\n<li>Renata Tavares por \u201cNem Todo Filho Vinga\u201d<\/li>\n<\/ul>\n<p style=\"text-align: justify;\">ATOR<\/p>\n<ul style=\"text-align: justify;\">\n<li>Cridemar Aquino por \u201cJo\u00e3osinho e La\u00edla: Ratos e Urubus, Larguem Minha Fantasia\u201d<\/li>\n<\/ul>\n<p style=\"text-align: justify;\">ATRIZ<\/p>\n<ul style=\"text-align: justify;\">\n<li>Vera Holtz por \u201cFic\u00e7\u00f5es\u201d<\/li>\n<\/ul>\n<p style=\"text-align: justify;\">CEN\u00c1RIO<\/p>\n<ul style=\"text-align: justify;\">\n<li>Andr\u00e9 Curti e Artur Luanda Ribeiro por \u201cEnquanto Voc\u00ea Voava, Eu Criava Ra\u00edzes\u201d<\/li>\n<\/ul>\n<p style=\"text-align: justify;\">FIGURINO<\/p>\n<ul style=\"text-align: justify;\">\n<li>Wanderley Gomes por \u201cVozes Negras: A For\u00e7a do Canto Feminino\u201d<\/li>\n<\/ul>\n<p style=\"text-align: justify;\">ILUMINA\u00c7\u00c3O<\/p>\n<ul style=\"text-align: justify;\">\n<li>Alexandre O. Gomes por \u201cA Jornada de um Her\u00f3i\u201d<\/li>\n<\/ul>\n<p style=\"text-align: justify;\">M\u00daSICA<\/p>\n<ul style=\"text-align: justify;\">\n<li>Itamar Assiere pela dire\u00e7\u00e3o musical de \u201cMorte e Vida Severina\u201dItamar Assiere pela dire\u00e7\u00e3o musical de \u201cMorte e Vida Severina\u201d<\/li>\n<\/ul>\n<p style=\"text-align: justify;\">ENERGIA QUE VEM DA GENTE<\/p>\n<ul style=\"text-align: justify;\">\n<li>\u201cCia de Myst\u00e9rios e Novidades\u201d, por fomentar h\u00e1 40 anos um teatro marcado pela diversidade e multiplicidade e, mais recentemente, por ter criado sua Escola Sem Paredes, um complexo de espet\u00e1culos, performances, cortejos, interven\u00e7\u00f5es urbanas, exposi\u00e7\u00f5es, aulas, semin\u00e1rios, oficinas e atividades socioculturais fundamentais para a ocupa\u00e7\u00e3o do territ\u00f3rio da zona portu\u00e1ria do Rio de Janeiro e para o enriquecimento do calend\u00e1rio cultural da cidade.<\/li>\n<\/ul>\n<h3 style=\"text-align: justify;\"><strong>SELE\u00c7\u00c3O J\u00daRI S\u00c3O PAULO<\/strong><\/h3>\n<p style=\"text-align: justify;\">DRAMATURGIA<\/p>\n<ul style=\"text-align: justify;\">\n<li>Dione Carlos por \u201cC\u00e1rcere ou Porque as Mulheres Viram B\u00fafalos\u201d<\/li>\n<\/ul>\n<p style=\"text-align: justify;\">DIRE\u00c7\u00c3O<\/p>\n<ul style=\"text-align: justify;\">\n<li>Ruy Cortez e Marina Nogaeva Ten\u00f3rio por \u201cA Semente da Rom\u00e3\u201d e \u201cAs Tr\u00eas Irm\u00e3s\u201d<\/li>\n<\/ul>\n<p style=\"text-align: justify;\">ATOR<\/p>\n<ul style=\"text-align: justify;\">\n<li>Clayton Nascimento por \u201cMacacos\u201d<\/li>\n<\/ul>\n<p style=\"text-align: justify;\">ATRIZ<\/p>\n<ul style=\"text-align: justify;\">\n<li>Ver\u00f3nica Valenttino por \u201cBrenda Lee e o Pal\u00e1cio das Princesas\u201d<\/li>\n<\/ul>\n<p style=\"text-align: justify;\">CEN\u00c1RIO<\/p>\n<ul style=\"text-align: justify;\">\n<li>Bira Nogueira por \u201cMeu Reino por um Cavalo\u201d<\/li>\n<\/ul>\n<p style=\"text-align: justify;\">FIGURINO<\/p>\n<ul style=\"text-align: justify;\">\n<li>Jo\u00e3o Pimenta por \u201cF.E.T.O (Estudos de Doroteia Nua Descendo a Escada)\u201d<\/li>\n<\/ul>\n<p style=\"text-align: justify;\">ILUMINA\u00c7\u00c3O<\/p>\n<ul style=\"text-align: justify;\">\n<li>Cesar Pivetti por \u201cBrilho Eterno\u201d<\/li>\n<\/ul>\n<p style=\"text-align: justify;\">M\u00daSICA<\/p>\n<ul style=\"text-align: justify;\">\n<li>Alisson Amador, Amanda Ab\u00e1, Denise Oliveira e Jennifer Cardoso pela execu\u00e7\u00e3o musical em \u201cC\u00e1rcere ou Porque as Mulheres Viram B\u00fafalos\u201d<\/li>\n<\/ul>\n<p style=\"text-align: justify;\">ENERGIA QUE VEM DA GENTE<\/p>\n<ul style=\"text-align: justify;\">\n<li>\u201cColetivo 302\u201d, pela valoriza\u00e7\u00e3o da ancestralidade em Cubat\u00e3o, na baixada santista, refletindo sobre a heran\u00e7a socioambiental da \u00e9poca em que era a cidade mais polu\u00edda do mundo, expressa de maneira contundente no espet\u00e1culo Vila Parisi.<\/li>\n<\/ul>\n<p style=\"text-align: justify;\">Fonte: Shell Brasil<\/p>\n","protected":false},"excerpt":{"rendered":"<p>O\u00a0Pr\u00eamio Shell de Teatro\u00a0anunciou os vencedores de sua\u00a033\u00aa edi\u00e7\u00e3o\u00a0nesta ter\u00e7a (21\/03), no Teatro Riachuelo, no Rio de Janeiro, em uma verdadeira celebra\u00e7\u00e3o da diversidade, com a premia\u00e7\u00e3o de in\u00fameros artistas pretos e a primeira artista trans premiada na categoria melhor atriz, Ver\u00f3nica Valenttino, por \u201cBrenda Lee e o Pal\u00e1cio das Princesas\u201d. A noite foi marcada [&hellip;]<\/p>\n","protected":false},"author":1,"featured_media":21424,"comment_status":"open","ping_status":"open","sticky":false,"template":"","format":"standard","meta":{"_uag_custom_page_level_css":"","footnotes":""},"categories":[27],"tags":[25181,25182,4305,25180,25183],"class_list":["post-21417","post","type-post","status-publish","format-standard","has-post-thumbnail","hentry","category-acontece","tag-33opremioshelldeteatro","tag-energiasustentaveis","tag-energia-limpa","tag-shell-brasil","tag-teatro-brasileiro"],"blocksy_meta":[],"spectra_blocks_featured_image_url":{"thumbnail":{"url":"https:\/\/construcaocivil.siriusmarketingedesign.com.br\/wp-content\/uploads\/2023\/03\/337255169_159921073636169_4206542046606587217_n-150x150.jpg","width":150,"height":150},"medium":{"url":"https:\/\/construcaocivil.siriusmarketingedesign.com.br\/wp-content\/uploads\/2023\/03\/337255169_159921073636169_4206542046606587217_n-300x300.jpg","width":300,"height":300},"medium_large":{"url":"https:\/\/construcaocivil.siriusmarketingedesign.com.br\/wp-content\/uploads\/2023\/03\/337255169_159921073636169_4206542046606587217_n-768x768.jpg","width":768,"height":768},"large":{"url":"https:\/\/construcaocivil.siriusmarketingedesign.com.br\/wp-content\/uploads\/2023\/03\/337255169_159921073636169_4206542046606587217_n-1024x1024.jpg","width":1024,"height":1024},"full":{"url":"https:\/\/construcaocivil.siriusmarketingedesign.com.br\/wp-content\/uploads\/2023\/03\/337255169_159921073636169_4206542046606587217_n.jpg","width":1440,"height":1440}},"spectra_blocks_author_info":{"display_name":"Jornal da Constru\u00e7\u00e3o Civil","avatar_url":"https:\/\/secure.gravatar.com\/avatar\/973c9774fd44ddaceb026973c4962faa70fc512bc4c9da68e8ebb40fecee6540?s=96&d=mm&r=g","author_link":"https:\/\/construcaocivil.siriusmarketingedesign.com.br\/?author=1","description":"Desde de 2013, levando muitas informa\u00e7\u00f5es, lan\u00e7amentos e produtos de qualidade para toda cadeia produtiva da constru\u00e7\u00e3o. O Futuro da constru\u00e7\u00e3o passa por aqui,"},"uagb_featured_image_src":{"full":["https:\/\/construcaocivil.siriusmarketingedesign.com.br\/wp-content\/uploads\/2023\/03\/337255169_159921073636169_4206542046606587217_n.jpg",1440,1440,false],"thumbnail":["https:\/\/construcaocivil.siriusmarketingedesign.com.br\/wp-content\/uploads\/2023\/03\/337255169_159921073636169_4206542046606587217_n-150x150.jpg",150,150,true],"medium":["https:\/\/construcaocivil.siriusmarketingedesign.com.br\/wp-content\/uploads\/2023\/03\/337255169_159921073636169_4206542046606587217_n-300x300.jpg",300,300,true],"medium_large":["https:\/\/construcaocivil.siriusmarketingedesign.com.br\/wp-content\/uploads\/2023\/03\/337255169_159921073636169_4206542046606587217_n-768x768.jpg",768,768,true],"large":["https:\/\/construcaocivil.siriusmarketingedesign.com.br\/wp-content\/uploads\/2023\/03\/337255169_159921073636169_4206542046606587217_n-1024x1024.jpg",1024,1024,true],"1536x1536":["https:\/\/construcaocivil.siriusmarketingedesign.com.br\/wp-content\/uploads\/2023\/03\/337255169_159921073636169_4206542046606587217_n.jpg",1440,1440,false],"2048x2048":["https:\/\/construcaocivil.siriusmarketingedesign.com.br\/wp-content\/uploads\/2023\/03\/337255169_159921073636169_4206542046606587217_n.jpg",1440,1440,false]},"uagb_author_info":{"display_name":"Jornal da Constru\u00e7\u00e3o Civil","author_link":"https:\/\/construcaocivil.siriusmarketingedesign.com.br\/?author=1"},"uagb_comment_info":0,"uagb_excerpt":"O\u00a0Pr\u00eamio Shell de Teatro\u00a0anunciou os vencedores de sua\u00a033\u00aa edi\u00e7\u00e3o\u00a0nesta ter\u00e7a (21\/03), no Teatro Riachuelo, no Rio de Janeiro, em uma verdadeira celebra\u00e7\u00e3o da diversidade, com a premia\u00e7\u00e3o de in\u00fameros artistas pretos e a primeira artista trans premiada na categoria melhor atriz, Ver\u00f3nica Valenttino, por \u201cBrenda Lee e o Pal\u00e1cio das Princesas\u201d. A noite foi marcada&hellip;","_links":{"self":[{"href":"https:\/\/construcaocivil.siriusmarketingedesign.com.br\/index.php?rest_route=\/wp\/v2\/posts\/21417","targetHints":{"allow":["GET"]}}],"collection":[{"href":"https:\/\/construcaocivil.siriusmarketingedesign.com.br\/index.php?rest_route=\/wp\/v2\/posts"}],"about":[{"href":"https:\/\/construcaocivil.siriusmarketingedesign.com.br\/index.php?rest_route=\/wp\/v2\/types\/post"}],"author":[{"embeddable":true,"href":"https:\/\/construcaocivil.siriusmarketingedesign.com.br\/index.php?rest_route=\/wp\/v2\/users\/1"}],"replies":[{"embeddable":true,"href":"https:\/\/construcaocivil.siriusmarketingedesign.com.br\/index.php?rest_route=%2Fwp%2Fv2%2Fcomments&post=21417"}],"version-history":[{"count":0,"href":"https:\/\/construcaocivil.siriusmarketingedesign.com.br\/index.php?rest_route=\/wp\/v2\/posts\/21417\/revisions"}],"wp:featuredmedia":[{"embeddable":true,"href":"https:\/\/construcaocivil.siriusmarketingedesign.com.br\/index.php?rest_route=\/wp\/v2\/media\/21424"}],"wp:attachment":[{"href":"https:\/\/construcaocivil.siriusmarketingedesign.com.br\/index.php?rest_route=%2Fwp%2Fv2%2Fmedia&parent=21417"}],"wp:term":[{"taxonomy":"category","embeddable":true,"href":"https:\/\/construcaocivil.siriusmarketingedesign.com.br\/index.php?rest_route=%2Fwp%2Fv2%2Fcategories&post=21417"},{"taxonomy":"post_tag","embeddable":true,"href":"https:\/\/construcaocivil.siriusmarketingedesign.com.br\/index.php?rest_route=%2Fwp%2Fv2%2Ftags&post=21417"}],"curies":[{"name":"wp","href":"https:\/\/api.w.org\/{rel}","templated":true}]}}