{"id":21438,"date":"2023-03-29T00:53:15","date_gmt":"2023-03-29T03:53:15","guid":{"rendered":"https:\/\/www.jornaldaconstrucaocivil.com.br\/?p=21438"},"modified":"2023-03-29T01:05:14","modified_gmt":"2023-03-29T04:05:14","slug":"juros-do-inferno-senado-federal-comeca-se-organizar-para-tirar-campos-neto-da-presidencia-do-banco-central","status":"publish","type":"post","link":"https:\/\/construcaocivil.siriusmarketingedesign.com.br\/?p=21438","title":{"rendered":"Juros do inferno: Senado Federal come\u00e7a se organizar para tirar Campos Neto da presid\u00eancia do Banco Central"},"content":{"rendered":"<p style=\"text-align: justify;\">Paralisado economicamente, o pa\u00eds sofre com a pol\u00edtica absurda de juros altos mantido pelo atual presidente do Banco Central, Roberto Campos Neto. Mesmo com a forte press\u00e3o exercida por diversas grupos pol\u00edticas, especialmente pelo presidente Lu\u00eds In\u00e1cio LULA da Silva, que j\u00e1 afirmou Campos Neto: &#8221; Sabota o desenvolvimento do pa\u00eds e da cria\u00e7\u00e3o de novos empregos&#8221;, o mandat\u00e1rio do Banco Central segue firme na sua tese de manter a taxa SELIC em 13,75%.<\/p>\n<p style=\"text-align: justify;\">Empres\u00e1rios do varejo, da constru\u00e7\u00e3o civil, do setor a\u00e9reo e da ind\u00fastria enxergam com muita preocupa\u00e7\u00e3o essa insist\u00eancia do BC em manter os juros altos. No atual momento os n\u00fameros da infla\u00e7\u00e3o est\u00e1 em 5,4%, bem abaixo da meta do Banco Central \u00e9, com esse dado, Campos Neto j\u00e1 poderia reduzir os juros do Brasil, que \u00e9 o segundo mais caro do mundo.<\/p>\n<p style=\"text-align: justify;\">O l\u00edder do governo na C\u00e2mara, deputado Jos\u00e9 Guimar\u00e3es (PT-CE), criticou os juros altos e disse que o Banco Central n\u00e3o cumpre o que determina a lei que garantiu autonomia ao \u00f3rg\u00e3o. Ele tamb\u00e9m fez cr\u00edticas diretas ao presidente do BC, Roberto Campos Neto, disse o parlamentar na <span style=\"text-transform: initial;\">Ag\u00eancia C\u00e2mara de Not\u00edcias.<\/span><\/p>\n<p style=\"text-align: justify;\">SENADO FEDERAL<\/p>\n<div id=\"textoMateria\" style=\"text-align: justify;\">\n<p><strong>Regra fiscal<\/strong><\/p>\n<p>O presidente do Senado disse a Lula que dar\u00e1 \u201ca \u00a0celeridade devida\u201d no que se refere ao novo arcabou\u00e7o fiscal, ou seja, ao conjunto de regras visando ao controle das contas p\u00fablicas, conforme ressaltou em nota distribu\u00edda \u00e0 imprensa ap\u00f3s o encontro.<\/p>\n<p>\u201cHouve o reconhecimento m\u00fatuo de que a taxa de juros no Brasil est\u00e1 muito alta e afirmei ao presidente a import\u00e2ncia de encontrarmos caminhos sustent\u00e1veis para a redu\u00e7\u00e3o da taxa o mais r\u00e1pido poss\u00edvel\u201d, informa a nota.<\/p>\n<p>A conversa entre Pacheco e Lula abordou tamb\u00e9m a regula\u00e7\u00e3o das redes sociais e de plataformas da internet, tema que ser\u00e1 discutido pelo Congresso e que precisar\u00e1 do apoio do governo.<\/p>\n<p>Ao final do encontro, Lula renovou o convite para que Pacheco integre a comitiva que ir\u00e1 \u00e0 China, diante de uma nova perspectiva de visita ao pa\u00eds asi\u00e1tico.<\/p>\n<p>Eis a \u00edntegra da nota divulgada pelo presidente do Senado:<\/p>\n<p>Comunicado \u00e0 Imprensa<\/p>\n<p>Com rela\u00e7\u00e3o ao encontro com o presidente da Rep\u00fablica, Luiz In\u00e1cio Lula da Silva, ocorrido nesta ter\u00e7a-feira (28), no Pal\u00e1cio da Alvorada, o presidente do Senado Federal, Rodrigo Pacheco, destaca:<\/p>\n<p><em>Reuni-me, nesta ter\u00e7a-feira, por mais de duas horas, com o presidente Lula. Na conversa, tratamos da tramita\u00e7\u00e3o das medidas provis\u00f3rias e disse ao presidente que estamos trabalhando no encaminhamento da busca de um consenso. Tamb\u00e9m ressaltei ao presidente Lula que daremos celeridade devida ao arcabou\u00e7o fiscal. Dentro disso, houve o reconhecimento m\u00fatuo de que a taxa de juros no Brasil est\u00e1 muito alta e afirmei ao presidente a import\u00e2ncia de encontrarmos caminhos sustent\u00e1veis para a redu\u00e7\u00e3o da taxa o mais r\u00e1pido poss\u00edvel. Outro ponto da conversa foi em rela\u00e7\u00e3o \u00e0 regula\u00e7\u00e3o das redes sociais e de plataformas da internet, tema que ser\u00e1 discutido pelo Congresso e que precisar\u00e1 do apoio do governo. Por fim, o presidente Lula renovou o convite para que eu integre a comitiva que ir\u00e1 \u00e0 China, diante de uma nova perspectiva da visita ao pa\u00eds asi\u00e1tico.<\/em><\/p>\n<p><em>Rodrigo Pacheco<\/em><\/p>\n<p><em>Presidente do Senado<\/em><\/p>\n<p class=\"text-muted\"><small>Ag\u00eancia Senado (Reprodu\u00e7\u00e3o autorizada mediante cita\u00e7\u00e3o da Ag\u00eancia Senado)<\/small><\/p>\n<\/div>\n<div id=\"boxRodapeMateria\" class=\"visible-sm visible-md visible-xs\" style=\"text-align: justify;\">\n<aside role=\"complementary\">\n<div class=\"saiba-mais\">\n<div class=\"painel painel-base painel-links\">\n<div class=\"painel-cabecalho\"><\/div>\n<\/div>\n<\/div>\n<\/aside>\n<\/div>\n<p style=\"text-align: justify;\">\n","protected":false},"excerpt":{"rendered":"<p>Paralisado economicamente, o pa\u00eds sofre com a pol\u00edtica absurda de juros altos mantido pelo atual presidente do Banco Central, Roberto Campos Neto. Mesmo com a forte press\u00e3o exercida por diversas grupos pol\u00edticas, especialmente pelo presidente Lu\u00eds In\u00e1cio LULA da Silva, que j\u00e1 afirmou Campos Neto: &#8221; Sabota o desenvolvimento do pa\u00eds e da cria\u00e7\u00e3o de [&hellip;]<\/p>\n","protected":false},"author":1,"featured_media":21439,"comment_status":"open","ping_status":"open","sticky":false,"template":"","format":"standard","meta":{"_uag_custom_page_level_css":"","footnotes":""},"categories":[33],"tags":[1248,3903,10867,25196],"class_list":["post-21438","post","type-post","status-publish","format-standard","has-post-thumbnail","hentry","category-mercado","tag-banco-central","tag-economia-travada","tag-senado-federal","tag-taxa-selic-desemprego"],"blocksy_meta":[],"spectra_blocks_featured_image_url":{"thumbnail":{"url":"https:\/\/construcaocivil.siriusmarketingedesign.com.br\/wp-content\/uploads\/2023\/03\/52778148779_24f30aa236_z-150x150.jpg","width":150,"height":150},"medium":{"url":"https:\/\/construcaocivil.siriusmarketingedesign.com.br\/wp-content\/uploads\/2023\/03\/52778148779_24f30aa236_z-300x200.jpg","width":300,"height":200},"medium_large":{"url":"https:\/\/construcaocivil.siriusmarketingedesign.com.br\/wp-content\/uploads\/2023\/03\/52778148779_24f30aa236_z.jpg","width":640,"height":427},"large":{"url":"https:\/\/construcaocivil.siriusmarketingedesign.com.br\/wp-content\/uploads\/2023\/03\/52778148779_24f30aa236_z.jpg","width":640,"height":427},"full":{"url":"https:\/\/construcaocivil.siriusmarketingedesign.com.br\/wp-content\/uploads\/2023\/03\/52778148779_24f30aa236_z.jpg","width":640,"height":427}},"spectra_blocks_author_info":{"display_name":"Jornal da Constru\u00e7\u00e3o Civil","avatar_url":"https:\/\/secure.gravatar.com\/avatar\/973c9774fd44ddaceb026973c4962faa70fc512bc4c9da68e8ebb40fecee6540?s=96&d=mm&r=g","author_link":"https:\/\/construcaocivil.siriusmarketingedesign.com.br\/?author=1","description":"Desde de 2013, levando muitas informa\u00e7\u00f5es, lan\u00e7amentos e produtos de qualidade para toda cadeia produtiva da constru\u00e7\u00e3o. O Futuro da constru\u00e7\u00e3o passa por aqui,"},"uagb_featured_image_src":{"full":["https:\/\/construcaocivil.siriusmarketingedesign.com.br\/wp-content\/uploads\/2023\/03\/52778148779_24f30aa236_z.jpg",640,427,false],"thumbnail":["https:\/\/construcaocivil.siriusmarketingedesign.com.br\/wp-content\/uploads\/2023\/03\/52778148779_24f30aa236_z-150x150.jpg",150,150,true],"medium":["https:\/\/construcaocivil.siriusmarketingedesign.com.br\/wp-content\/uploads\/2023\/03\/52778148779_24f30aa236_z-300x200.jpg",300,200,true],"medium_large":["https:\/\/construcaocivil.siriusmarketingedesign.com.br\/wp-content\/uploads\/2023\/03\/52778148779_24f30aa236_z.jpg",640,427,false],"large":["https:\/\/construcaocivil.siriusmarketingedesign.com.br\/wp-content\/uploads\/2023\/03\/52778148779_24f30aa236_z.jpg",640,427,false],"1536x1536":["https:\/\/construcaocivil.siriusmarketingedesign.com.br\/wp-content\/uploads\/2023\/03\/52778148779_24f30aa236_z.jpg",640,427,false],"2048x2048":["https:\/\/construcaocivil.siriusmarketingedesign.com.br\/wp-content\/uploads\/2023\/03\/52778148779_24f30aa236_z.jpg",640,427,false]},"uagb_author_info":{"display_name":"Jornal da Constru\u00e7\u00e3o Civil","author_link":"https:\/\/construcaocivil.siriusmarketingedesign.com.br\/?author=1"},"uagb_comment_info":0,"uagb_excerpt":"Paralisado economicamente, o pa\u00eds sofre com a pol\u00edtica absurda de juros altos mantido pelo atual presidente do Banco Central, Roberto Campos Neto. Mesmo com a forte press\u00e3o exercida por diversas grupos pol\u00edticas, especialmente pelo presidente Lu\u00eds In\u00e1cio LULA da Silva, que j\u00e1 afirmou Campos Neto: &#8221; Sabota o desenvolvimento do pa\u00eds e da cria\u00e7\u00e3o de&hellip;","_links":{"self":[{"href":"https:\/\/construcaocivil.siriusmarketingedesign.com.br\/index.php?rest_route=\/wp\/v2\/posts\/21438","targetHints":{"allow":["GET"]}}],"collection":[{"href":"https:\/\/construcaocivil.siriusmarketingedesign.com.br\/index.php?rest_route=\/wp\/v2\/posts"}],"about":[{"href":"https:\/\/construcaocivil.siriusmarketingedesign.com.br\/index.php?rest_route=\/wp\/v2\/types\/post"}],"author":[{"embeddable":true,"href":"https:\/\/construcaocivil.siriusmarketingedesign.com.br\/index.php?rest_route=\/wp\/v2\/users\/1"}],"replies":[{"embeddable":true,"href":"https:\/\/construcaocivil.siriusmarketingedesign.com.br\/index.php?rest_route=%2Fwp%2Fv2%2Fcomments&post=21438"}],"version-history":[{"count":0,"href":"https:\/\/construcaocivil.siriusmarketingedesign.com.br\/index.php?rest_route=\/wp\/v2\/posts\/21438\/revisions"}],"wp:featuredmedia":[{"embeddable":true,"href":"https:\/\/construcaocivil.siriusmarketingedesign.com.br\/index.php?rest_route=\/wp\/v2\/media\/21439"}],"wp:attachment":[{"href":"https:\/\/construcaocivil.siriusmarketingedesign.com.br\/index.php?rest_route=%2Fwp%2Fv2%2Fmedia&parent=21438"}],"wp:term":[{"taxonomy":"category","embeddable":true,"href":"https:\/\/construcaocivil.siriusmarketingedesign.com.br\/index.php?rest_route=%2Fwp%2Fv2%2Fcategories&post=21438"},{"taxonomy":"post_tag","embeddable":true,"href":"https:\/\/construcaocivil.siriusmarketingedesign.com.br\/index.php?rest_route=%2Fwp%2Fv2%2Ftags&post=21438"}],"curies":[{"name":"wp","href":"https:\/\/api.w.org\/{rel}","templated":true}]}}