{"id":21441,"date":"2023-03-29T11:17:34","date_gmt":"2023-03-29T14:17:34","guid":{"rendered":"https:\/\/www.jornaldaconstrucaocivil.com.br\/?p=21441"},"modified":"2023-03-29T11:17:34","modified_gmt":"2023-03-29T14:17:34","slug":"saude-do-trabalhador-alimentacao-saudavel-depende-das-escolhas-certas","status":"publish","type":"post","link":"https:\/\/construcaocivil.siriusmarketingedesign.com.br\/?p=21441","title":{"rendered":"Sa\u00fade do trabalhador: Alimenta\u00e7\u00e3o saud\u00e1vel depende das escolhas certas"},"content":{"rendered":"<p class=\"v1MsoNormal\" style=\"text-align: justify;\"><span style=\"color: #993300;\">Mar\u00e7o<\/span>, 2022 &#8211; Ter uma alimenta\u00e7\u00e3o saud\u00e1vel n\u00e3o \u00e9 dif\u00edcil, desde que se fa\u00e7am as escolhas corretas. Esta \u00e9 a mensagem de Renata Ferreira da Paz, nutricionista do <span style=\"color: #0000ff;\"><span class=\"v1MsoHyperlink\"><a style=\"color: #0000ff;\" href=\"https:\/\/www.seconci-sp.org.br\/\" target=\"_blank\" rel=\"noopener noreferrer\">Seconci-SP<\/a><\/span>\u00a0<\/span>(Servi\u00e7o Social da Constru\u00e7\u00e3o), por ocasi\u00e3o do Dia da Sa\u00fade e da Nutri\u00e7\u00e3o (31 de mar\u00e7o).<\/p>\n<p class=\"v1MsoNormal\" style=\"text-align: justify;\">Em rela\u00e7\u00e3o \u00e0 rotina alimentar do trabalhador da constru\u00e7\u00e3o, Renata comenta que \u00e9 costumeiro ele passar muitas horas em jejum e, ao se alimentar, faz uma grande refei\u00e7\u00e3o, podendo ter posteriormente problemas g\u00e1stricos. A dica \u00e9 fracionar as refei\u00e7\u00f5es, alimentando-se mais vezes ao dia, com menor quantidade de alimentos.<\/p>\n<p class=\"v1MsoNormal\" style=\"text-align: justify;\">Outra quest\u00e3o a ser enfrentada \u00e9 o consumo abusivo de \u00e1lcool. Al\u00e9m dos s\u00e9rios problemas de sa\u00fade, o \u00e1lcool \u00e9 cal\u00f3rico e, portanto, um gatilho para o ganho de peso. &#8220;Isto pode levar \u00e0 obesidade, uma doen\u00e7a grave que precisa ser tratada por uma equipe multidisciplinar, envolvendo endocrinologistas, psiquiatras, psic\u00f3logos, cardiologistas e nutricionistas. O Seconci-SP possui esta abordagem e conta com esses profissionais&#8221;, comenta Renata.<\/p>\n<p class=\"v1MsoNormal\" style=\"text-align: justify;\">\n<p class=\"v1MsoNormal\" style=\"text-align: justify;\">Para se mudar h\u00e1bitos e ter uma alimenta\u00e7\u00e3o saud\u00e1vel, \u00e9 preciso disciplina. &#8220;Quando bate aquela vontade de comer algum alimento muito cal\u00f3rico, \u00e9 preciso se perguntar: Este alimento \u00e9 necess\u00e1rio? Ou \u00e9 para suprir alguma quest\u00e3o emocional (tristeza, estresse, frustra\u00e7\u00f5es&#8230;)? O Seconci-SP tamb\u00e9m d\u00e1 todo o suporte para lidar com a sa\u00fade mental&#8221;.<\/p>\n<p class=\"v1MsoNormal\" style=\"text-align: justify;\">\n<p class=\"v1MsoNormal\" style=\"text-align: justify;\"><b>Principais recomenda\u00e7\u00f5es<\/b><\/p>\n<p class=\"v1MsoNormal\" style=\"text-align: justify;\">\n<p class=\"v1MsoNormal\" style=\"text-align: justify;\">Confira a seguir as dicas da nutricionista para uma alimenta\u00e7\u00e3o saud\u00e1vel.<\/p>\n<p class=\"v1MsoNormal\" style=\"text-align: justify;\">\n<p class=\"v1MsoListParagraphCxSpFirst\" style=\"text-align: justify;\">\u00b7\u00a0\u00a0\u00a0\u00a0\u00a0\u00a0\u00a0\u00a0\u00a0D\u00ea prioridade a verduras, legumes, frutas, arroz e feij\u00e3o, alimentos\u00a0<i>in natura<\/i>\u00a0e n\u00e3o industrializados. Prefira alimentos ricos em fibras como: p\u00e3o integral, arroz integral e massa integral.<\/p>\n<p class=\"v1MsoListParagraphCxSpMiddle\" style=\"text-align: justify;\">\u00b7\u00a0\u00a0\u00a0\u00a0\u00a0\u00a0\u00a0\u00a0\u00a0Quando alguns desses alimentos sobem de pre\u00e7o, escolha alimentos sazonais (da \u00e9poca) mais baratos, para obter uma alimenta\u00e7\u00e3o adequada com pre\u00e7os acess\u00edveis.<\/p>\n<p class=\"v1MsoListParagraphCxSpMiddle\" style=\"text-align: justify;\">\u00b7\u00a0\u00a0\u00a0\u00a0\u00a0\u00a0\u00a0\u00a0\u00a0Pergunte-se se voc\u00ea precisa mesmo de sandu\u00edches e refrigerantes, pois eles podem perfeitamente ser trocados por alimentos saud\u00e1veis e sucos naturais.<\/p>\n<p class=\"v1MsoListParagraphCxSpMiddle\" style=\"text-align: justify;\">\u00b7\u00a0\u00a0\u00a0\u00a0\u00a0\u00a0\u00a0\u00a0\u00a0Atente para a qualidade da prote\u00edna &#8220;mistura&#8221; nas principais refei\u00e7\u00f5es. Evite itens como lingui\u00e7a, mortadela, frituras e empanados, e substitua-os por ovos, frango ou peixes de forma grelhada, cozida ou assada.<\/p>\n<p class=\"v1MsoListParagraphCxSpMiddle\" style=\"text-align: justify;\">\u00b7\u00a0\u00a0\u00a0\u00a0\u00a0\u00a0\u00a0\u00a0\u00a0Ao cozinhar, use pouco \u00f3leo; evite temperos industrializados e prefira os naturais, como cheiro verde e cebola. Utilize pouco sal e n\u00e3o o acrescente ao alimento j\u00e1 cozido. Evite tamb\u00e9m molhos industrializados (maionese, shoyu, molho de pimenta) que t\u00eam grande quantidade de s\u00f3dio.<\/p>\n<p class=\"v1MsoListParagraphCxSpMiddle\" style=\"text-align: justify;\">\u00b7\u00a0\u00a0\u00a0\u00a0\u00a0\u00a0\u00a0\u00a0\u00a0Para enfrentar o excesso de peso, v\u00e1 mudando os h\u00e1bitos alimentares a cada dia e deixe para uma festa ou para o fim de semana algum item mais cal\u00f3rico.<\/p>\n<p class=\"v1MsoListParagraphCxSpMiddle\" style=\"text-align: justify;\">\u00b7\u00a0\u00a0\u00a0\u00a0\u00a0\u00a0\u00a0\u00a0\u00a0Cuidado com a\u00e7\u00facar e sal em bolachas recheadas e salgadinhos de pacote, que devem ser evitados.<\/p>\n<p class=\"v1MsoListParagraphCxSpMiddle\" style=\"text-align: justify;\">\u00b7\u00a0\u00a0\u00a0\u00a0\u00a0\u00a0\u00a0\u00a0\u00a0Tome mais \u00e1gua e pratique atividade f\u00edsica, mesmo que voc\u00ea fa\u00e7a trabalho bra\u00e7al.<\/p>\n<p class=\"v1MsoListParagraphCxSpMiddle\" style=\"text-align: justify;\">\u00b7\u00a0\u00a0\u00a0\u00a0\u00a0\u00a0\u00a0\u00a0\u00a0Quem faz as refei\u00e7\u00f5es grudado na TV ou no celular n\u00e3o presta a aten\u00e7\u00e3o necess\u00e1ria no que est\u00e1 consumindo e acaba comendo mais. Evite este h\u00e1bito!<\/p>\n<p class=\"v1MsoListParagraphCxSpMiddle\" style=\"text-align: justify;\">\u00b7\u00a0\u00a0\u00a0\u00a0\u00a0\u00a0\u00a0\u00a0\u00a0Sente-se junto \u00e0 mesa, mastigue bem antes de engolir, descanse os talheres no prato entre uma garfada e outra e n\u00e3o converse muito durante a refei\u00e7\u00e3o.<\/p>\n<p class=\"v1MsoListParagraphCxSpMiddle\" style=\"text-align: justify;\">\u00b7\u00a0\u00a0\u00a0\u00a0\u00a0\u00a0\u00a0\u00a0\u00a0Incentive desde cedo \u00e0s crian\u00e7as o consumo dos alimentos saud\u00e1veis,\u00a0e explique o porqu\u00ea de\u00a0alimentos industrializados e processados serem prejudiciais, deixando o seu consumo como exce\u00e7\u00e3o. As crian\u00e7as precisam ter rotina de sono e alimenta\u00e7\u00e3o. Estimule a pr\u00e1tica de atividade f\u00edsica, crian\u00e7as sedent\u00e1rias s\u00e3o mais suscet\u00edveis a ganho de peso e desenvolvimento de doen\u00e7as.<\/p>\n<p class=\"v1MsoListParagraphCxSpMiddle\" style=\"text-align: justify;\">\u00b7\u00a0\u00a0\u00a0\u00a0\u00a0\u00a0\u00a0\u00a0\u00a0N\u00e3o fa\u00e7a dietas sem acompanhamento do nutricionista em conjunto com o m\u00e9dico que ir\u00e1 avaliar se h\u00e1 alguma doen\u00e7a preexistente e recomendar o melhor para cada pessoa. Frequentemente se v\u00ea que,\u00a0ap\u00f3s a pessoa passar por uma &#8220;dieta da moda&#8221;, pode ocorrer o desenvolvimento de compuls\u00e3o alimentar e ela voltar a ganhar o peso perdido.<\/p>\n<p class=\"v1MsoListParagraphCxSpLast\" style=\"text-align: justify;\">\u00b7\u00a0\u00a0\u00a0\u00a0\u00a0\u00a0\u00a0\u00a0\u00a0Em vez de dieta, opte pela mudan\u00e7a de h\u00e1bitos alimentares, que perdurar\u00e3o a longo prazo.<\/p>\n","protected":false},"excerpt":{"rendered":"<p>Mar\u00e7o, 2022 &#8211; Ter uma alimenta\u00e7\u00e3o saud\u00e1vel n\u00e3o \u00e9 dif\u00edcil, desde que se fa\u00e7am as escolhas corretas. Esta \u00e9 a mensagem de Renata Ferreira da Paz, nutricionista do Seconci-SP\u00a0(Servi\u00e7o Social da Constru\u00e7\u00e3o), por ocasi\u00e3o do Dia da Sa\u00fade e da Nutri\u00e7\u00e3o (31 de mar\u00e7o). Em rela\u00e7\u00e3o \u00e0 rotina alimentar do trabalhador da constru\u00e7\u00e3o, Renata comenta [&hellip;]<\/p>\n","protected":false},"author":1,"featured_media":21443,"comment_status":"open","ping_status":"open","sticky":false,"template":"","format":"standard","meta":{"_uag_custom_page_level_css":"","footnotes":""},"categories":[37],"tags":[25198,24723,24847,25197,10734],"class_list":["post-21441","post","type-post","status-publish","format-standard","has-post-thumbnail","hentry","category-sustentabilidade","tag-alimentacaosaudavel","tag-construcaocivil","tag-saudedotrabalhador","tag-dia-da-saude-e-da-nutricao","tag-seconci-sp"],"blocksy_meta":[],"spectra_blocks_featured_image_url":{"thumbnail":{"url":"https:\/\/construcaocivil.siriusmarketingedesign.com.br\/wp-content\/uploads\/2023\/03\/IMG_20220321_180108_2-1-150x150.jpg","width":150,"height":150},"medium":{"url":"https:\/\/construcaocivil.siriusmarketingedesign.com.br\/wp-content\/uploads\/2023\/03\/IMG_20220321_180108_2-1-300x184.jpg","width":300,"height":184},"medium_large":{"url":"https:\/\/construcaocivil.siriusmarketingedesign.com.br\/wp-content\/uploads\/2023\/03\/IMG_20220321_180108_2-1-768x472.jpg","width":768,"height":472},"large":{"url":"https:\/\/construcaocivil.siriusmarketingedesign.com.br\/wp-content\/uploads\/2023\/03\/IMG_20220321_180108_2-1-1024x629.jpg","width":1024,"height":629},"full":{"url":"https:\/\/construcaocivil.siriusmarketingedesign.com.br\/wp-content\/uploads\/2023\/03\/IMG_20220321_180108_2-1-scaled.jpg","width":2560,"height":1572}},"spectra_blocks_author_info":{"display_name":"Jornal da Constru\u00e7\u00e3o Civil","avatar_url":"https:\/\/secure.gravatar.com\/avatar\/973c9774fd44ddaceb026973c4962faa70fc512bc4c9da68e8ebb40fecee6540?s=96&d=mm&r=g","author_link":"https:\/\/construcaocivil.siriusmarketingedesign.com.br\/?author=1","description":"Desde de 2013, levando muitas informa\u00e7\u00f5es, lan\u00e7amentos e produtos de qualidade para toda cadeia produtiva da constru\u00e7\u00e3o. O Futuro da constru\u00e7\u00e3o passa por aqui,"},"uagb_featured_image_src":{"full":["https:\/\/construcaocivil.siriusmarketingedesign.com.br\/wp-content\/uploads\/2023\/03\/IMG_20220321_180108_2-1-scaled.jpg",2560,1572,false],"thumbnail":["https:\/\/construcaocivil.siriusmarketingedesign.com.br\/wp-content\/uploads\/2023\/03\/IMG_20220321_180108_2-1-150x150.jpg",150,150,true],"medium":["https:\/\/construcaocivil.siriusmarketingedesign.com.br\/wp-content\/uploads\/2023\/03\/IMG_20220321_180108_2-1-300x184.jpg",300,184,true],"medium_large":["https:\/\/construcaocivil.siriusmarketingedesign.com.br\/wp-content\/uploads\/2023\/03\/IMG_20220321_180108_2-1-768x472.jpg",768,472,true],"large":["https:\/\/construcaocivil.siriusmarketingedesign.com.br\/wp-content\/uploads\/2023\/03\/IMG_20220321_180108_2-1-1024x629.jpg",1024,629,true],"1536x1536":["https:\/\/construcaocivil.siriusmarketingedesign.com.br\/wp-content\/uploads\/2023\/03\/IMG_20220321_180108_2-1-1536x943.jpg",1536,943,true],"2048x2048":["https:\/\/construcaocivil.siriusmarketingedesign.com.br\/wp-content\/uploads\/2023\/03\/IMG_20220321_180108_2-1-2048x1258.jpg",2048,1258,true]},"uagb_author_info":{"display_name":"Jornal da Constru\u00e7\u00e3o Civil","author_link":"https:\/\/construcaocivil.siriusmarketingedesign.com.br\/?author=1"},"uagb_comment_info":0,"uagb_excerpt":"Mar\u00e7o, 2022 &#8211; Ter uma alimenta\u00e7\u00e3o saud\u00e1vel n\u00e3o \u00e9 dif\u00edcil, desde que se fa\u00e7am as escolhas corretas. Esta \u00e9 a mensagem de Renata Ferreira da Paz, nutricionista do Seconci-SP\u00a0(Servi\u00e7o Social da Constru\u00e7\u00e3o), por ocasi\u00e3o do Dia da Sa\u00fade e da Nutri\u00e7\u00e3o (31 de mar\u00e7o). Em rela\u00e7\u00e3o \u00e0 rotina alimentar do trabalhador da constru\u00e7\u00e3o, Renata comenta&hellip;","_links":{"self":[{"href":"https:\/\/construcaocivil.siriusmarketingedesign.com.br\/index.php?rest_route=\/wp\/v2\/posts\/21441","targetHints":{"allow":["GET"]}}],"collection":[{"href":"https:\/\/construcaocivil.siriusmarketingedesign.com.br\/index.php?rest_route=\/wp\/v2\/posts"}],"about":[{"href":"https:\/\/construcaocivil.siriusmarketingedesign.com.br\/index.php?rest_route=\/wp\/v2\/types\/post"}],"author":[{"embeddable":true,"href":"https:\/\/construcaocivil.siriusmarketingedesign.com.br\/index.php?rest_route=\/wp\/v2\/users\/1"}],"replies":[{"embeddable":true,"href":"https:\/\/construcaocivil.siriusmarketingedesign.com.br\/index.php?rest_route=%2Fwp%2Fv2%2Fcomments&post=21441"}],"version-history":[{"count":0,"href":"https:\/\/construcaocivil.siriusmarketingedesign.com.br\/index.php?rest_route=\/wp\/v2\/posts\/21441\/revisions"}],"wp:featuredmedia":[{"embeddable":true,"href":"https:\/\/construcaocivil.siriusmarketingedesign.com.br\/index.php?rest_route=\/wp\/v2\/media\/21443"}],"wp:attachment":[{"href":"https:\/\/construcaocivil.siriusmarketingedesign.com.br\/index.php?rest_route=%2Fwp%2Fv2%2Fmedia&parent=21441"}],"wp:term":[{"taxonomy":"category","embeddable":true,"href":"https:\/\/construcaocivil.siriusmarketingedesign.com.br\/index.php?rest_route=%2Fwp%2Fv2%2Fcategories&post=21441"},{"taxonomy":"post_tag","embeddable":true,"href":"https:\/\/construcaocivil.siriusmarketingedesign.com.br\/index.php?rest_route=%2Fwp%2Fv2%2Ftags&post=21441"}],"curies":[{"name":"wp","href":"https:\/\/api.w.org\/{rel}","templated":true}]}}