{"id":21448,"date":"2023-03-30T10:46:15","date_gmt":"2023-03-30T13:46:15","guid":{"rendered":"https:\/\/www.jornaldaconstrucaocivil.com.br\/?p=21448"},"modified":"2023-03-30T10:46:15","modified_gmt":"2023-03-30T13:46:15","slug":"sergio-magalhaes-e-eleito-presidente-do-conselho-de-administracao-da-anfacer","status":"publish","type":"post","link":"https:\/\/construcaocivil.siriusmarketingedesign.com.br\/?p=21448","title":{"rendered":"S\u00e9rgio Magalh\u00e3es \u00e9 eleito presidente  do Conselho de Administra\u00e7\u00e3o da Anfacer"},"content":{"rendered":"<p style=\"text-align: justify;\">O empres\u00e1rio S\u00e9rgio Magalh\u00e3es foi eleito presidente do Conselho de Administra\u00e7\u00e3o da Associa\u00e7\u00e3o Nacional dos Fabricantes de Cer\u00e2mica para Revestimentos, Lou\u00e7as Sanit\u00e1rias e Cong\u00eaneres (Anfacer), para mandato de um ano. Ele \u00e9 presidente da Vidro Real, empresa fabricante de pastilhas de vidro, com forte atua\u00e7\u00e3o no setor, localizada na cidade de Mogi-Mirim, no interior do Estado de S\u00e3o Paulo.<\/p>\n<p style=\"text-align: justify;\">Magalh\u00e3es foi eleito, dia 15 de mar\u00e7o, em vota\u00e7\u00e3o realizada na Assembleia Geral Ordin\u00e1ria da entidade, que ocorreu durante a 21\u00aa edi\u00e7\u00e3o da Expo Revestir, maior evento de revestimentos e acabamentos da Am\u00e9rica Latina, promovido pela Anfacer. Ele\u00a0suceder\u00e1 Benjamin Ferreira Neto (Alfagr\u00eas), que segue como integrante do conselho na gest\u00e3o 2023\/2024. Ferreira Neto\u00a0deixa como legado, dentre outras marcas, o\u00a0\u00eaxito nas tratativas para\u00a0o uso do biometano na matriz energ\u00e9tica nacional do setor.\n<\/p>\n<p style=\"text-align: justify;\">Na ocasi\u00e3o, Magalh\u00e3es destacou o grande desafio para este ano. &#8220;O setor de revestimento cer\u00e2mico \u00e9 uma ind\u00fastria relevante no Brasil, que gera empregos. Somos o s\u00e9timo maior exportador mundial, com grandes possibilidades de expans\u00e3o&#8221;, destacou. Destacou a Expo Revestir como grande vitrine da ind\u00fastria de revestimentos, compar\u00e1vel com os maiores eventos internacionais do setor.\n<\/p>\n<p style=\"text-align: justify;\">Para 2023, o novo presidente do Conselho mostra-se otimista, considerando os desafios enfrentados no final de ano passado. &#8220;Vamos atuar para avan\u00e7armos na redu\u00e7\u00e3o de impostos e reforma tribut\u00e1ria, rumo a uma economia s\u00f3lida e segura&#8221;, finaliza.\n<\/p>\n<p style=\"text-align: justify;\">Integram o Conselho de Administra\u00e7\u00e3o 2023\/2024: Ana L\u00facia Bastos Mota (Cerbras), Benjamin Ferreira Neto (Alfagr\u00eas), Cesar Gomes Junior (Portobello), Christian Phillip Rumpf de Calasans Gail (Gail), Darks Cesar Cassotti (Biancogres), Eduardo Roncoroni Fior (Carmelo Fior), Edson Gaidzinski Junior (Eliane), Gilmar Menegon (Ceusa), Heitor Ribeiro de Almeida Neto (Almeida), Luiz Antonio Ortigosa (Delta), Rog\u00e9rio Longoni (Elizabeth), Raul Guimar\u00e3es Guaragna (Deca), Marconi Leonardo Pascoali (Angelgres), Maria Esther Paraluppi (Embramaco), Murilo Ghisoni Bortoluzzi (Itagres), Renato Antonio Casagrande (Casagrande), Sergio Paulo Pereira Magalh\u00e3es (Vidro Real), Sergio Mazza Britto Melfi (Roca), Sergio Wuaden (Incepa), Valmir Severino Carnevalli (Savane) e Vanderli Vit\u00f3rio Della Coletta (Villagres).<\/p>\n","protected":false},"excerpt":{"rendered":"<p>O empres\u00e1rio S\u00e9rgio Magalh\u00e3es foi eleito presidente do Conselho de Administra\u00e7\u00e3o da Associa\u00e7\u00e3o Nacional dos Fabricantes de Cer\u00e2mica para Revestimentos, Lou\u00e7as Sanit\u00e1rias e Cong\u00eaneres (Anfacer), para mandato de um ano. Ele \u00e9 presidente da Vidro Real, empresa fabricante de pastilhas de vidro, com forte atua\u00e7\u00e3o no setor, localizada na cidade de Mogi-Mirim, no interior do [&hellip;]<\/p>\n","protected":false},"author":1,"featured_media":21449,"comment_status":"open","ping_status":"open","sticky":false,"template":"","format":"standard","meta":{"_uag_custom_page_level_css":"","footnotes":""},"categories":[33],"tags":[24720,726,2826,8951,25200],"class_list":["post-21448","post","type-post","status-publish","format-standard","has-post-thumbnail","hentry","category-mercado","tag-exporevestir","tag-anfacer","tag-construcao-civil","tag-pisos-e-revestimentos","tag-revestimentos-e-loucas-sanitarias"],"blocksy_meta":[],"spectra_blocks_featured_image_url":{"thumbnail":{"url":"https:\/\/construcaocivil.siriusmarketingedesign.com.br\/wp-content\/uploads\/2023\/03\/handler-3-150x150.png","width":150,"height":150},"medium":{"url":"https:\/\/construcaocivil.siriusmarketingedesign.com.br\/wp-content\/uploads\/2023\/03\/handler-3-200x300.png","width":200,"height":300},"medium_large":{"url":"https:\/\/construcaocivil.siriusmarketingedesign.com.br\/wp-content\/uploads\/2023\/03\/handler-3.png","width":371,"height":557},"large":{"url":"https:\/\/construcaocivil.siriusmarketingedesign.com.br\/wp-content\/uploads\/2023\/03\/handler-3.png","width":371,"height":557},"full":{"url":"https:\/\/construcaocivil.siriusmarketingedesign.com.br\/wp-content\/uploads\/2023\/03\/handler-3.png","width":371,"height":557}},"spectra_blocks_author_info":{"display_name":"Jornal da Constru\u00e7\u00e3o Civil","avatar_url":"https:\/\/secure.gravatar.com\/avatar\/973c9774fd44ddaceb026973c4962faa70fc512bc4c9da68e8ebb40fecee6540?s=96&d=mm&r=g","author_link":"https:\/\/construcaocivil.siriusmarketingedesign.com.br\/?author=1","description":"Desde de 2013, levando muitas informa\u00e7\u00f5es, lan\u00e7amentos e produtos de qualidade para toda cadeia produtiva da constru\u00e7\u00e3o. O Futuro da constru\u00e7\u00e3o passa por aqui,"},"uagb_featured_image_src":{"full":["https:\/\/construcaocivil.siriusmarketingedesign.com.br\/wp-content\/uploads\/2023\/03\/handler-3.png",371,557,false],"thumbnail":["https:\/\/construcaocivil.siriusmarketingedesign.com.br\/wp-content\/uploads\/2023\/03\/handler-3-150x150.png",150,150,true],"medium":["https:\/\/construcaocivil.siriusmarketingedesign.com.br\/wp-content\/uploads\/2023\/03\/handler-3-200x300.png",200,300,true],"medium_large":["https:\/\/construcaocivil.siriusmarketingedesign.com.br\/wp-content\/uploads\/2023\/03\/handler-3.png",371,557,false],"large":["https:\/\/construcaocivil.siriusmarketingedesign.com.br\/wp-content\/uploads\/2023\/03\/handler-3.png",371,557,false],"1536x1536":["https:\/\/construcaocivil.siriusmarketingedesign.com.br\/wp-content\/uploads\/2023\/03\/handler-3.png",371,557,false],"2048x2048":["https:\/\/construcaocivil.siriusmarketingedesign.com.br\/wp-content\/uploads\/2023\/03\/handler-3.png",371,557,false]},"uagb_author_info":{"display_name":"Jornal da Constru\u00e7\u00e3o Civil","author_link":"https:\/\/construcaocivil.siriusmarketingedesign.com.br\/?author=1"},"uagb_comment_info":0,"uagb_excerpt":"O empres\u00e1rio S\u00e9rgio Magalh\u00e3es foi eleito presidente do Conselho de Administra\u00e7\u00e3o da Associa\u00e7\u00e3o Nacional dos Fabricantes de Cer\u00e2mica para Revestimentos, Lou\u00e7as Sanit\u00e1rias e Cong\u00eaneres (Anfacer), para mandato de um ano. Ele \u00e9 presidente da Vidro Real, empresa fabricante de pastilhas de vidro, com forte atua\u00e7\u00e3o no setor, localizada na cidade de Mogi-Mirim, no interior do&hellip;","_links":{"self":[{"href":"https:\/\/construcaocivil.siriusmarketingedesign.com.br\/index.php?rest_route=\/wp\/v2\/posts\/21448","targetHints":{"allow":["GET"]}}],"collection":[{"href":"https:\/\/construcaocivil.siriusmarketingedesign.com.br\/index.php?rest_route=\/wp\/v2\/posts"}],"about":[{"href":"https:\/\/construcaocivil.siriusmarketingedesign.com.br\/index.php?rest_route=\/wp\/v2\/types\/post"}],"author":[{"embeddable":true,"href":"https:\/\/construcaocivil.siriusmarketingedesign.com.br\/index.php?rest_route=\/wp\/v2\/users\/1"}],"replies":[{"embeddable":true,"href":"https:\/\/construcaocivil.siriusmarketingedesign.com.br\/index.php?rest_route=%2Fwp%2Fv2%2Fcomments&post=21448"}],"version-history":[{"count":0,"href":"https:\/\/construcaocivil.siriusmarketingedesign.com.br\/index.php?rest_route=\/wp\/v2\/posts\/21448\/revisions"}],"wp:featuredmedia":[{"embeddable":true,"href":"https:\/\/construcaocivil.siriusmarketingedesign.com.br\/index.php?rest_route=\/wp\/v2\/media\/21449"}],"wp:attachment":[{"href":"https:\/\/construcaocivil.siriusmarketingedesign.com.br\/index.php?rest_route=%2Fwp%2Fv2%2Fmedia&parent=21448"}],"wp:term":[{"taxonomy":"category","embeddable":true,"href":"https:\/\/construcaocivil.siriusmarketingedesign.com.br\/index.php?rest_route=%2Fwp%2Fv2%2Fcategories&post=21448"},{"taxonomy":"post_tag","embeddable":true,"href":"https:\/\/construcaocivil.siriusmarketingedesign.com.br\/index.php?rest_route=%2Fwp%2Fv2%2Ftags&post=21448"}],"curies":[{"name":"wp","href":"https:\/\/api.w.org\/{rel}","templated":true}]}}