{"id":21455,"date":"2023-04-02T10:56:05","date_gmt":"2023-04-02T13:56:05","guid":{"rendered":"https:\/\/www.jornaldaconstrucaocivil.com.br\/?p=21455"},"modified":"2023-04-02T10:56:05","modified_gmt":"2023-04-02T13:56:05","slug":"primeira-cartilha-da-america-latina-sobre-impermeabilizacao-e-saude-e-distribuida-em-condominios-residenciais-em-sao-paulo","status":"publish","type":"post","link":"https:\/\/construcaocivil.siriusmarketingedesign.com.br\/?p=21455","title":{"rendered":"Primeira cartilha da Am\u00e9rica Latina sobre impermeabiliza\u00e7\u00e3o e sa\u00fade \u00e9 distribu\u00edda em condom\u00ednios residenciais em S\u00e3o Paulo"},"content":{"rendered":"<p style=\"text-align: justify;\">A cartilha pioneira, no Brasil e Am\u00e9rica Latina, sobre a import\u00e2ncia da impermeabiliza\u00e7\u00e3o dos im\u00f3veis para o bem-estar das pessoas, elaborada pelo Movimento Constru\u00e7\u00e3o Saud\u00e1vel, evidencia a conex\u00e3o direta entre a sa\u00fade das casas e dos seus moradores e est\u00e1 dispon\u00edvel gratuitamente on-line, por meio do site:\u00a0<span style=\"color: #0000ff;\"><a style=\"color: #0000ff;\" href=\"https:\/\/construcaosaudavel.org\/\" target=\"_blank\" rel=\"noopener noreferrer\">https:\/\/construcaosaudavel.org\/<\/a>.<\/span><\/p>\n<p style=\"text-align: justify;\">O objetivo \u00e9 orientar a popula\u00e7\u00e3o, empresas e cidad\u00e3os sobre os problemas causados pelas patologias das edifica\u00e7\u00f5es \u00e0 sa\u00fade humana, em especial aqueles provocados por infiltra\u00e7\u00e3o, umidade, mofo e bolor, que contribuem para o agravamento das doen\u00e7as respirat\u00f3rias.<\/p>\n<p style=\"text-align: justify;\">A ideia central \u00e9\u00a0 espalhar nas redes de condom\u00ednios de todo o Brasil para que cada vez mais pessoas tenham acesso \u00e0 informa\u00e7\u00e3o. Os s\u00edndicos de condom\u00ednios com sistema de televis\u00e3o interno podem solicitar pelo e-mail<span style=\"color: #0000ff;\">\u00a0<a style=\"color: #0000ff;\" href=\"mailto:contato@constrcaosaudavel.org\" rel=\"noreferrer\">contato@constrcaosaudavel.org<\/a>\u00a0<\/span>o link da cartilha e fazer a divulga\u00e7\u00e3o. O condom\u00ednio Piazza Alberone, na Consola\u00e7\u00e3o, em S\u00e3o Paulo, j\u00e1 colocou em pr\u00e1tica: \u201cajudar a orientar os cond\u00f4minos sobre a falta de impermeabiliza\u00e7\u00e3o e a rela\u00e7\u00e3o com problemas respirat\u00f3rios \u00e9 essencial para a qualidade de vida no edif\u00edcio\u201d, afirma a s\u00edndica Marisa Polichuk.<\/p>\n<p style=\"text-align: justify;\">A publica\u00e7\u00e3o est\u00e1 alinhada com o 3\u00ba ODS (Objetivo de Desenvolvimento Sustent\u00e1vel) da ONU (Organiza\u00e7\u00e3o das Na\u00e7\u00f5es Unidas) para 2030: garantir uma vida saud\u00e1vel e promover o bem-estar para todas e todos, em todas as idades. A cartilha oferece uma vis\u00e3o geral sobre os principais problemas dos im\u00f3veis relacionados \u00e0 umidade e infiltra\u00e7\u00f5es, descrevendo alguns dos efeitos nocivos \u00e0 sa\u00fade associados \u00e0 exposi\u00e7\u00e3o ao mofo e ao bolor. \u201cO material auxilia no reconhecimento dessas patologias nos ambientes e explica a import\u00e2ncia da qualidade do ar em ambientes internos\u201d, conta Julio Barbosa, diretor executivo do Movimento Constru\u00e7\u00e3o Saud\u00e1vel.<\/p>\n<p style=\"text-align: justify;\">Al\u00e9m dos moradores e profissionais de condom\u00ednios, pessoas de todo o Brasil podem acessar a cartilha via celular, tablet ou computador. O material \u00e9 revisado de forma peri\u00f3dica a fim de oferecer informa\u00e7\u00f5es, dados e estudos recentes.<\/p>\n<p style=\"text-align: justify;\">A cartilha &#8220;Impermeabiliza\u00e7\u00e3o \u00e9 Sa\u00fade&#8221; \u00e9 uma cria\u00e7\u00e3o do Movimento Constru\u00e7\u00e3o Saud\u00e1vel, com o apoio do IBI (Instituto Brasileiro de Impermeabiliza\u00e7\u00e3o), Centro Universit\u00e1rio FAM, Doutor Fam, PNQAI (Plano Nacional de Qualidade do Ar Interno), Virada Sustent\u00e1vel e Abrava (Associa\u00e7\u00e3o Brasileira de Refrigera\u00e7\u00e3o, Ar-Condicionado, Ventila\u00e7\u00e3o e Aquecimento).<\/p>\n<p>Mais informa\u00e7\u00f5es acesse <span style=\"color: #0000ff;\">http:\/\/construcaosaudavel.org<\/span><\/p>\n","protected":false},"excerpt":{"rendered":"<p>A cartilha pioneira, no Brasil e Am\u00e9rica Latina, sobre a import\u00e2ncia da impermeabiliza\u00e7\u00e3o dos im\u00f3veis para o bem-estar das pessoas, elaborada pelo Movimento Constru\u00e7\u00e3o Saud\u00e1vel, evidencia a conex\u00e3o direta entre a sa\u00fade das casas e dos seus moradores e est\u00e1 dispon\u00edvel gratuitamente on-line, por meio do site:\u00a0https:\/\/construcaosaudavel.org\/. O objetivo \u00e9 orientar a popula\u00e7\u00e3o, empresas e [&hellip;]<\/p>\n","protected":false},"author":1,"featured_media":21456,"comment_status":"open","ping_status":"open","sticky":false,"template":"","format":"standard","meta":{"_uag_custom_page_level_css":"","footnotes":""},"categories":[27],"tags":[24755,24709,17840,24540],"class_list":["post-21455","post","type-post","status-publish","format-standard","has-post-thumbnail","hentry","category-acontece","tag-impermeabilizacaonaobra","tag-servicosdeobra","tag-ibi","tag-movimento-construcao-saudavel"],"blocksy_meta":[],"spectra_blocks_featured_image_url":{"thumbnail":{"url":"https:\/\/construcaocivil.siriusmarketingedesign.com.br\/wp-content\/uploads\/2023\/04\/Post-150x150.jpg","width":150,"height":150},"medium":{"url":"https:\/\/construcaocivil.siriusmarketingedesign.com.br\/wp-content\/uploads\/2023\/04\/Post-214x300.jpg","width":214,"height":300},"medium_large":{"url":"https:\/\/construcaocivil.siriusmarketingedesign.com.br\/wp-content\/uploads\/2023\/04\/Post.jpg","width":522,"height":732},"large":{"url":"https:\/\/construcaocivil.siriusmarketingedesign.com.br\/wp-content\/uploads\/2023\/04\/Post.jpg","width":522,"height":732},"full":{"url":"https:\/\/construcaocivil.siriusmarketingedesign.com.br\/wp-content\/uploads\/2023\/04\/Post.jpg","width":522,"height":732}},"spectra_blocks_author_info":{"display_name":"Jornal da Constru\u00e7\u00e3o Civil","avatar_url":"https:\/\/secure.gravatar.com\/avatar\/973c9774fd44ddaceb026973c4962faa70fc512bc4c9da68e8ebb40fecee6540?s=96&d=mm&r=g","author_link":"https:\/\/construcaocivil.siriusmarketingedesign.com.br\/?author=1","description":"Desde de 2013, levando muitas informa\u00e7\u00f5es, lan\u00e7amentos e produtos de qualidade para toda cadeia produtiva da constru\u00e7\u00e3o. O Futuro da constru\u00e7\u00e3o passa por aqui,"},"uagb_featured_image_src":{"full":["https:\/\/construcaocivil.siriusmarketingedesign.com.br\/wp-content\/uploads\/2023\/04\/Post.jpg",522,732,false],"thumbnail":["https:\/\/construcaocivil.siriusmarketingedesign.com.br\/wp-content\/uploads\/2023\/04\/Post-150x150.jpg",150,150,true],"medium":["https:\/\/construcaocivil.siriusmarketingedesign.com.br\/wp-content\/uploads\/2023\/04\/Post-214x300.jpg",214,300,true],"medium_large":["https:\/\/construcaocivil.siriusmarketingedesign.com.br\/wp-content\/uploads\/2023\/04\/Post.jpg",522,732,false],"large":["https:\/\/construcaocivil.siriusmarketingedesign.com.br\/wp-content\/uploads\/2023\/04\/Post.jpg",522,732,false],"1536x1536":["https:\/\/construcaocivil.siriusmarketingedesign.com.br\/wp-content\/uploads\/2023\/04\/Post.jpg",522,732,false],"2048x2048":["https:\/\/construcaocivil.siriusmarketingedesign.com.br\/wp-content\/uploads\/2023\/04\/Post.jpg",522,732,false]},"uagb_author_info":{"display_name":"Jornal da Constru\u00e7\u00e3o Civil","author_link":"https:\/\/construcaocivil.siriusmarketingedesign.com.br\/?author=1"},"uagb_comment_info":0,"uagb_excerpt":"A cartilha pioneira, no Brasil e Am\u00e9rica Latina, sobre a import\u00e2ncia da impermeabiliza\u00e7\u00e3o dos im\u00f3veis para o bem-estar das pessoas, elaborada pelo Movimento Constru\u00e7\u00e3o Saud\u00e1vel, evidencia a conex\u00e3o direta entre a sa\u00fade das casas e dos seus moradores e est\u00e1 dispon\u00edvel gratuitamente on-line, por meio do site:\u00a0https:\/\/construcaosaudavel.org\/. O objetivo \u00e9 orientar a popula\u00e7\u00e3o, empresas e&hellip;","_links":{"self":[{"href":"https:\/\/construcaocivil.siriusmarketingedesign.com.br\/index.php?rest_route=\/wp\/v2\/posts\/21455","targetHints":{"allow":["GET"]}}],"collection":[{"href":"https:\/\/construcaocivil.siriusmarketingedesign.com.br\/index.php?rest_route=\/wp\/v2\/posts"}],"about":[{"href":"https:\/\/construcaocivil.siriusmarketingedesign.com.br\/index.php?rest_route=\/wp\/v2\/types\/post"}],"author":[{"embeddable":true,"href":"https:\/\/construcaocivil.siriusmarketingedesign.com.br\/index.php?rest_route=\/wp\/v2\/users\/1"}],"replies":[{"embeddable":true,"href":"https:\/\/construcaocivil.siriusmarketingedesign.com.br\/index.php?rest_route=%2Fwp%2Fv2%2Fcomments&post=21455"}],"version-history":[{"count":0,"href":"https:\/\/construcaocivil.siriusmarketingedesign.com.br\/index.php?rest_route=\/wp\/v2\/posts\/21455\/revisions"}],"wp:featuredmedia":[{"embeddable":true,"href":"https:\/\/construcaocivil.siriusmarketingedesign.com.br\/index.php?rest_route=\/wp\/v2\/media\/21456"}],"wp:attachment":[{"href":"https:\/\/construcaocivil.siriusmarketingedesign.com.br\/index.php?rest_route=%2Fwp%2Fv2%2Fmedia&parent=21455"}],"wp:term":[{"taxonomy":"category","embeddable":true,"href":"https:\/\/construcaocivil.siriusmarketingedesign.com.br\/index.php?rest_route=%2Fwp%2Fv2%2Fcategories&post=21455"},{"taxonomy":"post_tag","embeddable":true,"href":"https:\/\/construcaocivil.siriusmarketingedesign.com.br\/index.php?rest_route=%2Fwp%2Fv2%2Ftags&post=21455"}],"curies":[{"name":"wp","href":"https:\/\/api.w.org\/{rel}","templated":true}]}}